{"id":272926,"date":"2025-12-05T18:04:09","date_gmt":"2025-12-05T18:04:09","guid":{"rendered":"https:\/\/www.europesays.com\/es\/272926\/"},"modified":"2025-12-05T18:04:09","modified_gmt":"2025-12-05T18:04:09","slug":"muere-el-italiano-sandro-giacobbe-autor-de-el-jardin-prohibido-o-senora-mia-a-los-75-anos-cultura","status":"publish","type":"post","link":"https:\/\/www.europesays.com\/es\/272926\/","title":{"rendered":"Muere el italiano Sandro Giacobbe, autor de \u2018El jard\u00edn prohibido\u2019 o \u2018Se\u00f1ora m\u00eda\u2019, a los 75 a\u00f1os | Cultura"},"content":{"rendered":"<p class=\"\">El cantante italiano Sandro Giacobbe, autor de cl\u00e1sicos de los a\u00f1os setenta como Se\u00f1ora m\u00eda o <a href=\"https:\/\/elpais.com\/elpais\/2016\/08\/10\/estilo\/1470838887_352708.html\" target=\"_self\" rel=\"nofollow noopener\" title=\"https:\/\/elpais.com\/elpais\/2016\/08\/10\/estilo\/1470838887_352708.html\">El jard\u00edn prohibido,<\/a> ha fallecido a los 75 a\u00f1os en su casa de la localidad de Cogorno (norte de Italia), seg\u00fan han informado este viernes medios locales.<\/p>\n<p class=\"\">Giacobbe (G\u00e9nova, 1949), quien padec\u00eda un tumor desde hace diez a\u00f1os, obtuvo notoriedad en las d\u00e9cadas de los setenta y los ochenta con sus baladas rom\u00e1nticas, con las que logr\u00f3 trascender las fronteras italianas y llegar a otros pa\u00edses, principalmente a Espa\u00f1a. Entre su repertorio, el artista tradujo al espa\u00f1ol algunas de sus canciones m\u00e1s recordadas, como Se\u00f1ora m\u00eda, El jard\u00edn prohibido o Los ojos de tu madre y lleg\u00f3 a participar en 2003 en el Festival de Vi\u00f1a del Mar con E passa il tempo, quedando en segundo lugar. El pasado marzo hab\u00eda hablado de su enfermedad en el programa de televisi\u00f3n Domenica in, confesando que ya no pod\u00eda caminar ni ponerse en pie.<\/p>\n<p class=\"\">Desde su publicaci\u00f3n a mediados de los setenta, <a href=\"https:\/\/elpais.com\/elpais\/2016\/08\/10\/estilo\/1470838887_352708.html\" rel=\"nofollow noopener\" target=\"_blank\">El jard\u00edn prohibido<\/a> fue todo un \u00e9xito tanto en Espa\u00f1a como en Argentina o Chile. La canci\u00f3n narra una infidelidad en primera persona de una forma bastante peculiar. En las primeras estrofas, el protagonista, arrepentido, se sincera y le dice a su pareja que ha estado en brazos de su mejor amiga (\u201cEsta tarde vengo triste y tengo que decirte, \/ que tu mejor amiga ha estado entre mis brazos. \/ Sus ojos me llamaban pidiendo mis caricias, \/ su cuerpo me rogaba que le diera vida\u201d). A pesar de lo sucedido, \u00e9l le confiesa que durante el acto solo pensaba en ella y que no volver\u00e1 a suceder (\u201cNo lo volver\u00e9 a hacer m\u00e1s, no lo volver\u00e9 a hacer m\u00e1s. \/ Pues mi alma volaba a tu lado y mis ojos \/ dec\u00edan cansados que eras t\u00fa, que eres t\u00fa, \/ que siempre esa eras t\u00fa\u201d). No obstante, al llegar al estribillo, Giacobbe dice aquello de \u201clo siento mucho, la vida es as\u00ed, \/ no la he inventado yo\u201d, que suena a excusa exculpatoria, al tiempo que abre la puerta para futuras infidelidades porque, al fin y al cabo, \u201cla vida es as\u00ed\u201d.<\/p>\n<p class=\"\">Aunque sigui\u00f3 publicando discos con material nuevo, Giacobbe era consciente de que lo que su audiencia quer\u00eda era escuchar sus grandes \u00e9xitos entre los que, adem\u00e1s de El jard\u00edn prohibido, se encontraban <a href=\"https:\/\/www.youtube.com\/watch?v=k-J_rIJfLS0\" rel=\"nofollow noopener\" target=\"_blank\">Ni\u00f1a,<\/a> Se\u00f1ora m\u00eda o T\u00fa, mi cielo y mi alma. Por ello, sigui\u00f3 cantado estos cl\u00e1sicos all\u00ed donde le contrataban. En octubre de 2019 actu\u00f3 en el teatro EDP Gran V\u00eda de Madrid.<\/p>\n","protected":false},"excerpt":{"rendered":"El cantante italiano Sandro Giacobbe, autor de cl\u00e1sicos de los a\u00f1os setenta como Se\u00f1ora m\u00eda o El jard\u00edn&hellip;\n","protected":false},"author":2,"featured_media":272927,"comment_status":"","ping_status":"","sticky":false,"template":"","format":"standard","meta":{"footnotes":""},"categories":[91],"tags":[16273,218,209,20062,146,147,25,24,185,724,23],"class_list":{"0":"post-272926","1":"post","2":"type-post","3":"status-publish","4":"format-standard","5":"has-post-thumbnail","7":"category-entretenimiento","8":"tag-anos-70","9":"tag-canciones","10":"tag-cultura","11":"tag-discos-musica","12":"tag-entertainment","13":"tag-entretenimiento","14":"tag-es","15":"tag-espana","16":"tag-musica","17":"tag-obituarios","18":"tag-spain"},"share_on_mastodon":{"url":"https:\/\/pubeurope.com\/@es\/115668285272439305","error":""},"_links":{"self":[{"href":"https:\/\/www.europesays.com\/es\/wp-json\/wp\/v2\/posts\/272926","targetHints":{"allow":["GET"]}}],"collection":[{"href":"https:\/\/www.europesays.com\/es\/wp-json\/wp\/v2\/posts"}],"about":[{"href":"https:\/\/www.europesays.com\/es\/wp-json\/wp\/v2\/types\/post"}],"author":[{"embeddable":true,"href":"https:\/\/www.europesays.com\/es\/wp-json\/wp\/v2\/users\/2"}],"replies":[{"embeddable":true,"href":"https:\/\/www.europesays.com\/es\/wp-json\/wp\/v2\/comments?post=272926"}],"version-history":[{"count":0,"href":"https:\/\/www.europesays.com\/es\/wp-json\/wp\/v2\/posts\/272926\/revisions"}],"wp:featuredmedia":[{"embeddable":true,"href":"https:\/\/www.europesays.com\/es\/wp-json\/wp\/v2\/media\/272927"}],"wp:attachment":[{"href":"https:\/\/www.europesays.com\/es\/wp-json\/wp\/v2\/media?parent=272926"}],"wp:term":[{"taxonomy":"category","embeddable":true,"href":"https:\/\/www.europesays.com\/es\/wp-json\/wp\/v2\/categories?post=272926"},{"taxonomy":"post_tag","embeddable":true,"href":"https:\/\/www.europesays.com\/es\/wp-json\/wp\/v2\/tags?post=272926"}],"curies":[{"name":"wp","href":"https:\/\/api.w.org\/{rel}","templated":true}]}}