{"id":272936,"date":"2025-12-05T18:09:10","date_gmt":"2025-12-05T18:09:10","guid":{"rendered":"https:\/\/www.europesays.com\/es\/272936\/"},"modified":"2025-12-05T18:09:10","modified_gmt":"2025-12-05T18:09:10","slug":"la-consejeria-de-cultura-acerca-la-tradicion-de-las-zambombas-a-las-ocho-provincias-con-una-veintena-de-actuaciones-en-diciembre-noticias","status":"publish","type":"post","link":"https:\/\/www.europesays.com\/es\/272936\/","title":{"rendered":"La Consejer\u00eda de Cultura acerca la tradici\u00f3n de las zambombas a las ocho provincias con una veintena de actuaciones en diciembre &#8211; Noticias"},"content":{"rendered":"<p class=\"western\"><img decoding=\"async\" alt=\"Zambomba\" data-entity-type=\"file\" data-entity-uuid=\"f1875943-73b8-42ca-85b9-96096f540881\" src=\"https:\/\/www.europesays.com\/es\/wp-content\/uploads\/2025\/12\/AAIICC_IAF_Zambomba.jpeg\"\/><\/p>\n<p class=\"western\">Tradicional Zambomba navide\u00f1a.<\/p>\n<p class=\"western\">La Consejer\u00eda de Cultura y Deporte, a trav\u00e9s de la Agencia Andaluza de Instituciones Culturales, celebrar\u00e1n la navidad en las ocho provincias andaluzas con una veintena de Zambombas. En total, son 13 agrupaciones las que actuar\u00e1n en 20 eventos programados en esta nueva edici\u00f3n que, adem\u00e1s, conmemorar\u00e1 el d\u00e9cimo aniversario de la declaraci\u00f3n BIC de las zambombas de Jerez y Arcos de la Frontera. La cita se ha organizado en colaboraci\u00f3n con los ayuntamientos locales y el asesoramiento de las delegaciones provinciales de Cultura y Deporte.<\/p>\n<p class=\"western\">Este programa se enmarca en la conmemoraci\u00f3n del 15 aniversario de la declaraci\u00f3n del flamenco como Patrimonio Cultural Inmaterial de la Humanidad y la declaraci\u00f3n como Bien de Inter\u00e9s Cultural de la Zambombas de Arcos y Jerez de la Frontera. Es uno de los ejes de la programaci\u00f3n de Navidad de la Consejer\u00eda de Cultura y Deporte, que se desarrollar\u00e1 en plazas, auditorios y espacios patrimoniales de las ocho provincias andaluzas con la m\u00fasica popular y villancicos tradicionales. <\/p>\n<p class=\"western\">El p\u00fablico andaluz podr\u00e1 disfrutar de estas celebraciones populares de la Navidad en una veintena de localidades de las ocho provincias. En Almer\u00eda, las citas correr\u00e1n a cargo de los grupos tan emblem\u00e1ticos como \u2018Madro\u00f1os al Ni\u00f1o\u2019 en Berja y en Albox (Almer\u00eda), los d\u00edas 7 y 8. Hoy mismo tendr\u00e1 lugar la Zambomba BIC de Arcos de la Frontera, a cargo de los coros de la Asociaci\u00f3n de mujeres \u2018Beatriz Pacheco\u2019, \u2018Arco Matrera, de la Hermandad de San Antonio y de la Hermandad del Nazareno. Con un importante car\u00e1cter participativo, se pondr\u00e1 a disposici\u00f3n del p\u00fablico las letras de los villancicos. Se han programado tres citas, una hoy a las 19:00 horas en el Palacio del Mayorazgo; el d\u00eda 8, en la calle Gomeles y el 12 en la Plaza Marcelo del municipio arcense. Con estos tres eventos se celebra el d\u00e9cimo aniversario de la declaraci\u00f3n BIC de la zambomba arcenese.<\/p>\n<p class=\"western\">En Paterna de Rivera, la zambomba \u2018Puro C\u00e1diz\u2019, con Anabel Rivera, se presentar\u00e1 en la Plaza de la Constituci\u00f3n el d\u00eda 7, mientras que Jerez de la Frontera acoger\u00e1 la zambomba BIC el d\u00eda 13 en la plaza de la Asunci\u00f3n con los coros \u2018Habla de Jerez\u2019 y \u2018Jerez en Navidad\u2019. \u2018De Andaluc\u00eda a Bel\u00e9n\u2019 recorrer\u00e1 la provincia de C\u00f3rdoba, con una funci\u00f3n en Lucena el d\u00eda 8, en la Iglesia Madre de Dios, y otra el d\u00eda 14 en Palma del R\u00edo, en la Plaza Mayor de Andaluc\u00eda.<\/p>\n<p class=\"western\">El grupo \u2018Anda Jaleo\u2019 ofrecer\u00e1 un repertorio variado de villancicos populares flamencos en la zambomba de Og\u00edjares, en Granada, el d\u00eda 13 de diciembre en el Cortijo La Hoya. La provincia de Huelva contar\u00e1 con cuatro citas para celebrar la Navidad: ser\u00e1n en Encinasola, con la actuaci\u00f3n de la \u2018Zambomba El Pecas\u2019 el d\u00eda 7; en Cortegana y Villarrasa actuar\u00e1 Aires de Navidad en Huelva los d\u00edas 12 y 14 respectivamente y en Alosno, \u2018Sones de Navidad\u2019 har\u00e1 lo propio el d\u00eda 13 de diciembre. <\/p>\n<p class=\"western\">\u2018De Andaluc\u00eda a Bel\u00e9n\u2019 actuar\u00e1 tambi\u00e9n en Linares (Ja\u00e9n) el 14 de diciembre y ese mismo d\u00eda la zambomba \u2018Andaluc\u00eda canta la Navidad\u2019 se podr\u00e1 ver en la Plaza de la Constituci\u00f3n de Guarrom\u00e1n. En la provincia de M\u00e1laga, la zambomba de Roc\u00edo Alba y Amigos, \u2018Te canto mi Navidad\u2019 se presentar\u00e1 en la plaza de Espa\u00f1a de Benalm\u00e1dena el 12 y, el 20, el grupo de Encarni Navarro recordar\u00e1 a las tradiciones m\u00e1s puras en Antequera. <\/p>\n<p class=\"western\">Los pr\u00f3ximos d\u00edas, la provincia de Sevilla ser\u00e1 escenario de varias actuaciones con repertorio navide\u00f1o en espacios p\u00fablicos de distintos municipios. As\u00ed, entre el 7 y el 14 de diciembre se suceder\u00e1n distintas citas con algunos de los grupos m\u00e1s representativos del g\u00e9nero. El pr\u00f3ximo domingo, 7 de diciembre, la zambomba \u2018Pascua Flamenca\u2019 actuar\u00e1 en la Plaza Mayor de El Priorato de Lora del R\u00edo mientras que \u2018De ayer y hoy. Zambomba flamenca\u2019 har\u00e1 lo propio en la Plaza de Espa\u00f1a de Guadalcanal al d\u00eda siguiente. Este grupo estar\u00e1 tambi\u00e9n en la Plaza Nueva de la Puebla de Cazalla el 14. \u2018Triana por Pascua\u2019 protagonizar\u00e1 la zambomba en el Museo de Artes y Costumbres Populares de Sevilla el d\u00eda 11 y, el 13, \u2018Aires de Huelva en Navidad\u2019 actuar\u00e1 en la Plaza Duque de Alcal\u00e1 de Los Molares. El programa en la provincia sevillana dio comienzo el pasado domingo en El Cuervo.<\/p>\n<p class=\"western\">A esta programaci\u00f3n navide\u00f1a se suman dos recitales flamencos a cargo de Aurora Vargas, en La Palma del Condado el d\u00eda 5, y Tomatito, en el Centro de Interpretaci\u00f3n Paco de Luc\u00eda de Algeciras (C\u00e1diz), el 20 de diciembre.<\/p>\n<p class=\"western\"><strong>Programaci\u00f3n especial de Navidad<\/strong><\/p>\n<p class=\"western\">Adem\u00e1s de las zambombas y recitales flamencos, la Consejer\u00eda de Cultura y Deporte ha programado m\u00e1s de 200 actividades para la Navidad en museos y conjuntos culturales, bibliotecas, archivos, teatros, auditorios y espacios p\u00fablicos de las ocho provincias andaluzas que abarcan desde la m\u00fasica y el patrimonio a la creaci\u00f3n contempor\u00e1nea. Las propuestas, que comienzan el 5 de diciembre y se prolongan hasta el 11 de enero, est\u00e1n especialmente dirigidas a las familias y al p\u00fablico infantil. <\/p>\n<p class=\"western\">Una de las principales novedades de la programaci\u00f3n es el ciclo \u2018M\u00fasica en Adviento\u2019, que presenta una veintena de conciertos sinf\u00f3nicos en iglesias y espacios patrimoniales de toda Andaluc\u00eda a cargo de formaciones como la Orquesta Barroca de Sevilla, la Orquesta Ciudad de Almer\u00eda, Orquesta Cl\u00e1sica de Huelva, Concerto M\u00e1laga, Artefactum J\u00e1caras del Z\u00e9firo y Ensemble Alberti, adem\u00e1s de la Orquesta Joven de Andaluc\u00eda y el Joven Coro de Andaluc\u00eda, entre otras. La oferta musical la completa el nuevo ciclo \u2018\u00d3rganos de Andaluc\u00eda. M\u00fasica y Patrimonio\u2019, que ofrece conciertos de int\u00e9rpretes de reconocido prestigio en templos hist\u00f3ricos de C\u00f3rdoba, C\u00e1diz y Granada.<\/p>\n<p class=\"western\">Y, como es tradicional, los teatros C\u00e1novas y Alhambra ofrecer\u00e1n espect\u00e1culos familiares en estas fechas en M\u00e1laga y Granada; mientras que en Sevilla tendr\u00e1 lugar el 18 de diciembre la tercera edici\u00f3n de Happening, que mostrar\u00e1 creaciones en el Estadio La Cartuja de los artistas residentes del programa del Instituto Andaluz de Artes Esc\u00e9nicas y la M\u00fasica, entre otras actuaciones.<\/p>\n<p class=\"western\">\u00a0<\/p>\n","protected":false},"excerpt":{"rendered":"Tradicional Zambomba navide\u00f1a. La Consejer\u00eda de Cultura y Deporte, a trav\u00e9s de la Agencia Andaluza de Instituciones Culturales,&hellip;\n","protected":false},"author":2,"featured_media":272937,"comment_status":"","ping_status":"","sticky":false,"template":"","format":"standard","meta":{"footnotes":""},"categories":[5],"tags":[17,18,25,24,13,14,11925,11,19,20,9,10,15,16,23,12,21,22],"class_list":{"0":"post-272936","1":"post","2":"type-post","3":"status-publish","4":"format-standard","5":"has-post-thumbnail","7":"category-titulares","8":"tag-breaking-news","9":"tag-breakingnews","10":"tag-es","11":"tag-espana","12":"tag-featured-news","13":"tag-featurednews","14":"tag-flamenco","15":"tag-headlines","16":"tag-latest-news","17":"tag-latestnews","18":"tag-news","19":"tag-noticias","20":"tag-noticias-destacadas","21":"tag-noticiasdestacadas","22":"tag-spain","23":"tag-titulares","24":"tag-ultimas-noticias","25":"tag-ultimasnoticias"},"share_on_mastodon":{"url":"https:\/\/pubeurope.com\/@es\/115668305223133430","error":""},"_links":{"self":[{"href":"https:\/\/www.europesays.com\/es\/wp-json\/wp\/v2\/posts\/272936","targetHints":{"allow":["GET"]}}],"collection":[{"href":"https:\/\/www.europesays.com\/es\/wp-json\/wp\/v2\/posts"}],"about":[{"href":"https:\/\/www.europesays.com\/es\/wp-json\/wp\/v2\/types\/post"}],"author":[{"embeddable":true,"href":"https:\/\/www.europesays.com\/es\/wp-json\/wp\/v2\/users\/2"}],"replies":[{"embeddable":true,"href":"https:\/\/www.europesays.com\/es\/wp-json\/wp\/v2\/comments?post=272936"}],"version-history":[{"count":0,"href":"https:\/\/www.europesays.com\/es\/wp-json\/wp\/v2\/posts\/272936\/revisions"}],"wp:featuredmedia":[{"embeddable":true,"href":"https:\/\/www.europesays.com\/es\/wp-json\/wp\/v2\/media\/272937"}],"wp:attachment":[{"href":"https:\/\/www.europesays.com\/es\/wp-json\/wp\/v2\/media?parent=272936"}],"wp:term":[{"taxonomy":"category","embeddable":true,"href":"https:\/\/www.europesays.com\/es\/wp-json\/wp\/v2\/categories?post=272936"},{"taxonomy":"post_tag","embeddable":true,"href":"https:\/\/www.europesays.com\/es\/wp-json\/wp\/v2\/tags?post=272936"}],"curies":[{"name":"wp","href":"https:\/\/api.w.org\/{rel}","templated":true}]}}