{"id":272942,"date":"2025-12-05T18:17:16","date_gmt":"2025-12-05T18:17:16","guid":{"rendered":"https:\/\/www.europesays.com\/es\/272942\/"},"modified":"2025-12-05T18:17:16","modified_gmt":"2025-12-05T18:17:16","slug":"un-reto-importante-para-gipuzkoa-basket","status":"publish","type":"post","link":"https:\/\/www.europesays.com\/es\/272942\/","title":{"rendered":"Un reto importante para Gipuzkoa Basket"},"content":{"rendered":"<p>Vuelve la liga despu\u00e9s del par\u00f3n por la disputa de partidos internacionales y lo hace con un visitante de post\u00edn en el Amenabar Arena. Inveready  &#8230; Gipuzkoa Basket recibe al Alicante, el que hoy es uno de los tres rivales m\u00e1s en forma de la liga con un balance positivo de cinco victorias consecutivas. Solo el imbatido Coru\u00f1a (8 de 8) y el Obradoiro, con siete triunfos seguidos, est\u00e1n m\u00e1s entonados en este momento. <\/p>\n<p class=\"v-p\">Para Gipuzkoa Basket supone volver a casa despu\u00e9s de espantar fantasmas con la victoria lograda en Fuenlabrada. Ganar fuera despu\u00e9s de tres derrotas supuso un soplo de aire fresco y la confirmaci\u00f3n de que el equipo tiene mimbres como para competir con garant\u00edas en la categor\u00eda.<\/p>\n<p class=\"v-p\">Hoy el examen es de \u00f3rdago. Si se echa mano de las estad\u00edsticas, el Alicante es un firme candidato al ascenso. \u00abSe ha ganado el derecho a serlo\u00bb, resumi\u00f3 ayer el entrenador Sergio Garc\u00eda. Es el equipo con mejor valoraci\u00f3n media (102,1), sustentado en su poder anotador:es el segundo de la liga que m\u00e1s puntos mete por partido (90,4), acreditando un 41,3% de acierto desde el triple (tambi\u00e9n es el segundo de la liga en este apartado tras el Zamora, con 42,2%) y es el mejor en el tiro libre con una efectividad de 82,4%. La fluidez que tiene en el juego, lo f\u00e1cil que mueve el bal\u00f3n para encontrar al tirador mejor posicionado, lo acreditan las 19 asistencias que suma en cada partido. Rub\u00e9n Perell\u00f3, un t\u00e9cnico con una dilatada experiencia en la categor\u00eda, salv\u00f3 al equipo de no bajar en la pasada temporada y ahora ha dado con la tecla. Ojo con el base Michael Torres, al escolta Walker y el p\u00edvot Larsen. <\/p>\n<p><a href=\"http:\/\/www.diariovasco.com\/deportes\/gipuzkoa-basket\/larsen-mini-jokic-completo-dominante-liga-20251205193522-nt.html#vtm_modulosEngag=mod-rel:deportes:noticia:1:cmp:1-not\" class=\"v-a-link\" aria-label=\"Imagen\" rel=\"nofollow noopener\" target=\"_blank\"><\/p>\n<p><img decoding=\"async\" loading=\"lazy\" src=\"https:\/\/www.europesays.com\/es\/wp-content\/uploads\/2025\/12\/208356398.jpg\" class=\"v-a-img\" width=\"258\" height=\"180\" alt=\"\" data-voc-vtm-id=\"in-text-traffic\"\/><\/p>\n<p><\/a><\/p>\n<p class=\"v-p\">Pero en el baloncesto no todo son n\u00fameros; hay otros intangibles que tambi\u00e9n ganan partidos y a ellos se agarra Inveready Gipuzkoa Basket. Su entrenador se ha quedado con una rotaci\u00f3n corta al haber salido en los \u00faltimos d\u00edas Lance Terry e Ignacio Rosa y no haberse firmado todav\u00eda el americano que aporte los puntos que han volado, pero prefiere ver la botella medio llena: \u00abEs un reto importante. Tendremos opciones si lo hacemos bien defensivamente y ofensivamente\u00bb. <\/p>\n<p class=\"v-p\">Aitor Zubizarreta es duda hasta \u00faltima hora por problemas f\u00edsicos. <\/p>\n","protected":false},"excerpt":{"rendered":"Vuelve la liga despu\u00e9s del par\u00f3n por la disputa de partidos internacionales y lo hace con un visitante&hellip;\n","protected":false},"author":2,"featured_media":272943,"comment_status":"","ping_status":"","sticky":false,"template":"","format":"standard","meta":{"footnotes":""},"categories":[269],"tags":[299,1918,298,168,25,24,6927,908,5575,23,167],"class_list":{"0":"post-272942","1":"post","2":"type-post","3":"status-publish","4":"format-standard","5":"has-post-thumbnail","7":"category-baloncesto","8":"tag-baloncesto","9":"tag-basket","10":"tag-basketball","11":"tag-deportes","12":"tag-es","13":"tag-espana","14":"tag-gipuzkoa","15":"tag-importante","16":"tag-reto","17":"tag-spain","18":"tag-sports"},"share_on_mastodon":{"url":"https:\/\/pubeurope.com\/@es\/115668337024547610","error":""},"_links":{"self":[{"href":"https:\/\/www.europesays.com\/es\/wp-json\/wp\/v2\/posts\/272942","targetHints":{"allow":["GET"]}}],"collection":[{"href":"https:\/\/www.europesays.com\/es\/wp-json\/wp\/v2\/posts"}],"about":[{"href":"https:\/\/www.europesays.com\/es\/wp-json\/wp\/v2\/types\/post"}],"author":[{"embeddable":true,"href":"https:\/\/www.europesays.com\/es\/wp-json\/wp\/v2\/users\/2"}],"replies":[{"embeddable":true,"href":"https:\/\/www.europesays.com\/es\/wp-json\/wp\/v2\/comments?post=272942"}],"version-history":[{"count":0,"href":"https:\/\/www.europesays.com\/es\/wp-json\/wp\/v2\/posts\/272942\/revisions"}],"wp:featuredmedia":[{"embeddable":true,"href":"https:\/\/www.europesays.com\/es\/wp-json\/wp\/v2\/media\/272943"}],"wp:attachment":[{"href":"https:\/\/www.europesays.com\/es\/wp-json\/wp\/v2\/media?parent=272942"}],"wp:term":[{"taxonomy":"category","embeddable":true,"href":"https:\/\/www.europesays.com\/es\/wp-json\/wp\/v2\/categories?post=272942"},{"taxonomy":"post_tag","embeddable":true,"href":"https:\/\/www.europesays.com\/es\/wp-json\/wp\/v2\/tags?post=272942"}],"curies":[{"name":"wp","href":"https:\/\/api.w.org\/{rel}","templated":true}]}}