{"id":272954,"date":"2025-12-05T18:24:11","date_gmt":"2025-12-05T18:24:11","guid":{"rendered":"https:\/\/www.europesays.com\/es\/272954\/"},"modified":"2025-12-05T18:24:11","modified_gmt":"2025-12-05T18:24:11","slug":"terror-descuidado-y-sin-gracia","status":"publish","type":"post","link":"https:\/\/www.europesays.com\/es\/272954\/","title":{"rendered":"terror descuidado y sin gracia"},"content":{"rendered":"<p>La secuela <strong>Five Nights at Freddy&#8217;s 2<\/strong> sigue la acci\u00f3n de la pel\u00edcula original, que recaud\u00f3 en 2022 casi 300 <strong>millones<\/strong> de d\u00f3lares sobre un exiguo presupuesto de unos 20, t\u00edpica maniobra de la productora de cine de terror <strong>Blumhouse<\/strong>, y que ha acaparado gran parte de los t\u00edtulos populares del g\u00e9nero en los \u00faltimos diez a\u00f1os o m\u00e1s.<\/p>\n<p>En el caso de Five Nights at Freddy&#8217;s, se trata de la adaptaci\u00f3n de un c\u00e9lebre <strong>videojuego<\/strong> cuyo nicho de aficionados ha resultado ser mucho m\u00e1s grande de lo que los analistas esperaban, propiciando una franquicia que ahora llega a una segunda entrega que, desgraciadamente, vuelve a manifestar todos los defectos y vicios de la productora: descuidada, melodram\u00e1tica, aburrida y escasamente divertida y sorprendente, <strong>Five Nights at Freddy&#8217;s 2<\/strong> casi parece un <strong>producto<\/strong> m\u00e1s de streaming que un largometraje destinado a una nutrida base de fans y espectadores casuales que simplemente quieren divertirse con una producci\u00f3n de terror sobrenatural juvenil al estilo Stranger Things.<\/p>\n<p>Ha transcurrido un a\u00f1o desde que fuimos testigo de la pesadilla sobrenatural en la <strong>pizzer\u00eda de Freddy Fazbear<\/strong>. La historia de lo que ocurri\u00f3 all\u00ed ha ido adquiriendo la talla de leyenda local, e incluso ha dado pie al primer \u00abFaszfest\u00bb. El exguarda de seguridad <strong>Mike<\/strong> (Josh Hutcherson) y la agente de polic\u00eda <strong>Vanessa<\/strong> (Elizabeth Lail) han ocultado la verdad a <strong>Abby<\/strong> (Piper Rubio), la hermana de 11 a\u00f1os de Mike, acerca del destino de sus amigos animatr\u00f3nicos.<\/p>\n<p>    Relacionado<\/p>\n<p>Pero cuando <strong>Abby<\/strong> decide reconectar con <strong>Freddy, Bonnie, Chica y Foxy<\/strong>, desatar\u00e1 una serie de acontecimientos aterradores que revelar\u00e1n oscuros secretos sobre el verdadero origen de Freddy&#8217;s, desencadenando un horror que llevaba d\u00e9cadas escondido y olvidado.<\/p>\n<p>Quiz\u00e1 una de las peores cosas de la <strong>pel\u00edcula<\/strong>, que gasta minutos de drama y exposici\u00f3n y resulta sumamente confusa en su narrativa, es todo lo que desaprovecha, incluyendo una buena idea y a los <strong>actores McKenna Grace y Wayne Knight<\/strong>, que aparecen en la <strong>pel\u00edcula<\/strong> para hacer\u2026 <strong>pr\u00e1cticamente<\/strong> nada.<\/p>\n<p>Te contamos m\u00e1s en la videocr\u00edtica del canal @LDCultura de <strong>Juanma Gonz\u00e1lez<\/strong> para <strong>Libertad Digital y esRadio<\/strong>. No olvides seguir el canal, dar \u00ablike\u00bb al v\u00eddeo y dejar tu comentario, <strong>adem\u00e1s<\/strong> de activar la campanita para que te informemos de pr\u00f3ximas actualizaciones.<\/p>\n","protected":false},"excerpt":{"rendered":"La secuela Five Nights at Freddy&#8217;s 2 sigue la acci\u00f3n de la pel\u00edcula original, que recaud\u00f3 en 2022&hellip;\n","protected":false},"author":2,"featured_media":272955,"comment_status":"","ping_status":"","sticky":false,"template":"","format":"standard","meta":{"footnotes":""},"categories":[169],"tags":[177,146,147,25,24,176,56736,175,23],"class_list":{"0":"post-272954","1":"post","2":"type-post","3":"status-publish","4":"format-standard","5":"has-post-thumbnail","7":"category-cine","8":"tag-cine","9":"tag-entertainment","10":"tag-entretenimiento","11":"tag-es","12":"tag-espana","13":"tag-film","14":"tag-five-nights-at-freddy","15":"tag-movies","16":"tag-spain"},"share_on_mastodon":{"url":"https:\/\/pubeurope.com\/@es\/115668363918108802","error":""},"_links":{"self":[{"href":"https:\/\/www.europesays.com\/es\/wp-json\/wp\/v2\/posts\/272954","targetHints":{"allow":["GET"]}}],"collection":[{"href":"https:\/\/www.europesays.com\/es\/wp-json\/wp\/v2\/posts"}],"about":[{"href":"https:\/\/www.europesays.com\/es\/wp-json\/wp\/v2\/types\/post"}],"author":[{"embeddable":true,"href":"https:\/\/www.europesays.com\/es\/wp-json\/wp\/v2\/users\/2"}],"replies":[{"embeddable":true,"href":"https:\/\/www.europesays.com\/es\/wp-json\/wp\/v2\/comments?post=272954"}],"version-history":[{"count":0,"href":"https:\/\/www.europesays.com\/es\/wp-json\/wp\/v2\/posts\/272954\/revisions"}],"wp:featuredmedia":[{"embeddable":true,"href":"https:\/\/www.europesays.com\/es\/wp-json\/wp\/v2\/media\/272955"}],"wp:attachment":[{"href":"https:\/\/www.europesays.com\/es\/wp-json\/wp\/v2\/media?parent=272954"}],"wp:term":[{"taxonomy":"category","embeddable":true,"href":"https:\/\/www.europesays.com\/es\/wp-json\/wp\/v2\/categories?post=272954"},{"taxonomy":"post_tag","embeddable":true,"href":"https:\/\/www.europesays.com\/es\/wp-json\/wp\/v2\/tags?post=272954"}],"curies":[{"name":"wp","href":"https:\/\/api.w.org\/{rel}","templated":true}]}}