{"id":272966,"date":"2025-12-05T18:30:14","date_gmt":"2025-12-05T18:30:14","guid":{"rendered":"https:\/\/www.europesays.com\/es\/272966\/"},"modified":"2025-12-05T18:30:14","modified_gmt":"2025-12-05T18:30:14","slug":"delegaciones-de-ucrania-y-eeuu-sostendran-otra-reunion-en-miami-este-viernes-2","status":"publish","type":"post","link":"https:\/\/www.europesays.com\/es\/272966\/","title":{"rendered":"Delegaciones de Ucrania y EEUU sostendr\u00e1n otra reuni\u00f3n en Miami este viernes"},"content":{"rendered":"<p>    <img src=\"https:\/\/www.europesays.com\/es\/wp-content\/uploads\/2025\/12\/2025-12-05T173A213A58Z-90591900.jpg\" width=\"1024\" height=\"710\" alt=\"\" loading=\"eager\" decoding=\"sync\" fetchpriority=\"high\"\/><\/p>\n<p>            afp_tickers        <\/p>\n<p>        Este contenido fue publicado en    <\/p>\n<p>        05 diciembre 2025 &#8211; 18:21\n<\/p>\n<p>Los negociadores ucranianos sostendr\u00e1n una nueva reuni\u00f3n este viernes en Miami, Florida, con los representantes del gobierno de Donald Trump para abordar el plan estadounidense sobre el fin de la guerra con Rusia, declar\u00f3 a la AFP un alto funcionario ucraniano.<\/p>\n<p>\u00abS\u00ed, hay prevista una nueva reuni\u00f3n hoy\u00bb, declar\u00f3 Oleksandr Bevz, asesor de la presidencia de Ucrania, quien tambi\u00e9n precis\u00f3 que el negociador jefe de Kiev, Rustem Umerov, se encuentra en Miami.<\/p>\n<p>Un responsable estadounidense, que pidi\u00f3 el anonimato, dijo el mi\u00e9rcoles que el emisario de Trump, Steve Witkoff, y el yerno del presidente estadounidense Jared Kushner iban a reunirse con Umerov el jueves en Florida.\u00a0<\/p>\n<p>El d\u00fao estadounidense se reuni\u00f3 el martes con el presidente ruso, Vladimir Putin, durante cinco horas en Mosc\u00fa.\u00a0Trump afirm\u00f3 que fue una \u00abmuy buena reuni\u00f3n\u00bb.\u00a0<\/p>\n<p>El magnate republicano tambi\u00e9n dijo que sus enviados tuvieron la sensaci\u00f3n de que el dirigente ruso quer\u00eda poner fin al conflicto, iniciado en 2022 con la invasi\u00f3n rusa de Ucrania.\u00a0<\/p>\n<p>\u00abSu impresi\u00f3n fue\u2026 que le gustar\u00eda que la guerra terminara\u00bb, indic\u00f3, pese a que la reuni\u00f3n en el Kremlin no desemboc\u00f3 en ning\u00fan avance concreto.<\/p>\n<p>Estados Unidos lleva semanas intentando que ambos bandos acepten un plan elaborado por Washington para acabar con las hostilidades. El primer borrador fue enmendado tras ser criticado por considerarse demasiado favorable a Rusia.<\/p>\n<p>La intensa actividad diplom\u00e1tica, con todo ello, no ha logrado frenar los combates en el terreno. Las tropas rusas reivindicaron este viernes la toma de otra localidad en el este de Ucrania, donde se concentran los enfrentamientos.<\/p>\n<p>\u2013 \u00abEl fin de la guerra\u00bb \u2013<\/p>\n<p>Mijailo Podoliak, un consejero de la presidencia ucraniana, apunt\u00f3 en X que aunque \u00abel proceso diplom\u00e1tico se est\u00e9 llevando a cabo actualmente entre bastidores, (\u2026) las posiciones est\u00e1n claras\u00bb.\u00a0<\/p>\n<p>\u00abUcrania quiere el fin de la guerra y est\u00e1 dispuesta a hablar\u00bb, se\u00f1al\u00f3.<\/p>\n<p>Desde que hace unas tres semanas Estados Unidos present\u00f3 un plan de paz, se han organizado varias sesiones para conversar con los ucranianos en Ginebra y en Florida con el objetivo de enmendar el texto seg\u00fan los deseos de Kiev.\u00a0<\/p>\n<p>No se han filtrado muchos detalles del plan enmendado pero, para Kiev, la primera versi\u00f3n era muy favorable a Rusia.\u00a0<\/p>\n<p>Tras la reuni\u00f3n en Mosc\u00fa, el Kremlin indic\u00f3 que hubo avances pero quedaba \u00abmucho trabajo\u00bb para solucionar el conflicto.<\/p>\n<p>El ej\u00e9rcito ruso, entretanto, continu\u00f3 este viernes avanzando en el frente y reivindic\u00f3 la toma de la localidad de Bezimenne, en la regi\u00f3n oriental de Donetsk.\u00a0<\/p>\n<p>La Fuerza A\u00e9rea de Ucrania, por su parte, report\u00f3 que Rusia envi\u00f3 137 drones a territorio ucraniano por la noche, y derrib\u00f3 a 80.<\/p>\n<p>En varias regiones sigue habiendo cortes de electricidad por los bombardeos rusos contra instalaciones energ\u00e9ticas de las \u00faltimas semanas, seg\u00fan el Ministerio de Energ\u00eda.<\/p>\n<p>bur-pop\/blb\/an-jvb-sag\/eg\u00a0<\/p>\n","protected":false},"excerpt":{"rendered":"afp_tickers Este contenido fue publicado en 05 diciembre 2025 &#8211; 18:21 Los negociadores ucranianos sostendr\u00e1n una nueva reuni\u00f3n&hellip;\n","protected":false},"author":2,"featured_media":272967,"comment_status":"","ping_status":"","sticky":false,"template":"","format":"standard","meta":{"footnotes":""},"categories":[42],"tags":[635,17,18,636,83,13,14,11,61,62,63,86,64,19,20,9,10,15,16,88,90,12,21,22,65,66,67],"class_list":{"0":"post-272966","1":"post","2":"type-post","3":"status-publish","4":"format-standard","5":"has-post-thumbnail","7":"category-internacional","8":"tag-armed-conflict","9":"tag-breaking-news","10":"tag-breakingnews","11":"tag-conflict","12":"tag-diplomacy","13":"tag-featured-news","14":"tag-featurednews","15":"tag-headlines","16":"tag-internacional","17":"tag-international","18":"tag-international-news","19":"tag-international-relations","20":"tag-internationalnews","21":"tag-latest-news","22":"tag-latestnews","23":"tag-news","24":"tag-noticias","25":"tag-noticias-destacadas","26":"tag-noticiasdestacadas","27":"tag-politics","28":"tag-ticker","29":"tag-titulares","30":"tag-ultimas-noticias","31":"tag-ultimasnoticias","32":"tag-world","33":"tag-world-news","34":"tag-worldnews"},"share_on_mastodon":{"url":"","error":""},"_links":{"self":[{"href":"https:\/\/www.europesays.com\/es\/wp-json\/wp\/v2\/posts\/272966","targetHints":{"allow":["GET"]}}],"collection":[{"href":"https:\/\/www.europesays.com\/es\/wp-json\/wp\/v2\/posts"}],"about":[{"href":"https:\/\/www.europesays.com\/es\/wp-json\/wp\/v2\/types\/post"}],"author":[{"embeddable":true,"href":"https:\/\/www.europesays.com\/es\/wp-json\/wp\/v2\/users\/2"}],"replies":[{"embeddable":true,"href":"https:\/\/www.europesays.com\/es\/wp-json\/wp\/v2\/comments?post=272966"}],"version-history":[{"count":0,"href":"https:\/\/www.europesays.com\/es\/wp-json\/wp\/v2\/posts\/272966\/revisions"}],"wp:featuredmedia":[{"embeddable":true,"href":"https:\/\/www.europesays.com\/es\/wp-json\/wp\/v2\/media\/272967"}],"wp:attachment":[{"href":"https:\/\/www.europesays.com\/es\/wp-json\/wp\/v2\/media?parent=272966"}],"wp:term":[{"taxonomy":"category","embeddable":true,"href":"https:\/\/www.europesays.com\/es\/wp-json\/wp\/v2\/categories?post=272966"},{"taxonomy":"post_tag","embeddable":true,"href":"https:\/\/www.europesays.com\/es\/wp-json\/wp\/v2\/tags?post=272966"}],"curies":[{"name":"wp","href":"https:\/\/api.w.org\/{rel}","templated":true}]}}