{"id":272982,"date":"2025-12-05T18:45:12","date_gmt":"2025-12-05T18:45:12","guid":{"rendered":"https:\/\/www.europesays.com\/es\/272982\/"},"modified":"2025-12-05T18:45:12","modified_gmt":"2025-12-05T18:45:12","slug":"yo-tambien-te-he-tenido-envidia","status":"publish","type":"post","link":"https:\/\/www.europesays.com\/es\/272982\/","title":{"rendered":"Yo tambi\u00e9n te he tenido envidia"},"content":{"rendered":"<p class=\"c-paragraph\"><b>Amaia y Aitana han vuelto juntas a la academia de OT.<\/b> Y su complicidad ha impedido parpadear a m\u00e1s de 100.000 personas que estaban atentas en el directo de Youtube. Tambi\u00e9n a los propios concursantes de esta edici\u00f3n, que las miraban con la boca abierta.\u00a0 Casi sin poder pronunciar palabra.<\/p>\n<p class=\"c-paragraph\">\u201c<b>Venir juntas me ha puesto nerviosa. Se le ocurri\u00f3 a Aitana, de repente, que me escribi\u00f3 la semana pasada<\/b>\u201d, explica <b><a href=\"https:\/\/www.20minutos.es\/lainformacion\/opinion\/los-motivos-por-los-que-amamos-ya-para-siempre-amaia-operacion-triunfo-5585508\/\" target=\"_blank\" rel=\"nofollow noopener\">Amaia<\/a><\/b> nada m\u00e1s empezar, mientras Aitana la mira con la curiosidad de la primera vez que las conocimos. Su espontaneidad propicia un estado de naturalidad que permite hablar de todo sin miedo a nada. Sin pavor al qu\u00e9 dir\u00e1n que oprime tanto la autenticidad de la tele de hoy.<\/p>\n<p class=\"c-paragraph\">\u201c<b>Deber\u00edamos hablar de la competitividad que se crea sin querer despu\u00e9s, cuando se sale de la academia<\/b>\u201d. Aitana introduce una reflexi\u00f3n. \u201cEl otro d\u00eda nos lo dijimos por primera vez: te he tenido envidia\u201d.\u00a0El mayor \u00e9xito de OT 2017 reaparece en la academia: <b>la capacidad de desmontar tab\u00faes con el di\u00e1logo<\/b>. \u201cYo tambi\u00e9n te he tenido envidia\u201d, contesta Amaia. \u00a0 <\/p>\n<p class=\"c-paragraph\">\u201c<b>T\u00fa eras la guay y yo era el producto<\/b>\u201d, reconoce que lo lleg\u00f3 a pensar Aitana. Ella, recuerda a los que le soltaban: \u201ct\u00fa no eres tan m\u00fasica\u201d a la vez que Amaia afirma que pens\u00f3 en que pod\u00eda sufrir \u201cla maldici\u00f3n del ganador\u201d. De esta manera, las dos aconsejan a los nuevos concursantes a<b> relativizar los comentarios t\u00f3xicos de las redes sociales<\/b> <b>que favorecen una competitividad entre artistas que envenena lo que toca.<\/b> Y de la que solo sacan beneficio los mercaderes del odio.<\/p>\n<p class=\"c-paragraph\">Ya lo hac\u00eda el viejo Hollywood cuando enfrentaba a las carism\u00e1sticas actrices\u00a0<b>Bette Davis y Joan Crawford<\/b>: la rivalidad las hac\u00eda m\u00e1s vulnerables y, como consecuencia, m\u00e1s manipulables. Perfecto para la industria. Terrible para ellas mismas, que solo eran unas compa\u00f1eras m\u00e1s complementarias de lo que las hicieron pensar.\u00a0Sin embargo, el cuchicheo se nutre de la discordia que, adem\u00e1s, muchos creen que promociona los contenidos audiovisuales.<\/p>\n<p class=\"c-paragraph\"><b>La sinceridad luminosa de Amaia y Aitana demuestra lo contrario: nos interesa mucho m\u00e1s la congregaci\u00f3n de la vida. <\/b>Ellas inspiran porque afrontan sus dudas, comparten sus emociones y dan recomendaciones m\u00e1s esenciales de lo que parece. Valorando la cotidianidad por encima de la productividad \u00e9pica: \u201ccuando salimos de la academia, disfrutamos tanto de los planes que hicimos por primera vez. Cuando nos tiramos en la piscina, cuando nos fuimos a comer las dos al McDonalds&#8230;\u201d.<\/p>\n<p class=\"c-paragraph\">En un mundo que atascado en lo grueso, Amaia y Aitana se van fijando en los matices de sus recuerdos: \u201cmira, es la misma tipograf\u00eda\u201d, celebran, al ver un librero con canciones. Tambi\u00e9n se arrancan a cantar con generosidad en el piano, <b>demostrando que se admiran mutuamente.<\/b> Amaia toca Superestrella sin partitura y sin nada. Y Aitana les dice que no pierdan ese golpe de frescura con el que <a href=\"https:\/\/www.20minutos.es\/lainformacion\/opinion\/los-motivos-por-los-que-amamos-ya-para-siempre-amaia-operacion-triunfo-5585508\/\" target=\"_blank\" rel=\"nofollow noopener\">Amaia ha desmontado las perfecciones de la industria<\/a>. Y as\u00ed se han reencontrado con la que fuera su casa. Incluso la propia Amaia reconociendo que se col\u00f3 un d\u00eda en el que grab\u00f3 un anuncio en el plat\u00f3 de al lado. Porque ella es embajadora de Tous.\u00a0Y se r\u00ede. Se rebaja. No se las da de nada. Sigue siendo una m\u00e1s. Aunque no sea una m\u00e1s.<\/p>\n<p class=\"c-paragraph\">Y, por supuesto, posan con todos los concursantes. Posan con la qu\u00edmica de la amistad que queda cuando te percatas de<b> qu\u00e9 es lo importante y qu\u00e9 es solo intensidad de calienta cabezas. <\/b>Antes de marchar, recuerdan a los chicos y chicas que quedan dentro que son incre\u00edbles, ilusionadas como si fueran unas fans m\u00e1s. Y se cierra la puerta. Y la academia vuelve a su rutina. Y, en vez de hablar de qu\u00e9 guay ha sido la visita y lo que han contado las dos invitadas estelares, <b>lo primero que se escucha es la preocupaci\u00f3n de haber salido mal en la foto con ellas<\/b>. Qu\u00e9 choque de energ\u00edas. Qu\u00e9 retrato de la sociedad criada con influencers donde el trofeo de la foto es m\u00e1s importante que la experiencia compartida. Como siempre transmitieron hacer\u00a0Amaia y Aitana en OT. Incluso mucho antes de aprender lo que era la fama y sus efectos colaterales. <b>Cuando jugaban m\u00e1s que aparentaban. Cuando en vez de querer posar id\u00edlicas pon\u00edan muecas al hacerse un selfie. \u00bfRecuerdan?<\/b><\/p>\n","protected":false},"excerpt":{"rendered":"Amaia y Aitana han vuelto juntas a la academia de OT. Y su complicidad ha impedido parpadear a&hellip;\n","protected":false},"author":2,"featured_media":272983,"comment_status":"","ping_status":"","sticky":false,"template":"","format":"standard","meta":{"footnotes":""},"categories":[171],"tags":[3519,19674,146,147,25,24,66858,3227,2074,23,214],"class_list":{"0":"post-272982","1":"post","2":"type-post","3":"status-publish","4":"format-standard","5":"has-post-thumbnail","7":"category-tv","8":"tag-aitana","9":"tag-amaia","10":"tag-entertainment","11":"tag-entretenimiento","12":"tag-es","13":"tag-espana","14":"tag-espontaneidad","15":"tag-permite","16":"tag-que","17":"tag-spain","18":"tag-tv"},"share_on_mastodon":{"url":"https:\/\/pubeurope.com\/@es\/115668446394888372","error":""},"_links":{"self":[{"href":"https:\/\/www.europesays.com\/es\/wp-json\/wp\/v2\/posts\/272982","targetHints":{"allow":["GET"]}}],"collection":[{"href":"https:\/\/www.europesays.com\/es\/wp-json\/wp\/v2\/posts"}],"about":[{"href":"https:\/\/www.europesays.com\/es\/wp-json\/wp\/v2\/types\/post"}],"author":[{"embeddable":true,"href":"https:\/\/www.europesays.com\/es\/wp-json\/wp\/v2\/users\/2"}],"replies":[{"embeddable":true,"href":"https:\/\/www.europesays.com\/es\/wp-json\/wp\/v2\/comments?post=272982"}],"version-history":[{"count":0,"href":"https:\/\/www.europesays.com\/es\/wp-json\/wp\/v2\/posts\/272982\/revisions"}],"wp:featuredmedia":[{"embeddable":true,"href":"https:\/\/www.europesays.com\/es\/wp-json\/wp\/v2\/media\/272983"}],"wp:attachment":[{"href":"https:\/\/www.europesays.com\/es\/wp-json\/wp\/v2\/media?parent=272982"}],"wp:term":[{"taxonomy":"category","embeddable":true,"href":"https:\/\/www.europesays.com\/es\/wp-json\/wp\/v2\/categories?post=272982"},{"taxonomy":"post_tag","embeddable":true,"href":"https:\/\/www.europesays.com\/es\/wp-json\/wp\/v2\/tags?post=272982"}],"curies":[{"name":"wp","href":"https:\/\/api.w.org\/{rel}","templated":true}]}}