{"id":273005,"date":"2025-12-05T19:02:17","date_gmt":"2025-12-05T19:02:17","guid":{"rendered":"https:\/\/www.europesays.com\/es\/273005\/"},"modified":"2025-12-05T19:02:17","modified_gmt":"2025-12-05T19:02:17","slug":"caen-dos-ciclistas-a-la-salida-del-tunel-dels-vidriers-tras-un-descuido-al-mirar-el-paisaje","status":"publish","type":"post","link":"https:\/\/www.europesays.com\/es\/273005\/","title":{"rendered":"Caen dos ciclistas a la salida del t\u00fanel dels Vidriers tras un descuido \u00abal mirar el paisaje\u00bb"},"content":{"rendered":"<p class=\"western\">Son muchos los ciclistas que tanto en invierno como en verano circulan por las carreteras de las Islas para entrenar o sencillamente disfrutar de sus paisajes; aunque no se debe apartar nunca la vista de la carretera. Eso es, precisamente, lo que le ha ocurrido a dos deportistas que durante la tarde de este viernes, se encontraban <strong>recorriendo la Ma-4040<\/strong>, v\u00eda que une los municipios de <a href=\"https:\/\/www.ultimahora.es\/etiqueta\/Son+Servera.html?utm_source=Inline-tag&amp;utm_medium=internal\" rel=\"nofollow noopener\" target=\"_blank\">Son Servera<\/a> a Capdepera.<\/p>\n<p class=\"western\">En un momento dado, poco antes del atardecer, que luc\u00eda especialmente bonito durante esas horas, uno de los ciclistas ha frenado ligeramente para admirarlo y su compa\u00f1ero, que circulaba detr\u00e1s, no ha advertido el cambio de velocidad, ya que seg\u00fan los testigos presentes tambi\u00e9n se encontraba <strong>\u00abmirando el paisaje\u00bb.<\/strong><\/p>\n<p class=\"western\"><strong><img loading=\"lazy\" decoding=\"async\" src=\"https:\/\/www.europesays.com\/es\/wp-content\/uploads\/2025\/12\/3583933.jpg\" border=\"0\" alt=\"\" width=\"1600\" height=\"1200\"\/><\/strong><\/p>\n<p class=\"western\">Ambos han ca\u00eddo al suelo tras la colisi\u00f3n por alcance; aunque afortunadamente, en un momento en el que no hab\u00eda excesivo tr\u00e1fico en la v\u00eda, de doble sentido. <strong>La <a href=\"https:\/\/www.ultimahora.es\/etiqueta\/ca%C3%ADda.html?utm_source=Inline-tag&amp;utm_medium=internal\" rel=\"nofollow noopener\" target=\"_blank\">ca\u00edda<\/a>, adem\u00e1s, se ha producido justo en la salida del Tunel dels Vidriers<\/strong>, en direcci\u00f3n a Son Servera; por lo que el paso de otros veh\u00edculos podr\u00eda haber agravado el peque\u00f1o incidente. Acto seguido se ha dado aviso a Emergencias y la <a href=\"https:\/\/www.ultimahora.es\/etiqueta\/Polic%C3%ADa+Local.html?utm_source=Inline-tag&amp;utm_medium=internal\" rel=\"nofollow noopener\" target=\"_blank\">Polic\u00eda Local<\/a> de Son Servera se ha personado r\u00e1pidamente. Tambi\u00e9n ha acudido la Unidad de Tr\u00e1fico de la Guardia Civil y el servicio de ambulancias.<\/p>\n<p class=\"western\"><img loading=\"lazy\" decoding=\"async\" src=\"https:\/\/www.europesays.com\/es\/wp-content\/uploads\/2025\/12\/3583937.jpg\" border=\"0\" alt=\"\" width=\"1600\" height=\"1200\"\/><\/p>\n<p class=\"western\">Los sanitarios del <a href=\"https:\/\/www.ultimahora.es\/etiqueta\/061.html?utm_source=Inline-tag&amp;utm_medium=internal\" rel=\"nofollow noopener\" target=\"_blank\">061<\/a> ha tratado &#8216;in situ&#8217; a los heridos que, afortunadamente, no han sufrido lesiones graves sino <strong>heridas superficiales y algunas raspadas leves<\/strong>. Uno de ellos aquejaba tambi\u00e9n dolor de espalda. Tras la atenci\u00f3n necesaria, ninguno de los dos ha requerido traslado hospitalario y han continuado su marcha con las <a href=\"https:\/\/www.ultimahora.es\/etiqueta\/bicicletas.html?utm_source=Inline-tag&amp;utm_medium=internal\" rel=\"nofollow noopener\" target=\"_blank\">bicicletas<\/a>.<\/p>\n","protected":false},"excerpt":{"rendered":"Son muchos los ciclistas que tanto en invierno como en verano circulan por las carreteras de las Islas&hellip;\n","protected":false},"author":2,"featured_media":273006,"comment_status":"","ping_status":"","sticky":false,"template":"","format":"standard","meta":{"footnotes":""},"categories":[273],"tags":[35974,4205,5254,5168,4357,313,312,168,25,24,66860,10,5253,7111,1251,66861,66859,23,167,5255,14078,1529,21],"class_list":{"0":"post-273005","1":"post","2":"type-post","3":"status-publish","4":"format-standard","5":"has-post-thumbnail","7":"category-ciclismo","8":"tag-35974","9":"tag-accidente","10":"tag-accidente-de-trafico","11":"tag-bicicletas","12":"tag-caida","13":"tag-ciclismo","14":"tag-cycling","15":"tag-deportes","16":"tag-es","17":"tag-espana","18":"tag-heridos-leves","19":"tag-noticias","20":"tag-noticias-sucesos-hoy","21":"tag-paisaje","22":"tag-policia-local","23":"tag-rutas-ciclistas-en-mallorca","24":"tag-son-servera","25":"tag-spain","26":"tag-sports","27":"tag-sucesos-en-mallorca","28":"tag-tunel","29":"tag-ultima-hora","30":"tag-ultimas-noticias"},"share_on_mastodon":{"url":"https:\/\/pubeurope.com\/@es\/115668513494611914","error":""},"_links":{"self":[{"href":"https:\/\/www.europesays.com\/es\/wp-json\/wp\/v2\/posts\/273005","targetHints":{"allow":["GET"]}}],"collection":[{"href":"https:\/\/www.europesays.com\/es\/wp-json\/wp\/v2\/posts"}],"about":[{"href":"https:\/\/www.europesays.com\/es\/wp-json\/wp\/v2\/types\/post"}],"author":[{"embeddable":true,"href":"https:\/\/www.europesays.com\/es\/wp-json\/wp\/v2\/users\/2"}],"replies":[{"embeddable":true,"href":"https:\/\/www.europesays.com\/es\/wp-json\/wp\/v2\/comments?post=273005"}],"version-history":[{"count":0,"href":"https:\/\/www.europesays.com\/es\/wp-json\/wp\/v2\/posts\/273005\/revisions"}],"wp:featuredmedia":[{"embeddable":true,"href":"https:\/\/www.europesays.com\/es\/wp-json\/wp\/v2\/media\/273006"}],"wp:attachment":[{"href":"https:\/\/www.europesays.com\/es\/wp-json\/wp\/v2\/media?parent=273005"}],"wp:term":[{"taxonomy":"category","embeddable":true,"href":"https:\/\/www.europesays.com\/es\/wp-json\/wp\/v2\/categories?post=273005"},{"taxonomy":"post_tag","embeddable":true,"href":"https:\/\/www.europesays.com\/es\/wp-json\/wp\/v2\/tags?post=273005"}],"curies":[{"name":"wp","href":"https:\/\/api.w.org\/{rel}","templated":true}]}}