{"id":273007,"date":"2025-12-05T19:04:12","date_gmt":"2025-12-05T19:04:12","guid":{"rendered":"https:\/\/www.europesays.com\/es\/273007\/"},"modified":"2025-12-05T19:04:12","modified_gmt":"2025-12-05T19:04:12","slug":"flagg-y-nembhard-los-nuevos-doncic-y-brunson-de-dallas","status":"publish","type":"post","link":"https:\/\/www.europesays.com\/es\/273007\/","title":{"rendered":"Flagg y Nembhard, los nuevos Doncic y Brunson de Dallas"},"content":{"rendered":"<p>En este v\u00eddeo analizamos la pareja de moda en Dallas Mavericks.<\/p>\n<p>Los Dallas Mavericks est\u00e1n viviendo una transformaci\u00f3n importante y en este v\u00eddeo analizamos c\u00f3mo Cooper Flagg, Andrew Nembhard y la vuelta de Anthony Davis est\u00e1n cambiando el rumbo del equipo. <\/p>\n<p>Repasamos sus \u00faltimos partidos, la evoluci\u00f3n en su rol, el impacto real en pista y qu\u00e9 significa esto para el futuro del proyecto.<\/p>\n<ul class=\"wp-block-list\">\n<li>Flagg est\u00e1 explotando: 27 puntos por partido, m\u00e1s agresivo hacia el aro, jugando como alero y benefici\u00e1ndose del crecimiento de Klay Thompson y la entrada de Nembhard en la rotaci\u00f3n.<\/li>\n<li>Nembhard, el undrafted revelaci\u00f3n, est\u00e1 dando a Dallas el base que necesitaban: calma, orden y eficiencia hist\u00f3rica.<\/li>\n<li>Comparativa Brunson\u2013Doncic vs Flagg\u2013Nembhard: estilos, roles, techos y coincidencias. \u00bfPuede Dallas construir otra dupla de futuro?<\/li>\n<\/ul>\n<p>Tambi\u00e9n hablamos del regreso de Anthony Davis, sus n\u00fameros reales, el cambio a jugar como p\u00edvot y su impacto en un equipo que a\u00fan busca identidad entre competir y pensar en el draft.<\/p>\n","protected":false},"excerpt":{"rendered":"En este v\u00eddeo analizamos la pareja de moda en Dallas Mavericks. Los Dallas Mavericks est\u00e1n viviendo una transformaci\u00f3n&hellip;\n","protected":false},"author":2,"featured_media":273008,"comment_status":"","ping_status":"","sticky":false,"template":"","format":"standard","meta":{"footnotes":""},"categories":[269],"tags":[299,298,168,25,24,1725,23,167],"class_list":{"0":"post-273007","1":"post","2":"type-post","3":"status-publish","4":"format-standard","5":"has-post-thumbnail","7":"category-baloncesto","8":"tag-baloncesto","9":"tag-basketball","10":"tag-deportes","11":"tag-es","12":"tag-espana","13":"tag-nba","14":"tag-spain","15":"tag-sports"},"share_on_mastodon":{"url":"https:\/\/pubeurope.com\/@es\/115668521159084378","error":""},"_links":{"self":[{"href":"https:\/\/www.europesays.com\/es\/wp-json\/wp\/v2\/posts\/273007","targetHints":{"allow":["GET"]}}],"collection":[{"href":"https:\/\/www.europesays.com\/es\/wp-json\/wp\/v2\/posts"}],"about":[{"href":"https:\/\/www.europesays.com\/es\/wp-json\/wp\/v2\/types\/post"}],"author":[{"embeddable":true,"href":"https:\/\/www.europesays.com\/es\/wp-json\/wp\/v2\/users\/2"}],"replies":[{"embeddable":true,"href":"https:\/\/www.europesays.com\/es\/wp-json\/wp\/v2\/comments?post=273007"}],"version-history":[{"count":0,"href":"https:\/\/www.europesays.com\/es\/wp-json\/wp\/v2\/posts\/273007\/revisions"}],"wp:featuredmedia":[{"embeddable":true,"href":"https:\/\/www.europesays.com\/es\/wp-json\/wp\/v2\/media\/273008"}],"wp:attachment":[{"href":"https:\/\/www.europesays.com\/es\/wp-json\/wp\/v2\/media?parent=273007"}],"wp:term":[{"taxonomy":"category","embeddable":true,"href":"https:\/\/www.europesays.com\/es\/wp-json\/wp\/v2\/categories?post=273007"},{"taxonomy":"post_tag","embeddable":true,"href":"https:\/\/www.europesays.com\/es\/wp-json\/wp\/v2\/tags?post=273007"}],"curies":[{"name":"wp","href":"https:\/\/api.w.org\/{rel}","templated":true}]}}