{"id":273009,"date":"2025-12-05T19:05:19","date_gmt":"2025-12-05T19:05:19","guid":{"rendered":"https:\/\/www.europesays.com\/es\/273009\/"},"modified":"2025-12-05T19:05:19","modified_gmt":"2025-12-05T19:05:19","slug":"instalaran-un-nuevo-campo-de-futbol-en-las-instalaciones-de-este-conocido-instituto-de-albacete","status":"publish","type":"post","link":"https:\/\/www.europesays.com\/es\/273009\/","title":{"rendered":"Instalar\u00e1n un nuevo campo de f\u00fatbol en las instalaciones de este conocido instituto de Albacete"},"content":{"rendered":"<p>El alcalde de Albacete, Manuel Serrano, ha destacado el intenso trabajo que el Equipo de Gobierno est\u00e1 llevando a cabo para fomentar el deporte entre los albacete\u00f1os y albacete\u00f1as a trav\u00e9s de la organizaci\u00f3n y colaboraci\u00f3n en diferentes actividades y eventos deportivos, la mejora y modernizaci\u00f3n de las instalaciones deportivas municipales y la apertura de otras a la sociedad en general a trav\u00e9s de la firma de convenios con otras instituciones y entidades para seguir incrementando la oferta deportiva de la ciudad.\u00a0<\/p>\n<p>En este sentido, el alcalde ha recordado el acuerdo suscrito con la Universidad de Castilla-La Mancha que ha permitido la reciente apertura del Pabell\u00f3n Universitario a la ciudadan\u00eda en general y, de manera especial, al Albacete\u00a0F\u00fatbol Sala, a la Academia Basket de Baloncesto y al Club Voleibol Albacete como su nueva sede, tras las obras de mejora que el Ayuntamiento ha acometido en estas instalaciones, por valor 245.000 euros, para reparar la pista, sustituir luminarias del techo, instalar un sistema mec\u00e1nico para quitar y poner las redes y un nuevo sistema de agua caliente sanitaria, estando previstas otras mejoras en materia de accesibilidad.<\/p>\n<p><img loading=\"lazy\" decoding=\"async\" width=\"1200\" height=\"675\" src=\"https:\/\/www.europesays.com\/es\/wp-content\/uploads\/2025\/12\/Actual-campo-Universidad-Laboral-1.jpg\" alt=\"\" class=\"wp-image-1101155\"  \/>Actual campo Universidad Laboral \/ Ayto. Albacete<\/p>\n<p>Un convenio que, tal y como ha se\u00f1alado Manuel Serrano, se suma al que el Ayuntamiento firmar\u00e1 en las pr\u00f3ximas fechas con la Junta de Comunidades de Castilla-La Mancha, tras su paso por la Junta Rectora del IMD de la pr\u00f3xima semana, para la cesi\u00f3n de uso de parte de la parcela ubicada en el IES \u2018Universidad Laboral\u2019 para la construcci\u00f3n de un nuevo campo de f\u00fatbol de c\u00e9sped artificial.<\/p>\n<p>La vigencia de este convenio ser\u00e1 de 4 a\u00f1os desde la fecha de su firma, pudi\u00e9ndose prorrogar por un periodo de cuatro a\u00f1os mediante la suscripci\u00f3n de una adenda antes de la expiraci\u00f3n de su vigencia inicial.<\/p>\n<p>El alcalde ha asegurado que esta nueva instalaci\u00f3n no solo incrementar\u00e1 la oferta deportiva de la ciudad, sino que adem\u00e1s descongestionar\u00e1 el uso intensivo de algunos pabellones deportivos municipales y campos de f\u00fatbol, acogiendo adem\u00e1s actividad de los Juegos Deportivos Municipales.<\/p>\n<p>Seg\u00fan ha explicado Manuel Serrano, este campo de f\u00fatbol de c\u00e9sped artificial ser\u00e1 construido por el Ayuntamiento, a trav\u00e9s del IMD, sobre parte de la parcela cuyo uso cede gratuitamente la Junta de Comunidades de Castilla-La Mancha, contando para ello con una inversi\u00f3n municipal de 1,7 millones de euros (IVA incluido).<\/p>\n<p>Entre las obligaciones contractuales del IMD, se encuentran por ejemplo la contrataci\u00f3n de la redacci\u00f3n del proyecto y de ejecuci\u00f3n de la obra; la obtenci\u00f3n y pago de todas las licencias y autorizaciones necesarias para la ejecuci\u00f3n y puesta en funcionamiento de la instalaci\u00f3n objeto del convenio; la construcci\u00f3n de dos de las tres pistas existentes (de hormig\u00f3n), que ser\u00edan ocupadas por el campo de f\u00fatbol en una zona aleda\u00f1a a este, seg\u00fan plano adjunto; la instalaci\u00f3n del sistema de iluminaci\u00f3n del campo de f\u00fatbol; asumir el coste de los suministros necesarios para el desarrollo de las actividades y del mantenimiento de las instalaciones; acometer el vallado perimetralmente del campo de f\u00fatbol para impedir el acceso al resto de los espacios exteriores del IES Universidad Laboral, abriendo una puerta de acceso directo desde C\/ Casas Ib\u00e1\u00f1ez.<\/p>\n<p><img loading=\"lazy\" decoding=\"async\" width=\"1200\" height=\"675\" src=\"https:\/\/www.europesays.com\/es\/wp-content\/uploads\/2025\/12\/Tras-la-actuacion-en-el-campo-de-la-Universidad-Laboral.jpg\" alt=\"\" class=\"wp-image-1101154\"  \/>Tras la actuacio\u0301n en el campo de la Universidad Laboral\/ Ayto. Albacete<\/p>\n<p>Manuel Serrano ha agradecido a la Junta su disposici\u00f3n y colaboraci\u00f3n a la hora de ceder este espacio para su mejora y puesta a punto por parte del Ayuntamiento con el objetivo de que pueda serutilizado por el alumnado por el d\u00eda y por la tarde por los vecinos del barrio y de otros clubes deportivos.<\/p>\n<p>Concretamente, en el turno lectivo diurno, el IES tendr\u00e1 prioridad y uso exclusivo de la instalaci\u00f3n, mientras que en el vespertino y en los per\u00edodos no lectivos, la instalaci\u00f3n estar\u00e1 disponible a la ciudadan\u00eda, condicionada en todo caso a la necesidad del IES para la impartici\u00f3n de contenidos curriculares de sus ense\u00f1anzas, en cuyo caso podr\u00e1 ser de uso compartido priorizando el uso por parte del centro.<\/p>\n<p>Con el fin de procurar el desarrollo y seguimiento de este convenio, se constituir\u00e1 una Comisi\u00f3n de seguimiento formada por tres miembros de cada una de las partes.<\/p>\n","protected":false},"excerpt":{"rendered":"El alcalde de Albacete, Manuel Serrano, ha destacado el intenso trabajo que el Equipo de Gobierno est\u00e1 llevando&hellip;\n","protected":false},"author":2,"featured_media":273010,"comment_status":"","ping_status":"","sticky":false,"template":"","format":"standard","meta":{"footnotes":""},"categories":[268],"tags":[2545,168,25,24,280,282,281,23,167],"class_list":{"0":"post-273009","1":"post","2":"type-post","3":"status-publish","4":"format-standard","5":"has-post-thumbnail","7":"category-futbol","8":"tag-albacete","9":"tag-deportes","10":"tag-es","11":"tag-espana","12":"tag-football","13":"tag-futbol","14":"tag-soccer","15":"tag-spain","16":"tag-sports"},"share_on_mastodon":{"url":"https:\/\/pubeurope.com\/@es\/115668525383365868","error":""},"_links":{"self":[{"href":"https:\/\/www.europesays.com\/es\/wp-json\/wp\/v2\/posts\/273009","targetHints":{"allow":["GET"]}}],"collection":[{"href":"https:\/\/www.europesays.com\/es\/wp-json\/wp\/v2\/posts"}],"about":[{"href":"https:\/\/www.europesays.com\/es\/wp-json\/wp\/v2\/types\/post"}],"author":[{"embeddable":true,"href":"https:\/\/www.europesays.com\/es\/wp-json\/wp\/v2\/users\/2"}],"replies":[{"embeddable":true,"href":"https:\/\/www.europesays.com\/es\/wp-json\/wp\/v2\/comments?post=273009"}],"version-history":[{"count":0,"href":"https:\/\/www.europesays.com\/es\/wp-json\/wp\/v2\/posts\/273009\/revisions"}],"wp:featuredmedia":[{"embeddable":true,"href":"https:\/\/www.europesays.com\/es\/wp-json\/wp\/v2\/media\/273010"}],"wp:attachment":[{"href":"https:\/\/www.europesays.com\/es\/wp-json\/wp\/v2\/media?parent=273009"}],"wp:term":[{"taxonomy":"category","embeddable":true,"href":"https:\/\/www.europesays.com\/es\/wp-json\/wp\/v2\/categories?post=273009"},{"taxonomy":"post_tag","embeddable":true,"href":"https:\/\/www.europesays.com\/es\/wp-json\/wp\/v2\/tags?post=273009"}],"curies":[{"name":"wp","href":"https:\/\/api.w.org\/{rel}","templated":true}]}}