{"id":273011,"date":"2025-12-05T19:06:14","date_gmt":"2025-12-05T19:06:14","guid":{"rendered":"https:\/\/www.europesays.com\/es\/273011\/"},"modified":"2025-12-05T19:06:14","modified_gmt":"2025-12-05T19:06:14","slug":"reincorpora-a-uno-despues-de-tres-decadas-en-otra-cadena","status":"publish","type":"post","link":"https:\/\/www.europesays.com\/es\/273011\/","title":{"rendered":"reincorpora a uno despu\u00e9s de tres d\u00e9cadas en otra cadena"},"content":{"rendered":"<p data-gtm-element-container=\"modulo-texto-link\" class=\"paragraph\">Cartel de lujo para la quinta edici\u00f3n del <strong>Benidorm Fest<\/strong>, el gran festival de la m\u00fasica de Espa\u00f1a.<strong> Jes\u00fas V\u00e1zquez, Javier Ambrossi, In\u00e9s Hernand y Lalachus<\/strong> ser\u00e1n los maestros de ceremonias de la nueva edici\u00f3n del certamen. RTVE dar\u00e1 a conocer los detalles de su participaci\u00f3n en una rueda de prensa prevista el pr\u00f3ximo 8 de enero.<\/p>\n<p data-gtm-element-container=\"modulo-texto-link\" class=\"paragraph\">El presentador Jes\u00fas V\u00e1zquez se incorpora a RTVE despu\u00e9s de una brillante trayectoria en la televisi\u00f3n privada, donde ha estado al frente de todo tipo de formatos de entretenimiento durante <strong>m\u00e1s de tres d\u00e9cadas.<\/strong><\/p>\n<p>                <img loading=\"lazy\" decoding=\"async\" data-full-src=\"https:\/\/www.mundodeportivo.com\/uploads\/2025\/10\/10\/68e8b8d56c682.jpeg\" alt=\"Benidorm Fest 2026\" width=\"449\" height=\"253\" src=\"https:\/\/www.europesays.com\/es\/wp-content\/uploads\/2025\/12\/68e8b8d56c682.jpeg\" class=\"lazy\"\/><\/p>\n<p class=\"caption-title \">Benidorm Fest 2026<\/p>\n<p>                    RTVE<\/p>\n<p data-gtm-element-container=\"modulo-texto-link\" class=\"paragraph\">El director de cine, productor, guionista y actor Javier Ambrossi debutar\u00e1 como presentador del Benidorm Fest en La 1, donde ya <strong>present\u00f3 la gala de los Premios Goya 2024<\/strong> y fue tambi\u00e9n profesor de interpretaci\u00f3n en &#8216;<strong>Operaci\u00f3n Triunfo&#8217;<\/strong> (2017-2018).<\/p>\n<blockquote class=\"twitter-tweet\" data-lang=\"es\"><p>\n<a href=\"https:\/\/twitter.com\/rtve_com\/status\/1996934689496477959\" rel=\"nofollow noopener\" target=\"_blank\">\n<\/p><\/blockquote>\n<p data-gtm-element-container=\"modulo-texto-link\" class=\"paragraph\">In\u00e9s Hernand es una veterana del festival y ha participado en todas las ediciones. Form\u00f3 parte del elenco de presentadores del <strong>Benidorm Fest 2022, 2023 y 2025 <\/strong>como la encargada de recoger los comentarios de los artistas desde la llamada Green Room despu\u00e9s de sus actuaciones. En 2024 condujo el programa &#8216;Benidorm Calling&#8217; en RTVE Play.<\/p>\n<p>                <img loading=\"lazy\" decoding=\"async\" data-full-src=\"https:\/\/www.mundodeportivo.com\/uploads\/2025\/10\/10\/68e8b8d4d445f.jpeg\" alt=\"Benidorm Fest 2026\" width=\"449\" height=\"253\" src=\"https:\/\/www.europesays.com\/es\/wp-content\/uploads\/2025\/12\/68e8b8d4d445f.jpeg\" class=\"lazy\"\/><\/p>\n<p class=\"caption-title \">Benidorm Fest 2026<\/p>\n<p>                    RTVE<\/p>\n<p data-gtm-element-container=\"modulo-texto-link\" class=\"paragraph\">Tambi\u00e9n regresa al certamen Lalachus tras participar el a\u00f1o pasado en &#8216;<strong>La noche del Benidorm Fest&#8217;,<\/strong> un especial que analizaba en La 1 todo lo ocurrido en la gala final. Este a\u00f1o se sumar\u00e1 a los presentadores de la gran final y conducir\u00e1 este programa especial posterior junto a In\u00e9s Hernand.<\/p>\n<p>    Lee tambi\u00e9n<\/p>\n<p data-gtm-element-container=\"modulo-texto-link\" class=\"paragraph\">Lalachus tambi\u00e9n formar\u00e1 parte del tr\u00edo de presentadores de &#8216;Benidorm Calling&#8217;, el programa previo a cada gala en <strong>RTVE Play junto a \u00c1ngela Fern\u00e1ndez <\/strong>(&#8216;Open Play&#8217;, &#8216;Divas Calling&#8217;, &#8216;El Grand Prix&#8217;) y<strong> Juanjo Bona<\/strong>\u00a0(&#8216;MasterChef Celebrity&#8217;, &#8216;Qu\u00e9 decirte que no sepas&#8217;)<\/p>\n<p><script async src=\"https:\/\/platform.twitter.com\/widgets.js\" charset=\"utf-8\"><\/script><\/p>\n","protected":false},"excerpt":{"rendered":"Cartel de lujo para la quinta edici\u00f3n del Benidorm Fest, el gran festival de la m\u00fasica de Espa\u00f1a.&hellip;\n","protected":false},"author":2,"featured_media":273012,"comment_status":"","ping_status":"","sticky":false,"template":"","format":"standard","meta":{"footnotes":""},"categories":[174],"tags":[255,146,147,25,24,256,23],"class_list":{"0":"post-273011","1":"post","2":"type-post","3":"status-publish","4":"format-standard","5":"has-post-thumbnail","7":"category-famosos","8":"tag-celebrities","9":"tag-entertainment","10":"tag-entretenimiento","11":"tag-es","12":"tag-espana","13":"tag-famosos","14":"tag-spain"},"share_on_mastodon":{"url":"https:\/\/pubeurope.com\/@es\/115668529103256574","error":""},"_links":{"self":[{"href":"https:\/\/www.europesays.com\/es\/wp-json\/wp\/v2\/posts\/273011","targetHints":{"allow":["GET"]}}],"collection":[{"href":"https:\/\/www.europesays.com\/es\/wp-json\/wp\/v2\/posts"}],"about":[{"href":"https:\/\/www.europesays.com\/es\/wp-json\/wp\/v2\/types\/post"}],"author":[{"embeddable":true,"href":"https:\/\/www.europesays.com\/es\/wp-json\/wp\/v2\/users\/2"}],"replies":[{"embeddable":true,"href":"https:\/\/www.europesays.com\/es\/wp-json\/wp\/v2\/comments?post=273011"}],"version-history":[{"count":0,"href":"https:\/\/www.europesays.com\/es\/wp-json\/wp\/v2\/posts\/273011\/revisions"}],"wp:featuredmedia":[{"embeddable":true,"href":"https:\/\/www.europesays.com\/es\/wp-json\/wp\/v2\/media\/273012"}],"wp:attachment":[{"href":"https:\/\/www.europesays.com\/es\/wp-json\/wp\/v2\/media?parent=273011"}],"wp:term":[{"taxonomy":"category","embeddable":true,"href":"https:\/\/www.europesays.com\/es\/wp-json\/wp\/v2\/categories?post=273011"},{"taxonomy":"post_tag","embeddable":true,"href":"https:\/\/www.europesays.com\/es\/wp-json\/wp\/v2\/tags?post=273011"}],"curies":[{"name":"wp","href":"https:\/\/api.w.org\/{rel}","templated":true}]}}