{"id":273019,"date":"2025-12-05T19:11:13","date_gmt":"2025-12-05T19:11:13","guid":{"rendered":"https:\/\/www.europesays.com\/es\/273019\/"},"modified":"2025-12-05T19:11:13","modified_gmt":"2025-12-05T19:11:13","slug":"la-pelicula-de-peaky-blinders-ya-tiene-titulo-oficial-primer-poster-y-fecha-de-estreno-en-netflix","status":"publish","type":"post","link":"https:\/\/www.europesays.com\/es\/273019\/","title":{"rendered":"La pel\u00edcula de &#8216;Peaky Blinders&#8217; ya tiene t\u00edtulo oficial, primer p\u00f3ster y fecha de estreno en Netflix"},"content":{"rendered":"<p>&#8216;<a href=\"https:\/\/www.ecartelera.com\/series\/peaky-blinders\/\" data-mention-type=\"serie\" data-mention-id=\"271\" rel=\"nofollow noopener\" target=\"_blank\">Peaky Blinders<\/a>&#8216; termin\u00f3 su andadura televisiva en 2022 tras seis temporadas de \u00e9xito. El drama hist\u00f3rico creado por <a href=\"https:\/\/www.ecartelera.com\/personas\/steven-knight\/\" data-mention-type=\"persona\" data-mention-id=\"6288\" rel=\"nofollow noopener\" target=\"_blank\">Steven Knight<\/a> se alz\u00f3 poco a poco como una de las series m\u00e1s populares del nuevo siglo, <strong>gracias en buena medida al impulso global que recibi\u00f3 con su emisi\u00f3n a trav\u00e9s de Netflix<\/strong>.<\/p>\n<p>Tr\u00e1iler &#8216;Peaky Blinders&#8217; temporada 6<\/p>\n<p><video id=\"vid-29994\" class=\"video-js vjs-default-skin\" data-title=\"Tr\u00e1iler 'Peaky Blinders' temporada 6\" poster=\"https:\/\/www.ecartelera.com\/images\/videos\/29900\/f29994.jpg\" controls=\"\" preload=\"auto\" width=\"640\" height=\"360\" playsinline=\"\" data-vtt=\"\/\/v1.ecartelera.com\/video\/29900\/29994_sprite.vtt\" data-stream=\"1\">El navegador no soporta el tag de v\u00eddeo.<\/video><\/p>\n<p>X<\/p>\n<p>Ahora, casi cuatro a\u00f1os despu\u00e9s de su final, <strong>la historia de T<\/strong><strong>ommy Shelby y su familia contin\u00faa en formato largometraje<\/strong>, y lo hace precisamente en Netflix, donde los Peaky Blinders preparan su \u00e9pico regreso de cara al primer trimestre de 2026.<\/p>\n<p>Con el nuevo a\u00f1o a la vuelta de la esquina, <strong>Netflix ha desvelado por fin el t\u00edtulo oficial de la pel\u00edcula<\/strong>, que se llama &#8216;Peaky Blinders: El hombre inmortal&#8217; (&#8216;Peaky Blinders: The Immortal Man&#8217;). Adem\u00e1s, la plataforma de streaming ha lanzado un <strong>primer teaser p\u00f3ster,<\/strong> con el que tambi\u00e9n anuncia <strong>la fecha de estreno del film: el 20 de marzo de 2026.<\/strong><\/p>\n<p>\t\t\t\t\t\t\t<img decoding=\"async\" loading=\"lazy\" src=\"https:\/\/www.europesays.com\/es\/wp-content\/uploads\/2025\/12\/249439_la-pelcula-de-peaky-blinders-en-netflix-ya-tiene-ttulo-oficial-primer-pster-y-fe.jpg\" alt=\"P\u00f3ster 'Peaky Blinders: El hombre inmortal'\" width=\"1200\" height=\"1500\"\/><\/p>\n<p>\t\t\t\t\t\tP\u00f3ster &#8216;Peaky Blinders: El hombre inmortal&#8217; (Netflix)<\/p>\n<p>&#8216;Peaky Blinders: El hombre inmortal&#8217; est\u00e1 producida en asociaci\u00f3n con BBC Film y dirigida por <a href=\"https:\/\/www.ecartelera.com\/personas\/tom-harper\/\" data-mention-type=\"persona\" data-mention-id=\"11103\" rel=\"nofollow noopener\" target=\"_blank\">Tom Harper<\/a>, quien ya dirigiera tres episodios de la serie original, adem\u00e1s de la pel\u00edcula de acci\u00f3n &#8216;<a href=\"https:\/\/www.ecartelera.com\/peliculas\/agente-stone\/\" data-mention-type=\"pelicula\" data-mention-id=\"17947\" rel=\"nofollow noopener\" target=\"_blank\">Agente Stone<\/a>&#8216;. La continuaci\u00f3n <strong>cuenta de nuevo con Knight al gui\u00f3n y la producci\u00f3n<\/strong>.<\/p>\n<p>En cuanto al reparto, el oscarizado <a href=\"https:\/\/www.ecartelera.com\/personas\/cillian-murphy\/\" data-mention-type=\"persona\" data-mention-id=\"1607\" rel=\"nofollow noopener\" target=\"_blank\">Cillian Murphy<\/a> retoma su papel como Tommy Shelby, encabezando un elenco que traer\u00e1 de vuelta a otros rostros conocidos de la serie, como <a href=\"https:\/\/www.ecartelera.com\/personas\/sophie-rundle\/\" data-mention-type=\"persona\" data-mention-id=\"27109\" rel=\"nofollow noopener\" target=\"_blank\">Sophie Rundle<\/a>, <a href=\"https:\/\/www.ecartelera.com\/personas\/ned-dennehy\/\" data-mention-type=\"persona\" data-mention-id=\"8639\" rel=\"nofollow noopener\" target=\"_blank\">Ned Dennehy<\/a>, <a href=\"https:\/\/www.ecartelera.com\/personas\/packy-lee\/\" data-mention-type=\"persona\" data-mention-id=\"26629\" rel=\"nofollow noopener\" target=\"_blank\">Packy Lee<\/a>, <a href=\"https:\/\/www.ecartelera.com\/personas\/ian-peck\/\" data-mention-type=\"persona\" data-mention-id=\"32182\" rel=\"nofollow noopener\" target=\"_blank\">Ian Peck<\/a> o <a href=\"https:\/\/www.ecartelera.com\/personas\/stephen-graham\/\" data-mention-type=\"persona\" data-mention-id=\"3595\" rel=\"nofollow noopener\" target=\"_blank\">Stephen Graham<\/a>, incorporando adem\u00e1s a nuevos <strong>fichajes estelares como los de <a href=\"https:\/\/www.ecartelera.com\/personas\/rebecca-ferguson\/\" data-mention-type=\"persona\" data-mention-id=\"9247\" rel=\"nofollow noopener\" target=\"_blank\">Rebecca Ferguson<\/a>, <a href=\"https:\/\/www.ecartelera.com\/personas\/tim-roth\/\" data-mention-type=\"persona\" data-mention-id=\"1427\" rel=\"nofollow noopener\" target=\"_blank\">Tim Roth<\/a> y <a href=\"https:\/\/www.ecartelera.com\/personas\/barry-keoghan\/\" data-mention-type=\"persona\" data-mention-id=\"14578\" rel=\"nofollow noopener\" target=\"_blank\">Barry Keoghan<\/a>.<\/strong><\/p>\n<p>\t\t\t\t\t\t\t<img decoding=\"async\" loading=\"lazy\" src=\"https:\/\/www.europesays.com\/es\/wp-content\/uploads\/2025\/12\/249440_la-pelcula-de-peaky-blinders-en-netflix-ya-tiene-ttulo-oficial-primer-pster-y-fe.jpg\" alt=\"Barry Keoghan y Cillian Murphy\" width=\"1200\" height=\"788\"\/><\/p>\n<p>\t\t\t\t\t\tBarry Keoghan y Cillian Murphy (Netflix)<br \/>\n\t\t\t\t\t\t<strong>Por orden de los Peaky Blinders\u2026<\/strong><\/p>\n<p>&#8216;Peaky Blinders: El hombre inmortal&#8217; se ambienta en la Birmingham de 1940. Seg\u00fan reza la sinopsis oficial de la pel\u00edcula, en pleno caos de la Segunda Guerra Mundial, Tommy Shelby se ve obligado a regresar de su exilio autoimpuesto para enfrentarse a <strong>su ajuste de cuentas m\u00e1s peligroso y destructivo hasta ahora<\/strong>.<\/p>\n<p>Con el futuro de su familia y tambi\u00e9n el del pa\u00eds en juego, Tommy deber\u00e1 lidiar con sus propios demonios para decidir si enfrentarse a su legado o reducirlo todo a cenizas. Este es el argumento de una pel\u00edcula que, sin embargo, no pondr\u00e1 final a la saga, que <strong>continuar\u00e1 con una nueva serie secuela con Murphy muy ligado al proyecto<\/strong>.<\/p>\n","protected":false},"excerpt":{"rendered":"&#8216;Peaky Blinders&#8216; termin\u00f3 su andadura televisiva en 2022 tras seis temporadas de \u00e9xito. El drama hist\u00f3rico creado por&hellip;\n","protected":false},"author":2,"featured_media":273020,"comment_status":"","ping_status":"","sticky":false,"template":"","format":"standard","meta":{"footnotes":""},"categories":[169],"tags":[1014,1015,1013,177,1011,146,147,25,24,782,176,1019,1016,175,753,1012,23,1017,1018],"class_list":{"0":"post-273019","1":"post","2":"type-post","3":"status-publish","4":"format-standard","5":"has-post-thumbnail","7":"category-cine","8":"tag-actores","9":"tag-actrices","10":"tag-cartelera","11":"tag-cine","12":"tag-ecartelera","13":"tag-entertainment","14":"tag-entretenimiento","15":"tag-es","16":"tag-espana","17":"tag-estrellas","18":"tag-film","19":"tag-fotogramas","20":"tag-fotos","21":"tag-movies","22":"tag-peliculas","23":"tag-pelis","24":"tag-spain","25":"tag-trailers","26":"tag-videos"},"share_on_mastodon":{"url":"https:\/\/pubeurope.com\/@es\/115668549018331603","error":""},"_links":{"self":[{"href":"https:\/\/www.europesays.com\/es\/wp-json\/wp\/v2\/posts\/273019","targetHints":{"allow":["GET"]}}],"collection":[{"href":"https:\/\/www.europesays.com\/es\/wp-json\/wp\/v2\/posts"}],"about":[{"href":"https:\/\/www.europesays.com\/es\/wp-json\/wp\/v2\/types\/post"}],"author":[{"embeddable":true,"href":"https:\/\/www.europesays.com\/es\/wp-json\/wp\/v2\/users\/2"}],"replies":[{"embeddable":true,"href":"https:\/\/www.europesays.com\/es\/wp-json\/wp\/v2\/comments?post=273019"}],"version-history":[{"count":0,"href":"https:\/\/www.europesays.com\/es\/wp-json\/wp\/v2\/posts\/273019\/revisions"}],"wp:featuredmedia":[{"embeddable":true,"href":"https:\/\/www.europesays.com\/es\/wp-json\/wp\/v2\/media\/273020"}],"wp:attachment":[{"href":"https:\/\/www.europesays.com\/es\/wp-json\/wp\/v2\/media?parent=273019"}],"wp:term":[{"taxonomy":"category","embeddable":true,"href":"https:\/\/www.europesays.com\/es\/wp-json\/wp\/v2\/categories?post=273019"},{"taxonomy":"post_tag","embeddable":true,"href":"https:\/\/www.europesays.com\/es\/wp-json\/wp\/v2\/tags?post=273019"}],"curies":[{"name":"wp","href":"https:\/\/api.w.org\/{rel}","templated":true}]}}