{"id":273021,"date":"2025-12-05T19:12:09","date_gmt":"2025-12-05T19:12:09","guid":{"rendered":"https:\/\/www.europesays.com\/es\/273021\/"},"modified":"2025-12-05T19:12:09","modified_gmt":"2025-12-05T19:12:09","slug":"trump-recibe-el-nuevo-premio-de-la-paz-de-la-fifa-no-necesito-premios-solo-quiero-salvar-vidas","status":"publish","type":"post","link":"https:\/\/www.europesays.com\/es\/273021\/","title":{"rendered":"Trump recibe el nuevo Premio de la Paz de la FIFA: \u00abNo necesito premios, s\u00f3lo quiero salvar vidas\u00bb"},"content":{"rendered":"<p>\n                    Publicado                 05\/12\/2025 &#8211; 18:56 CET<br \/>\n                \u2022Ultima actualizaci\u00f3n<br \/>\n                                     18:57\n                                        <\/p>\n<p>El presidente de Estados Unidos, <strong>Donald Trump,<\/strong> fue galardonado el viernes con el nuevo Premio de la Paz de la FIFA en el sorteo de la Copa del Mundo de 2026, lo que da al espect\u00e1culo futbol\u00edstico que marcar\u00e1 los enfrentamientos del torneo un toque a\u00fan m\u00e1s trumpiano.<\/p>\n<p>Trump, <strong>que ha hecho campa\u00f1a abiertamente a favor del Premio Nobel de la Paz<\/strong> y lo ha <a href=\"https:\/\/es.euronews.com\/2025\/10\/10\/la-casa-blanca-censura-la-decision-del-comite-del-nobel-de-no-conceder-el-premio-de-la-paz\" rel=\"nofollow noopener\" target=\"_blank\">codiciado durante mucho tiempo<\/a>, hab\u00eda sido el gran favorito para ganar el reci\u00e9n creado premio de la FIFA. \u00c9l y el presidente de la FIFA, Gianni Infantino, son estrechos aliados e Infantino hab\u00eda dejado claro que pensaba que Trump deber\u00eda haber ganado el Nobel por sus esfuerzos para negociar un <strong>alto el fuego en Gaza<\/strong>.<\/p>\n<p>\u00abEste es su premio, este es su premio de la paz\u00bb, dijo Infantino. El presidente de la FIFA, Gianni Infantino, ha hablado en repetidas ocasiones del f\u00fatbol como elemento unificador del mundo, pero <strong>el premio se aleja del tradicional enfoque deportivo de la federaci\u00f3n.<\/strong><\/p>\n<p>Trump dijo a los periodistas a su llegada al Kennedy Centre de Washington que no sab\u00eda si iba a recibir el galard\u00f3n y a\u00f1adi\u00f3: <strong>\u00abNo necesito premios, s\u00f3lo quiero salvar vidas\u00bb<\/strong>. La FIFA ha descrito el premio como uno que recompensa a \u00abindividuos que han llevado a cabo acciones excepcionales y extraordinarias por la paz y al hacerlo han unido a personas de todo el mundo.\u00bb<\/p>\n<p>Llega durante una semana en la que la Administraci\u00f3n Trump ha estado <strong>bajo escrutinio por los ataques letales contra presuntos barcos de drogas en el Caribe<\/strong> y mientras Trump endurece su ret\u00f3rica contra los inmigrantes.<\/p>\n<p>El Premio Nobel de la Paz de este a\u00f1o fue concedido finalmente a la <strong>l\u00edder opositora venezolana Mar\u00eda Corina Machado<\/strong>, quien dijo poco despu\u00e9s de recibirlo que se lo dedicaba en parte a Trump por \u00absu decisivo apoyo a nuestra causa.\u00bb<\/p>\n<p>Fuentes adicionales<strong> \u2022 AP<\/strong><\/p>\n","protected":false},"excerpt":{"rendered":"Publicado 05\/12\/2025 &#8211; 18:56 CET \u2022Ultima actualizaci\u00f3n 18:57 El presidente de Estados Unidos, Donald Trump, fue galardonado el&hellip;\n","protected":false},"author":2,"featured_media":273022,"comment_status":"","ping_status":"","sticky":false,"template":"","format":"standard","meta":{"footnotes":""},"categories":[93],"tags":[8186,168,352,25,24,14013,66675,23,167],"class_list":{"0":"post-273021","1":"post","2":"type-post","3":"status-publish","4":"format-standard","5":"has-post-thumbnail","7":"category-deportes","8":"tag-copa-del-mundo","9":"tag-deportes","10":"tag-donald-trump","11":"tag-es","12":"tag-espana","13":"tag-fifa","14":"tag-premio-nobel-de-la-paz","15":"tag-spain","16":"tag-sports"},"share_on_mastodon":{"url":"https:\/\/pubeurope.com\/@es\/115668552544547226","error":""},"_links":{"self":[{"href":"https:\/\/www.europesays.com\/es\/wp-json\/wp\/v2\/posts\/273021","targetHints":{"allow":["GET"]}}],"collection":[{"href":"https:\/\/www.europesays.com\/es\/wp-json\/wp\/v2\/posts"}],"about":[{"href":"https:\/\/www.europesays.com\/es\/wp-json\/wp\/v2\/types\/post"}],"author":[{"embeddable":true,"href":"https:\/\/www.europesays.com\/es\/wp-json\/wp\/v2\/users\/2"}],"replies":[{"embeddable":true,"href":"https:\/\/www.europesays.com\/es\/wp-json\/wp\/v2\/comments?post=273021"}],"version-history":[{"count":0,"href":"https:\/\/www.europesays.com\/es\/wp-json\/wp\/v2\/posts\/273021\/revisions"}],"wp:featuredmedia":[{"embeddable":true,"href":"https:\/\/www.europesays.com\/es\/wp-json\/wp\/v2\/media\/273022"}],"wp:attachment":[{"href":"https:\/\/www.europesays.com\/es\/wp-json\/wp\/v2\/media?parent=273021"}],"wp:term":[{"taxonomy":"category","embeddable":true,"href":"https:\/\/www.europesays.com\/es\/wp-json\/wp\/v2\/categories?post=273021"},{"taxonomy":"post_tag","embeddable":true,"href":"https:\/\/www.europesays.com\/es\/wp-json\/wp\/v2\/tags?post=273021"}],"curies":[{"name":"wp","href":"https:\/\/api.w.org\/{rel}","templated":true}]}}