{"id":273031,"date":"2025-12-05T19:17:12","date_gmt":"2025-12-05T19:17:12","guid":{"rendered":"https:\/\/www.europesays.com\/es\/273031\/"},"modified":"2025-12-05T19:17:12","modified_gmt":"2025-12-05T19:17:12","slug":"nueva-politica-exterior-de-trump-duros-reproches-a-europa-y-promesas-de-mayor-influencia-en-america-france-24","status":"publish","type":"post","link":"https:\/\/www.europesays.com\/es\/273031\/","title":{"rendered":"Nueva pol\u00edtica exterior de Trump: duros reproches a Europa y promesas de mayor influencia en Am\u00e9rica &#8211; France 24"},"content":{"rendered":"<ol>\n<li><a href=\"https:\/\/news.google.com\/rss\/articles\/CBMi-gFBVV95cUxPS3lqUDZnYVkxU1hTTkg2QXRhUUM1ZzdEQ1R1clhfckFBZ2huX2c2eEtYWC1HTXhqYVZxbmJXZ2tHRmtmMkQ1SEJFS2owaDBDbVN0RGllTGlxOGVCbVV3MFZRdElZRWhlcTRfOThJVTd3dVdHLWRWNDgtbFk1bGFHdG1mVFlOZ3ljUUFBNHJiSENxejN0Vkh4R2FEV0ZqSGtRRlVPZXVvU0ZoQXI1TXRFYS1tSTY4Z182V3RMX2VmNHRjNXp5TFo1Uk5hUGwzam1TdDhzalowbW9CZlN6aWJicWkzNFFUXzhBTFRPdnBtSWN3NHQ2eU5CdHhB?oc=5\" target=\"_blank\" rel=\"nofollow noopener\">Nueva pol\u00edtica exterior de Trump: duros reproches a Europa y promesas de mayor influencia en Am\u00e9rica<\/a>&nbsp;&nbsp;France 24<\/li>\n<li><a href=\"https:\/\/news.google.com\/rss\/articles\/CBMigwFBVV95cUxQclhxT2xQVDVIRFd4OEcycEJfdmY0bzY3eGxJZi0yQk93NFFHckJzVWp1VTQ1UUtzdUhCZENmVU1MMXBvU2EyRnhBMHc5em9pVkpPSDdsTUNCVS1TSDhmejQyRjNzb1JYeVlUUTlZYU1VLXp6Z0d4S2lNOUo4OXBoVzBQRdIBgwFBVV95cUxQNGNwNHFfNFl1SkpTdXJrZVoza2lkdWh0em9FbUdxUzNpTUNtM0JFX3JjdVhHX1FvU052emFZNHNYMFdpOXZQR3QxcEVTMXJTUzNOa2QzYWlJc25KZkotazUxMlJQajJsYVJRQXk5RWRBek9FUHhVSDRLMmpoMWpJZW15RQ?oc=5\" target=\"_blank\" rel=\"nofollow noopener\">EEUU cree que Europa en 20 a\u00f1os \u00abno tendr\u00e1 econom\u00edas y ej\u00e9rcitos lo suficientemente fuertes como para seguir siendo aliados fiables\u00bb<\/a>&nbsp;&nbsp;El Mundo<\/li>\n<li><a href=\"https:\/\/news.google.com\/rss\/articles\/CBMizgFBVV95cUxNeUpRTXZIcEZ1R3pWXzlDWkk0cGg3REpXTnJvX0M5RXo4R0tfWXFMUHJzaFJPcHdQRXdGdnRObnh1dXVFWnhQbG5DdjZGeFBPMEJwNFVUbWtFejZRY2o5NkF1NWFnQUJmRHhmU3NyWFZHd285X3NpVHZtR0xoZmVlNkRRSENPbmZBZ0UwZVNNd2FhaFhsRzlCMDVrT1EtR2Z4MjJiWmcwV2VVbk1PTUJwVmdpVWJDc3hHWEtDV3kxajZSV3dxYVk3c1dVeXRFZ9IBzgFBVV95cUxPdGZXQzBMS201cnFoeGtYdkljYURqX3VicXR1UXhpSmxyaWZ4XzBxNG9lSmF3RkgtajJKM21OYW1kT3dwWmdEY2JNNGpIRlgzOVVUejFKUjZSNkZib0I0WUVIcjJTYjM2WHB0M3JpSmplUVB2dUZEUVR2ZEtSLVJrMVlTaW5UdFN0LWI0d0hoMC15V25GYWx4NlVQUEtSd3R2U2hyTXZUdmpDVjhMaklwaktxeUZSdmd6SndMWEVEeWw4ejh3NUZDd1k4Q1BpQQ?oc=5\" target=\"_blank\" rel=\"nofollow noopener\">Estados Unidos alerta del \u00abborrado\u00bb de la civilizaci\u00f3n europea por sus pol\u00edticas migratorias y la baja natalidad<\/a>&nbsp;&nbsp;RTVE.es<\/li>\n<li><a href=\"https:\/\/news.google.com\/rss\/articles\/CBMixAFBVV95cUxPaGVJUDRMQWVMcVczUC1LZWowOFEyb0VHU1A2TGUyVEpWdXpQeG5hU3RaTS1NLU53YWJTdHpCNUZLWEdXYkdNMUtfY3NLRk1JcDZJWnhqVFZBdWNxWVJ1ZWJHcC1EU21VU1ppNjlnZ3FMS2xBMlJIcnZEWHNEYjJKNkxkdk9pUGFzOFk4X0lROFBOMzkzRldKWVNfYnlTdDlDbmkxN2hNUGcteGN0dnpHOXhWd25nSnMyeE5HR3VKSlRSWDhm?oc=5\" target=\"_blank\" rel=\"nofollow noopener\">Trump sostiene que Europa se enfrenta a la \u201cdesaparici\u00f3n de su civilizaci\u00f3n\u201d<\/a>&nbsp;&nbsp;EL PA\u00cdS<\/li>\n<li><a href=\"https:\/\/news.google.com\/rss\/articles\/CBMioAFBVV95cUxNTkZ4TklfX0NtNWhLRU1mSEtOaTlfaWdvdzhVeGhPbzg2akpZUzRCaG9XYmZRMWFqVENvODhBQkFnNWw0Y0pvTWNJZGdjU24xbkJoY0tvbUd3SnVXU2tlYkFycUZud05qTTg5RVlZbXFrQ29TQWZadkctbHJrby1VQU11cjJ6aGlRTHMzd3YydzJXRFZWeUtDT1JGU2ZwX2hM?oc=5\" target=\"_blank\" rel=\"nofollow noopener\">La nueva estrategia de seguridad de Trump pone a Espa\u00f1a en el punto de mira<\/a>&nbsp;&nbsp;ABC<\/li>\n<\/ol>\n","protected":false},"excerpt":{"rendered":"Nueva pol\u00edtica exterior de Trump: duros reproches a Europa y promesas de mayor influencia en Am\u00e9rica&nbsp;&nbsp;France 24 EEUU&hellip;\n","protected":false},"author":2,"featured_media":248356,"comment_status":"","ping_status":"","sticky":false,"template":"","format":"standard","meta":{"footnotes":""},"categories":[42],"tags":[17,18,13,14,11,61,62,63,64,19,20,9,10,15,16,12,21,22,65,66,67],"class_list":{"0":"post-273031","1":"post","2":"type-post","3":"status-publish","4":"format-standard","5":"has-post-thumbnail","7":"category-internacional","8":"tag-breaking-news","9":"tag-breakingnews","10":"tag-featured-news","11":"tag-featurednews","12":"tag-headlines","13":"tag-internacional","14":"tag-international","15":"tag-international-news","16":"tag-internationalnews","17":"tag-latest-news","18":"tag-latestnews","19":"tag-news","20":"tag-noticias","21":"tag-noticias-destacadas","22":"tag-noticiasdestacadas","23":"tag-titulares","24":"tag-ultimas-noticias","25":"tag-ultimasnoticias","26":"tag-world","27":"tag-world-news","28":"tag-worldnews"},"share_on_mastodon":{"url":"https:\/\/pubeurope.com\/@es\/115668572232859683","error":""},"_links":{"self":[{"href":"https:\/\/www.europesays.com\/es\/wp-json\/wp\/v2\/posts\/273031","targetHints":{"allow":["GET"]}}],"collection":[{"href":"https:\/\/www.europesays.com\/es\/wp-json\/wp\/v2\/posts"}],"about":[{"href":"https:\/\/www.europesays.com\/es\/wp-json\/wp\/v2\/types\/post"}],"author":[{"embeddable":true,"href":"https:\/\/www.europesays.com\/es\/wp-json\/wp\/v2\/users\/2"}],"replies":[{"embeddable":true,"href":"https:\/\/www.europesays.com\/es\/wp-json\/wp\/v2\/comments?post=273031"}],"version-history":[{"count":0,"href":"https:\/\/www.europesays.com\/es\/wp-json\/wp\/v2\/posts\/273031\/revisions"}],"wp:featuredmedia":[{"embeddable":true,"href":"https:\/\/www.europesays.com\/es\/wp-json\/wp\/v2\/media\/248356"}],"wp:attachment":[{"href":"https:\/\/www.europesays.com\/es\/wp-json\/wp\/v2\/media?parent=273031"}],"wp:term":[{"taxonomy":"category","embeddable":true,"href":"https:\/\/www.europesays.com\/es\/wp-json\/wp\/v2\/categories?post=273031"},{"taxonomy":"post_tag","embeddable":true,"href":"https:\/\/www.europesays.com\/es\/wp-json\/wp\/v2\/tags?post=273031"}],"curies":[{"name":"wp","href":"https:\/\/api.w.org\/{rel}","templated":true}]}}