{"id":273037,"date":"2025-12-05T19:27:11","date_gmt":"2025-12-05T19:27:11","guid":{"rendered":"https:\/\/www.europesays.com\/es\/273037\/"},"modified":"2025-12-05T19:27:11","modified_gmt":"2025-12-05T19:27:11","slug":"alessandro-scariolo-deja-el-palmer-y-ficha-por-el-fibwi-mallorca","status":"publish","type":"post","link":"https:\/\/www.europesays.com\/es\/273037\/","title":{"rendered":"Alessandro Scariolo deja el Palmer y ficha por el Fibwi Mallorca"},"content":{"rendered":"<p><strong>Alessandro Scariolo deja el <a href=\"https:\/\/www.ultimahora.es\/etiqueta\/palmer+basket+mallorca.html?utm_source=Inline-tag&amp;utm_medium=internal\" rel=\"nofollow noopener\" target=\"_blank\">Palmer Basket Mallorca<\/a> Palma y ha fichado por el eterno rival, el <a href=\"https:\/\/www.ultimahora.es\/etiqueta\/Fibwi+Palma.html?utm_source=Inline-tag&amp;utm_medium=internal\" rel=\"nofollow noopener\" target=\"_blank\">Fibwi Palma<\/a>.<\/strong> Alessandro Scariolo y el Palmer hab\u00edan acordado finalizar su desvinculaci\u00f3n contractual. El jugador y el club <strong>concluyen su correspondencia tras m\u00e1s de una temporada<\/strong>. El director de juego de 24 a\u00f1os hab\u00eda defendido la el\u00e1stica turquesa en <strong>35 encuentros oficiales entre Segunda FEB, Copa de Espa\u00f1a y <a href=\"https:\/\/www.ultimahora.es\/etiqueta\/Primera+FEB.html?utm_source=Inline-tag&amp;utm_medium=internal\" rel=\"nofollow noopener\" target=\"_blank\">Primera FEB<\/a><\/strong>. Scariolo cierra su estancia en el conjunto isle\u00f1o despu\u00e9s de contribuir al equipo en el ascenso a la segunda categor\u00eda nacional. El club quiso expresar su agradecimiento a Alessandro Scariolo por la dedicaci\u00f3n mostrada durante su per\u00edodo en el cuadro mallorqu\u00edn y le dese\u00f3 mucha fortuna en sus pr\u00f3ximos retos.<\/p>\n<p>El Fibwi Palma estaba buscando desde hace unas semanas un <strong>sustituto para Jorge Mart\u00ednez, el director de juego lesionado y que ser\u00e1 baja unos dos meses<\/strong>. Desde la direcci\u00f3n t\u00e9cnica se hab\u00eda preguntado al <strong>representante de Scariolo<\/strong> por alg\u00fan jugador interesante, pero sin referirse al jugador por aquel entonces del Palmer. Pero tras la decisi\u00f3n de Scariolo de dejar el equipo, el Fibwi se ha lanzado a por \u00e9l y <strong>el jugador est\u00e1 muy agradecido<\/strong> ante esta nueva oportunidad.<\/p>\n<p>Nacido en M\u00e1laga el 21 de octubre de 2001 y de 1,90 metros de altura, <strong>Scariolo, hijo del entrenador del Real Madrid<\/strong>, Sergio Scariolo, e incorpora a la disciplina del <strong>equipo entrenado por Pablo Cano<\/strong>. Jugador de talento, Alessandro se incorpora para reforzar la plantilla y <strong>aportar minutos y juego al equipo<\/strong>. El ya nuevo jugador del Fibwi Mallorca B\u00e0squet <strong>ha conocido este viernes a sus nuevos compa\u00f1eros y ha trabajado por primera vez<\/strong> a las \u00f3rdenes del t\u00e9cnico uruguayo.<\/p>\n<p>Tras formarse en la cantera del Unicaja M\u00e1laga y seguir creciendo en el <a href=\"https:\/\/www.ultimahora.es\/etiqueta\/baloncesto.html?utm_source=Inline-tag&amp;utm_medium=internal\" rel=\"nofollow noopener\" target=\"_blank\">baloncesto<\/a> universitario estadounidense, Alessandro Scariolo se incorporaba a las filas del <strong>Lobe Huesca La Magia en la temporada 2023-24 jugando un total de 26 encuentros promediando 22,10 minutos<\/strong> de partido en los que anot\u00f3 10,9 puntos, captur\u00f3 2,7 rebotes y reparti\u00f3 2,8 asistencias. En la temporada 2024-25, el jugador andaluz se incorpor\u00f3 a las filas del Palmer Basket Mallorca Palma donde jug\u00f3, entre Copa de Espa\u00f1a, Liga Regular y <strong>eliminatorias de ascenso un total de 25 encuentros promediando una media de 18,24 minutos por partido en los que anot\u00f3 8,4 puntos<\/strong>, captur\u00f3 tres rebotes y reparti\u00f3 3,1 asistencias por encuentro<\/p>\n<p>En esta campa\u00f1a, Scariolo ha jugado un total de ocho partidos promediando una media de 11,5 minutos por partido anotando 4,9 puntos de media, capturando 1,6 rebotes y repartiendo una asistencia por partido. Con este fichaje,<strong> el Fibwi Mallorca B\u00e0squet Palma suma efectivos de cara a lo que resta de temporada<\/strong> y sigue preparando el partido del <strong>domingo ante el Grupo Ureta CB Tizona Burgos en Son Moix<\/strong>.<\/p>\n","protected":false},"excerpt":{"rendered":"Alessandro Scariolo deja el Palmer Basket Mallorca Palma y ha fichado por el eterno rival, el Fibwi Palma.&hellip;\n","protected":false},"author":2,"featured_media":273038,"comment_status":"","ping_status":"","sticky":false,"template":"","format":"standard","meta":{"footnotes":""},"categories":[269],"tags":[299,298,168,25,24,301,832,833,14379,830,831,829,3917,23,167],"class_list":{"0":"post-273037","1":"post","2":"type-post","3":"status-publish","4":"format-standard","5":"has-post-thumbnail","7":"category-baloncesto","8":"tag-baloncesto","9":"tag-basketball","10":"tag-deportes","11":"tag-es","12":"tag-espana","13":"tag-eurobasket","14":"tag-eurocup","15":"tag-euroliga","16":"tag-fibwi-palma","17":"tag-leb-oro","18":"tag-liga-acb","19":"tag-palmer-basket-mallorca","20":"tag-primera-feb","21":"tag-spain","22":"tag-sports"},"share_on_mastodon":{"url":"https:\/\/pubeurope.com\/@es\/115668611658304981","error":""},"_links":{"self":[{"href":"https:\/\/www.europesays.com\/es\/wp-json\/wp\/v2\/posts\/273037","targetHints":{"allow":["GET"]}}],"collection":[{"href":"https:\/\/www.europesays.com\/es\/wp-json\/wp\/v2\/posts"}],"about":[{"href":"https:\/\/www.europesays.com\/es\/wp-json\/wp\/v2\/types\/post"}],"author":[{"embeddable":true,"href":"https:\/\/www.europesays.com\/es\/wp-json\/wp\/v2\/users\/2"}],"replies":[{"embeddable":true,"href":"https:\/\/www.europesays.com\/es\/wp-json\/wp\/v2\/comments?post=273037"}],"version-history":[{"count":0,"href":"https:\/\/www.europesays.com\/es\/wp-json\/wp\/v2\/posts\/273037\/revisions"}],"wp:featuredmedia":[{"embeddable":true,"href":"https:\/\/www.europesays.com\/es\/wp-json\/wp\/v2\/media\/273038"}],"wp:attachment":[{"href":"https:\/\/www.europesays.com\/es\/wp-json\/wp\/v2\/media?parent=273037"}],"wp:term":[{"taxonomy":"category","embeddable":true,"href":"https:\/\/www.europesays.com\/es\/wp-json\/wp\/v2\/categories?post=273037"},{"taxonomy":"post_tag","embeddable":true,"href":"https:\/\/www.europesays.com\/es\/wp-json\/wp\/v2\/tags?post=273037"}],"curies":[{"name":"wp","href":"https:\/\/api.w.org\/{rel}","templated":true}]}}