{"id":273039,"date":"2025-12-05T19:28:15","date_gmt":"2025-12-05T19:28:15","guid":{"rendered":"https:\/\/www.europesays.com\/es\/273039\/"},"modified":"2025-12-05T19:28:15","modified_gmt":"2025-12-05T19:28:15","slug":"valencia-cf-novedades-con-la-lesion-de-mouctar-diakhaby","status":"publish","type":"post","link":"https:\/\/www.europesays.com\/es\/273039\/","title":{"rendered":"VALENCIA CF | Novedades con la lesi\u00f3n de Mouctar Diakhaby"},"content":{"rendered":"<p class=\"ft-text\"><strong>El Valencia CF ha vuelto a entrenar <\/strong><a class=\"ft-link ft-link--decoration\" href=\"https:\/\/www.superdeporte.es\/valencia-cf\/2025\/12\/04\/cronica-dimitrievski-mantiene-vida-valencia-copa-124464474.html\" rel=\"nofollow noopener\" target=\"_blank\"><strong>despu\u00e9s del partido de Copa del Rey frente al Cartagena<\/strong><\/a><strong> con una muy buena noticia: el regreso de Mouctar Diakhaby al grupo.<\/strong> El central guineano salt\u00f3 al c\u00e9sped para trabajar con el resto de sus compa\u00f1eros despu\u00e9s de un largo periodo de lesi\u00f3n muscular.<\/p>\n<p class=\"ft-text\">El futbolista, que <strong>se lesion\u00f3 en el partido frente al Girona a principios del pasado mes de octubre, ha estado m\u00e1s de dos meses en el dique seco<\/strong>, lo que ha supuesto tambi\u00e9n un grave inconveniente para un equipo que ha sufrido en muchos partidos de inconsistencia defensiva.<\/p>\n<p>Un esperado regreso<\/p>\n<p class=\"ft-text\">Diakhaby<strong> recuper\u00f3 el puesto de titular por la v\u00eda r\u00e1pida y su experiencia sobre el terreno de juego le da mucho a un equipo que precisa de referentes en todas las l\u00edneas. <\/strong>Desde su ausencia ha jugado un Jos\u00e9 Copete que ha mejorado su rendimiento en los \u00faltimos dos choques.<\/p>\n<p>No llega para el domingo<\/p>\n<p class=\"ft-text\">No est\u00e1 previsto, en todo caso, que<strong> Diakhaby regrese para jugar contra el Sevilla FC este fin de semana. Lleva muchos tiempo parado y necesita coger ritmo <\/strong>antes de volver a la competici\u00f3n, por lo que frente a los hispalenses el Valencia repetir\u00e1 eje de la zaga.<\/p>\n<p><img decoding=\"async\" src=\"https:\/\/www.europesays.com\/es\/wp-content\/uploads\/2025\/12\/6f9c2626-294b-49dd-8d89-b5069298b3f4_alta-libre-aspect-ratio_default_0.jpg\" width=\"1200\" height=\"943\" alt=\"Diakhaby, jugador que ha luchado contra el racismo en el f\u00fatbol espa\u00f1ol, celebra un gol junto a Santamar\u00eda\" class=\"ft-helper-img-rd\" loading=\"lazy\"\/><\/p>\n<p class=\"ft-helper-fontColor-quaternary ft-helper-fontSize-body-S ft-helper-spacer-t-xxs\">Diakhaby, jugador que ha luchado contra el racismo en el f\u00fatbol espa\u00f1ol, celebra un gol junto a Santamar\u00eda  \/ SD<\/p>\n<p>Atl\u00e9tico en la mirilla<\/p>\n<p class=\"ft-text\">Los plazos, eso s\u00ed,<strong> marcan en rojo el partido contra el Atl\u00e9tico de Madrid en el Metropolitano de la jornada siguiente. <\/strong>En ese momento se espera que el jugador pueda tener el &#8216;alta deportiva&#8217; y formar parte de la <a class=\"ft-link ft-link--decoration\" href=\"https:\/\/www.valenciacf.com\/\" rel=\"nofollow noopener\" target=\"_blank\">expedici\u00f3n valencianista. <\/a><\/p>\n","protected":false},"excerpt":{"rendered":"El Valencia CF ha vuelto a entrenar despu\u00e9s del partido de Copa del Rey frente al Cartagena con&hellip;\n","protected":false},"author":2,"featured_media":273040,"comment_status":"","ping_status":"","sticky":false,"template":"","format":"standard","meta":{"footnotes":""},"categories":[268],"tags":[1941,168,43702,8346,25,24,280,282,8252,43701,43704,5285,18882,12764,281,23,167,5419],"class_list":{"0":"post-273039","1":"post","2":"type-post","3":"status-publish","4":"format-standard","5":"has-post-thumbnail","7":"category-futbol","8":"tag-copa-del-rey","9":"tag-deportes","10":"tag-diakhaby","11":"tag-entrenamiento","12":"tag-es","13":"tag-espana","14":"tag-football","15":"tag-futbol","16":"tag-lesion","17":"tag-mouctar","18":"tag-mouctar-diakhaby","19":"tag-novedades","20":"tag-paterna","21":"tag-sevilla-fc","22":"tag-soccer","23":"tag-spain","24":"tag-sports","25":"tag-valencia-cf"},"share_on_mastodon":{"url":"https:\/\/pubeurope.com\/@es\/115668616231682149","error":""},"_links":{"self":[{"href":"https:\/\/www.europesays.com\/es\/wp-json\/wp\/v2\/posts\/273039","targetHints":{"allow":["GET"]}}],"collection":[{"href":"https:\/\/www.europesays.com\/es\/wp-json\/wp\/v2\/posts"}],"about":[{"href":"https:\/\/www.europesays.com\/es\/wp-json\/wp\/v2\/types\/post"}],"author":[{"embeddable":true,"href":"https:\/\/www.europesays.com\/es\/wp-json\/wp\/v2\/users\/2"}],"replies":[{"embeddable":true,"href":"https:\/\/www.europesays.com\/es\/wp-json\/wp\/v2\/comments?post=273039"}],"version-history":[{"count":0,"href":"https:\/\/www.europesays.com\/es\/wp-json\/wp\/v2\/posts\/273039\/revisions"}],"wp:featuredmedia":[{"embeddable":true,"href":"https:\/\/www.europesays.com\/es\/wp-json\/wp\/v2\/media\/273040"}],"wp:attachment":[{"href":"https:\/\/www.europesays.com\/es\/wp-json\/wp\/v2\/media?parent=273039"}],"wp:term":[{"taxonomy":"category","embeddable":true,"href":"https:\/\/www.europesays.com\/es\/wp-json\/wp\/v2\/categories?post=273039"},{"taxonomy":"post_tag","embeddable":true,"href":"https:\/\/www.europesays.com\/es\/wp-json\/wp\/v2\/tags?post=273039"}],"curies":[{"name":"wp","href":"https:\/\/api.w.org\/{rel}","templated":true}]}}