{"id":273051,"date":"2025-12-05T19:35:08","date_gmt":"2025-12-05T19:35:08","guid":{"rendered":"https:\/\/www.europesays.com\/es\/273051\/"},"modified":"2025-12-05T19:35:08","modified_gmt":"2025-12-05T19:35:08","slug":"el-futbol-da-una-tregua-en-los-ataques-de-trump-a-mexico-y-canada-futbol-deportes","status":"publish","type":"post","link":"https:\/\/www.europesays.com\/es\/273051\/","title":{"rendered":"El f\u00fatbol da una tregua en los ataques de Trump a M\u00e9xico y Canad\u00e1 | F\u00fatbol | Deportes"},"content":{"rendered":"<p class=\"\">Si Washington no hubiera amanecido cubierta por la primera nevada del invierno, tal vez habr\u00eda sido la ocasi\u00f3n para recurrir a la socorrida imagen del deshielo en las relaciones entre el presidente de Estados Unidos, Donald Trump, su hom\u00f3loga mexicana, Claudia Sheinbaum, que viajaba por primera vez a la capital estadounidense, y el primer ministro canadiense, Mark Carney. Los tres socios norteamericanos est\u00e1n a punto de cerrar el a\u00f1o m\u00e1s tenso en su relaci\u00f3n desde la firma en los noventa del tratado de libre comercio, T-MEC, pero este viernes esas rencillas \u2014y las amenazas y los insultos de Trump\u2014 quedaron aparcados <a href=\"https:\/\/elpais.com\/mexico\/2025-12-05\/la-amenaza-de-la-intervencion-militar-marca-el-primer-cara-a-cara-entre-trump-y-sheinbaum.html\" target=\"_blank\" rel=\"nofollow noopener\">moment\u00e1neamente en nombre del f\u00fatbol.<\/a><\/p>\n<p class=\"\">El motivo de la oficiosa cumbre trilateral (un grupo que en un pasado que ahora se antoja lejano se presentaba como los \u201cthree amigos\u201d) era el sorteo del Mundial, que se celebrar\u00e1 el a\u00f1o que viene en estadios repartidos por 16 ciudades de los tres pa\u00edses.<\/p>\n<p class=\"\">La FIFA, su organizadora, suele defender que la pol\u00edtica no tiene cabida en el torneo, pero en el acto de este viernes, celebrado en el <a href=\"https:\/\/elpais.com\/deportes\/2025-12-05\/el-mundo-del-futbol-se-prepara-para-el-sorteo-del-mundial-en-una-ceremonia-protagonizada-por-trump.html\" target=\"_blank\" rel=\"nofollow noopener\">Kennedy Center de Washington<\/a>, el gran templo de la m\u00fasica y las artes esc\u00e9nicas de la ciudad, puesto por Trump al servicio de los ideales MAGA (Make America Great Again), esta estuvo m\u00e1s presente que nunca.<\/p>\n<p class=\"\">Y esa supuesta neutralidad del organismo rector del f\u00fatbol no impidi\u00f3 que Gianni Infantino, su presidente, agasajara a Trump d\u00e1ndole un premio de consolaci\u00f3n de la paz, inventado sobre la marcha. Se lo otorgaron precisamente una semana antes del que el presidente realmente anhela, el Nobel, que se entregar\u00e1 en Oslo a la disidente venezolana Mar\u00eda Corina Machado.<\/p>\n<p class=\"\">En su discurso de aceptaci\u00f3n, el presidente de Estados Unidos defendi\u00f3 que ha terminado con ocho guerras, en lo que solo cabe definir como una exageraci\u00f3n, y dijo: \u201cEl Mundial va a ser algo incre\u00edble. Hemos trabajado codo con codo los tres pa\u00edses para coordinarlo. Y quiero decir que nuestra relaci\u00f3n es extraordinaria\u201d. Antes, a los reporteros que lo siguen a diario les hab\u00eda avanzado que tratar\u00eda sobre comercio con sus socios una vez terminado el sorteo, aunque no dio m\u00e1s detalles sobre el cu\u00e1ndo y el c\u00f3mo.<\/p>\n<p class=\"\">Los tres l\u00edderes subieron despu\u00e9s al escenario de la \u00f3pera del Kennedy Center, y se colocaron tras unos atriles con el n\u00famero 26. \u201cVa a ser el mejor trato de la historia\u201d, dijo Carney sobre la colaboraci\u00f3n de los pa\u00edses para organizar el Mundial. Sheinbaum, en espa\u00f1ol, vendi\u00f3 un M\u00e9xico \u201cextraordinario, bello, m\u00e1gico\u201d. \u201cEs un pueblo extraordinario, trabajador, que juega al juego de pelota desde tiempos ancestrales\u201d, agreg\u00f3.<\/p>\n<p class=\"\">Trump record\u00f3 por su parte que esta no ser\u00e1 la primera vez que el f\u00fatbol trata de cuajar en Estados Unidos: se remont\u00f3 a los tiempos de Pel\u00e9 en el Cosmos, extinto equipo neoyorquino, y repiti\u00f3 uno de los pocos argumentos que maneja sobre un deporte con el que no tiene un pasado: \u201cTenemos que encontrar un nombre nuevo, porque ustedes lo llaman f\u00fatbol, y nosotros, soccer\u201d, declar\u00f3, antes de que Infantino se hiciera un selfi con los tres y de que estos volvieran al palco presidencial del teatro de \u00f3pera del complejo cultural. <\/p>\n<p>Amenazas de aranceles y exigencias de seguridad<\/p>\n<p class=\"\">La cita estaba obviamente rodeada por la incertidumbre sobre los emparejamientos que el bombo deparar\u00eda a los 48 pa\u00edses clasificados (no as\u00ed, los grupos en los que caer\u00e1n las selecciones anfitrionas; eso estaba decidido de antemano), pero tambi\u00e9n por c\u00f3mo se comportar\u00eda Trump, que acudi\u00f3 acompa\u00f1ado de la primera dama, Melania Trump, con sus viejos aliados, a los que lleva meses amenazando con aranceles y reprendiendo por no hacer lo suficiente para detener el tr\u00e1fico de fentanilo, potente opi\u00e1ceo que ha provocado una sensacional crisis de decenas de miles de muertos por sobredosis.<\/p>\n<p class=\"\">En el caso de M\u00e9xico, <a href=\"https:\/\/elpais.com\/america\/2025-12-04\/un-almirante-niega-en-el-congreso-de-estados-unidos-que-hegseth-diera-orden-de-rematar-a-dos-supervivientes-en-una-narcolancha.html\" target=\"_blank\" rel=\"nofollow noopener\">esas amenazas han escalado en las \u00faltimas semanas,<\/a> en las que el presidente estadounidense ha coqueteado con la idea de lanzar una ofensiva militar para, pulverizando las reglas del derecho internacional, descabezar el narco, como viene haciendo con los asesinatos extrajudiciales de los tripulantes de las supuestas narcolanchas (al menos, en 21 ataques; el \u00faltimo, el jueves) que surcan las aguas internacionales del Caribe y del Pac\u00edfico.<\/p>\n<p class=\"\">La relaci\u00f3n personal de Trump con Sheinbaum ha sido cordial en estos meses. Tras casi dos decenas de llamadas, cartas y un rosario de alusiones directas e indirectas entre ambos, este viernes llegaba la prueba de fuego del contacto cara a cara que, a todas luces, la presidenta mexicana ha evitado en este tiempo. Y as\u00ed, no se produjo una reuni\u00f3n bilateral en el Despacho Oval, en la que Sheinbaum tambi\u00e9n se expon\u00eda a otro sorteo, en el que le pod\u00eda salir una de las dos bolitas del bombo de la Casa Blanca: la de un encuentro cordial, pese a los ataques previos, como el del alcalde <a href=\"https:\/\/elpais.com\/internacional\/2025-11-21\/trump-recibe-a-mamdani-en-la-casa-blanca-cuanto-mejor-le-vaya-a-el-mas-feliz-sere-yo.html\" target=\"_blank\" rel=\"nofollow noopener\">electo de Nueva York, Zohran Mamdani,<\/a> o la de una encerrona al estilo de la del presidente ucranio, Volod\u00edmir Zelenski, que dio la vuelta al mundo en febrero pasado.<\/p>\n<p class=\"\">Estaba previsto un breve encuentro, en el que ambos l\u00edderes esperaban tratar temas de seguridad y comerciales; Trump ha impuesto aranceles del 25% a todos los productos que no est\u00e1n contemplados en el TMEC, adem\u00e1s grav\u00e1menes del 25% a los autom\u00f3viles, y del 50% al acero, el aluminio y el cobre. Se confiaba tambi\u00e9n en que Sheinbaum, que ya ha <a href=\"https:\/\/elpais.com\/mexico\/2025-08-13\/sheinbaum-sobre-la-entrega-de-26-narcos-a-estados-unidos-es-por-la-seguridad-de-nuestro-pais.html\" rel=\"nofollow noopener\" target=\"_blank\">entregado a Washington en dos tandas a m\u00e1s de 50 de capos del crimen organizado<\/a>, ofreciera una tercera tanda de env\u00edos de narcos de las c\u00e1rceles mexicanas a las de Estados Unidos.<\/p>\n<p class=\"\">Carney s\u00ed ha pasado por ese trago del Despacho Oval en dos ocasiones. En la primera de ellas, le record\u00f3 a Trump que \u201cCanad\u00e1 no est\u00e1 en venta\u201d, y sali\u00f3 airoso en un clima hostil, abonado por el presidente de Estados Unidos desde antes de asumir el cargo, y por sus aspiraciones de convertir al vecino del norte en el Estado n\u00famero 51 de la Uni\u00f3n. <\/p>\n<p class=\"\">El cambio de guion en las relaciones entre los dos viejos aliados ha despertado un nacionalismo dormido en Canad\u00e1, y ha alentado el boicot de productos estadounidenses y alterado los planes de muchos de sus ciudadanos de cruzar la frontera para ir de vacaciones o hacer negocios. De ah\u00ed la sorpresa que supuso la elecci\u00f3n de la leyenda del hockey Wayne Gretsky, amigo de Trump y denostado en los \u00faltimos meses por sus compatriotas por su sinton\u00eda con el mundo MAGA tras d\u00e9cadas de vivir en Estados Unidos, para servir de cara del pa\u00eds en el sorteo. <\/p>\n<p class=\"\">Tras el largo ceremonial de los bombos y el reparto de los pa\u00edses por grupos, a\u00fan quedaba un \u00faltimo gui\u00f1o al anfitri\u00f3n de la ceremonia. Lleg\u00f3 con la actuaci\u00f3n de despedida del acto, que corri\u00f3 a cargo de Village People (o m\u00e1s bien, de lo que queda de la formaci\u00f3n original de Village People). Interpretaron YMCA, la canci\u00f3n favorita del presidente de Estados Unidos. Este se puso en pie y despidi\u00f3 el espect\u00e1culo desde el palco de la \u00f3pera Kennedy Center, aplaudiendo y dando las gracias con los labios para que el mundo los pudiera leer sobre el estruendo del himno gay de la m\u00fasica disco. <\/p>\n","protected":false},"excerpt":{"rendered":"Si Washington no hubiera amanecido cubierta por la primera nevada del invierno, tal vez habr\u00eda sido la ocasi\u00f3n&hellip;\n","protected":false},"author":2,"featured_media":273052,"comment_status":"","ping_status":"","sticky":false,"template":"","format":"standard","meta":{"footnotes":""},"categories":[93],"tags":[889,4135,5854,3730,18291,5852,5853,5857,168,352,95,25,24,629,5855,282,1538,43288,5850,5856,1906,5851,23,167],"class_list":{"0":"post-273051","1":"post","2":"type-post","3":"status-publish","4":"format-standard","5":"has-post-thumbnail","7":"category-deportes","8":"tag-america","9":"tag-aranceles","10":"tag-balanza-comercial","11":"tag-canada","12":"tag-claudia-sheinbaum","13":"tag-comercio-exterior","14":"tag-comercio-internacional","15":"tag-deficit-comercial","16":"tag-deportes","17":"tag-donald-trump","18":"tag-economia","19":"tag-es","20":"tag-espana","21":"tag-estados-unidos","22":"tag-exportaciones","23":"tag-futbol","24":"tag-futbolistas","25":"tag-gianni-infantino","26":"tag-guerra-comercial","27":"tag-importaciones","28":"tag-mexico","29":"tag-proteccionismo","30":"tag-spain","31":"tag-sports"},"share_on_mastodon":{"url":"https:\/\/pubeurope.com\/@es\/115668643064422404","error":""},"_links":{"self":[{"href":"https:\/\/www.europesays.com\/es\/wp-json\/wp\/v2\/posts\/273051","targetHints":{"allow":["GET"]}}],"collection":[{"href":"https:\/\/www.europesays.com\/es\/wp-json\/wp\/v2\/posts"}],"about":[{"href":"https:\/\/www.europesays.com\/es\/wp-json\/wp\/v2\/types\/post"}],"author":[{"embeddable":true,"href":"https:\/\/www.europesays.com\/es\/wp-json\/wp\/v2\/users\/2"}],"replies":[{"embeddable":true,"href":"https:\/\/www.europesays.com\/es\/wp-json\/wp\/v2\/comments?post=273051"}],"version-history":[{"count":0,"href":"https:\/\/www.europesays.com\/es\/wp-json\/wp\/v2\/posts\/273051\/revisions"}],"wp:featuredmedia":[{"embeddable":true,"href":"https:\/\/www.europesays.com\/es\/wp-json\/wp\/v2\/media\/273052"}],"wp:attachment":[{"href":"https:\/\/www.europesays.com\/es\/wp-json\/wp\/v2\/media?parent=273051"}],"wp:term":[{"taxonomy":"category","embeddable":true,"href":"https:\/\/www.europesays.com\/es\/wp-json\/wp\/v2\/categories?post=273051"},{"taxonomy":"post_tag","embeddable":true,"href":"https:\/\/www.europesays.com\/es\/wp-json\/wp\/v2\/tags?post=273051"}],"curies":[{"name":"wp","href":"https:\/\/api.w.org\/{rel}","templated":true}]}}