{"id":273060,"date":"2025-12-05T19:40:08","date_gmt":"2025-12-05T19:40:08","guid":{"rendered":"https:\/\/www.europesays.com\/es\/273060\/"},"modified":"2025-12-05T19:40:08","modified_gmt":"2025-12-05T19:40:08","slug":"flavio-bolsonaro-hijo-del-expresidente-candidato-a-la-presidencia","status":"publish","type":"post","link":"https:\/\/www.europesays.com\/es\/273060\/","title":{"rendered":"Fl\u00e1vio Bolsonaro, hijo del expresidente, candidato a la Presidencia"},"content":{"rendered":"<p>El senador Fl\u00e1vio <strong>Bolsonaro<\/strong>, hijo del expresidente Jair Bolsonaro, ser\u00e1 candidato a la Presidencia de Brasil en octubre de 2026, ha anunciado este viernes el presidente del Partido Liberal (PL), Valdemar Costa Neto.<\/p>\n<p>\u00abConfirmado. Fl\u00e1vio me dijo que nuestro capit\u00e1n (Jair Bolsonaro) ratific\u00f3 su candidatura. Bolsonaro habl\u00f3, est\u00e1 hablado. Estamos juntos\u00bb, ha dicho Costa Neto, en declaraciones al medio Poder 360.<\/p>\n<p>La elecci\u00f3n de Fl\u00e1vio como candidato cuenta con el <strong>aval de su padre<\/strong>, quien cumple una <a href=\"https:\/\/www.rtve.es\/noticias\/20250911\/corte-suprema-brasil-alcanza-mayoria-para-condenar-a-bolsonaro-por-golpe-estado\/16725858.shtml\" target=\"_blank\" rel=\"nofollow noopener\">condena de c\u00e1rcel de 27 a\u00f1os por golpe de Estado en enero de 2023<\/a>, seg\u00fan ha asegurado el dirigente del PL.<\/p>\n<p>\u00abEs con gran responsabilidad que confirmo la decisi\u00f3n del mayor l\u00edder pol\u00edtico y moral de Brasil, Jair Messias Bolsonaro, de conferirme la misi\u00f3n de <strong>dar continuidad a nuestro proyecto de naci\u00f3n<\/strong>\u00ab, ha escrito Fl\u00e1vio Bolsonaro en una publicaci\u00f3n en la red social X.<\/p>\n<p>\u00abNuestro pa\u00eds atraviesa momentos dif\u00edciles, en los que muchos se sienten abandonados, los jubilados son robados por el propio gobierno, los <strong>narcoterroristas dominan las ciudades<\/strong> y explotan a los trabajadores, las empresas estatales vuelven a ser saqueadas, no dejan de crearse o aumentarse nuevos impuestos, y nuestros hijos no tienen expectativas de futuro\u00bb, ha a\u00f1adido el senador en su mensaje. <\/p>\n<p>Por todo ello, ha manifestado que no se va a \u00abquedar de brazos cruzados\u00bb viendo \u00abc\u00f3mo la esperanza de las familias se apaga\u00bb y c\u00f3mo \u00absucumbe\u00bb la democracia brasile\u00f1a.<\/p>\n<p>Su elecci\u00f3n como candidato despeja las dudas que se hab\u00edan abierto en la derecha tras la inhabilitaci\u00f3n pol\u00edtica de su padre y su posterior condena de c\u00e1rcel por liderar un golpe de Estado para tratar de retener el poder tras su derrota en los <a href=\"https:\/\/www.rtve.es\/noticias\/elecciones-brasil\/\" target=\"_blank\" rel=\"nofollow noopener\">comicios de 2022<\/a>.<\/p>\n<p>Con anterioridad, se hab\u00edan barajado varios nombres, como el gobernador de S\u00e3o Paulo, Tarc\u00edsio de Freitas, o incluso la exprimera dama, Michelle Bolsonaro.<\/p>\n<p>Senador desde 2019<\/p>\n<p>Fl\u00e1vio Bolsonaro, de 44 a\u00f1os, es el hijo mayor del l\u00edder de la extrema derecha brasile\u00f1a, <strong>abogado de profesi\u00f3n<\/strong> y ocupa un esca\u00f1o en el Senado desde 2019.<\/p>\n<p>En las elecciones del pr\u00f3ximo a\u00f1o se enfrentar\u00e1 al actual presidente, Luiz In\u00e1cio Lula da Silva, para aspirar a un mandato de cuatro a\u00f1os que se iniciar\u00e1 en enero de 2027.<\/p>\n<p>Fl\u00e1vio es un firme defensor de un <strong>proyecto de ley que propone amnistiar a los implicados en el golpe de Estado<\/strong>, incluyendo a su padre, un proyecto que lleva meses estancado en el Legislativo por falta de apoyo pol\u00edtico.<\/p>\n<p>El <a href=\"https:\/\/www.rtve.es\/noticias\/20251125\/brasil-bolsonaro-comienza-a-cumplir-su-condena-por-organizar-golpe-contra-lula\/16831669.shtml\" target=\"_blank\" rel=\"nofollow noopener\">expresidente de Brasil Jair Bolsonaro ha comenzado ya a cumplir su condena<\/a> de m\u00e1s de 27 a\u00f1os por organizar el intento de golpe de Estado contra Lula da Silva.<\/p>\n","protected":false},"excerpt":{"rendered":"El senador Fl\u00e1vio Bolsonaro, hijo del expresidente Jair Bolsonaro, ser\u00e1 candidato a la Presidencia de Brasil en octubre&hellip;\n","protected":false},"author":2,"featured_media":273061,"comment_status":"","ping_status":"","sticky":false,"template":"","format":"standard","meta":{"footnotes":""},"categories":[42],"tags":[17,18,13,14,11,61,62,63,64,19,20,9,10,15,16,12,21,22,65,66,67],"class_list":{"0":"post-273060","1":"post","2":"type-post","3":"status-publish","4":"format-standard","5":"has-post-thumbnail","7":"category-internacional","8":"tag-breaking-news","9":"tag-breakingnews","10":"tag-featured-news","11":"tag-featurednews","12":"tag-headlines","13":"tag-internacional","14":"tag-international","15":"tag-international-news","16":"tag-internationalnews","17":"tag-latest-news","18":"tag-latestnews","19":"tag-news","20":"tag-noticias","21":"tag-noticias-destacadas","22":"tag-noticiasdestacadas","23":"tag-titulares","24":"tag-ultimas-noticias","25":"tag-ultimasnoticias","26":"tag-world","27":"tag-world-news","28":"tag-worldnews"},"share_on_mastodon":{"url":"https:\/\/pubeurope.com\/@es\/115668662760488704","error":""},"_links":{"self":[{"href":"https:\/\/www.europesays.com\/es\/wp-json\/wp\/v2\/posts\/273060","targetHints":{"allow":["GET"]}}],"collection":[{"href":"https:\/\/www.europesays.com\/es\/wp-json\/wp\/v2\/posts"}],"about":[{"href":"https:\/\/www.europesays.com\/es\/wp-json\/wp\/v2\/types\/post"}],"author":[{"embeddable":true,"href":"https:\/\/www.europesays.com\/es\/wp-json\/wp\/v2\/users\/2"}],"replies":[{"embeddable":true,"href":"https:\/\/www.europesays.com\/es\/wp-json\/wp\/v2\/comments?post=273060"}],"version-history":[{"count":0,"href":"https:\/\/www.europesays.com\/es\/wp-json\/wp\/v2\/posts\/273060\/revisions"}],"wp:featuredmedia":[{"embeddable":true,"href":"https:\/\/www.europesays.com\/es\/wp-json\/wp\/v2\/media\/273061"}],"wp:attachment":[{"href":"https:\/\/www.europesays.com\/es\/wp-json\/wp\/v2\/media?parent=273060"}],"wp:term":[{"taxonomy":"category","embeddable":true,"href":"https:\/\/www.europesays.com\/es\/wp-json\/wp\/v2\/categories?post=273060"},{"taxonomy":"post_tag","embeddable":true,"href":"https:\/\/www.europesays.com\/es\/wp-json\/wp\/v2\/tags?post=273060"}],"curies":[{"name":"wp","href":"https:\/\/api.w.org\/{rel}","templated":true}]}}