{"id":273062,"date":"2025-12-05T19:41:08","date_gmt":"2025-12-05T19:41:08","guid":{"rendered":"https:\/\/www.europesays.com\/es\/273062\/"},"modified":"2025-12-05T19:41:08","modified_gmt":"2025-12-05T19:41:08","slug":"la-empresa-gestora-del-hospital-de-torrejon-ordeno-reutilizar-material-sanitario-de-un-solo-uso-sociedad","status":"publish","type":"post","link":"https:\/\/www.europesays.com\/es\/273062\/","title":{"rendered":"La empresa gestora del Hospital de Torrej\u00f3n orden\u00f3 reutilizar material sanitario de un solo uso | Sociedad"},"content":{"rendered":"<p>Gestores del Hospital de Torrej\u00f3n ordenaron reutilizar material sanitario que era de un solo uso. Orden\u00f3 coger cat\u00e9teres ya usados, los tubos finos que se introducen en el cuerpo de un paciente para, por ejemplo, hacerle una prueba, tomarlos despu\u00e9s de su primer uso, esterilizarlos y utilizarlos con otro paciente, incluso hasta diez veces aunque su etiquetado marcaba con claridad que deb\u00edan desecharlos y emplear uno nuevo con cada prueba, con cada personas que atend\u00edan. <\/p>\n<p>M\u00e1s informaci\u00f3n<\/p>\n<p>Es la novedad que <a href=\"https:\/\/elpais.com\/sociedad\/2025-12-05\/empleados-del-hospital-de-torrejon-recibieron-la-orden-de-reutilizar-material-sanitario-de-un-solo-uso.html\" target=\"_blank\" rel=\"nofollow noopener\" title=\"https:\/\/elpais.com\/sociedad\/2025-12-05\/empleados-del-hospital-de-torrejon-recibieron-la-orden-de-reutilizar-material-sanitario-de-un-solo-uso.html\">cuenta esta ma\u00f1ana el diario El Pa\u00eds<\/a> de un caso que sigue poniendo en duda la gesti\u00f3n privada de este hospital p\u00fablico.<\/p>\n<p>Dice esa informaci\u00f3n de El Pa\u00eds, que esta fue una de las instrucciones que denunciaron por los canales internos cuatro de los directivos del hospital que gestiona Ribera Salud. Explicaron que por la ficha t\u00e9cnica que as\u00ed lo indica, este material no se puede volver a esterilizar. Que era ilegal y mala praxis m\u00e9dica. Solo se puede enviar a una empresa especializada y externa para intentar reacondicionarlo.<\/p>\n<p>M\u00e1s informaci\u00f3n<\/p>\n<p>Cuatro d\u00edas despu\u00e9s de denunciar cosas como esta, la empresa, Ribera Salud, despidi\u00f3 a los directivos. Hoy la misma empresa niega haber realizado estas pr\u00e1cticas de repetir cat\u00e9teres. Pero hace ya siete meses que <a href=\"https:\/\/cadenaser.com\/nacional\/2025\/12\/04\/trabajadores-del-hospital-de-torrejon-denunciaron-hace-meses-presiones-para-priorizar-a-los-pacientes-mas-rentables-cadena-ser\/\" target=\"_blank\" rel=\"nofollow noopener\" title=\"https:\/\/cadenaser.com\/nacional\/2025\/12\/04\/trabajadores-del-hospital-de-torrejon-denunciaron-hace-meses-presiones-para-priorizar-a-los-pacientes-mas-rentables-cadena-ser\/\">un grupo de trabajadores firm\u00f3 un manifiesto en el que denunciaban presiones para abaratar costes<\/a>. Eran hasta 260 profesionales que se quejaban de que la calidad del servicio empeoraba en lo m\u00e1s b\u00e1sico. De que los intentaban forzar a priorizar a los pacientes m\u00e1s rentables y as\u00ed dejar sin atenci\u00f3n a los \u00abbaratos\u00bb. De que los presionaban para hacer pr\u00e1cticas que los profesionales sanitarios consideraban incorrectas.<\/p>\n<p>Sanidad ordena abrir una investigaci\u00f3n<\/p>\n<p>El Ministerio de Sanidad orden\u00f3 el jueves a la Alta Inspecci\u00f3n que abra una <a href=\"https:\/\/cadenaser.com\/nacional\/2025\/12\/04\/sanidad-pone-en-marcha-una-inspeccion-para-analizar-el-contrato-entre-la-comunidad-de-madrid-y-ribera-salud-cadena-ser\/\" target=\"_blank\" rel=\"nofollow noopener\" title=\"https:\/\/cadenaser.com\/nacional\/2025\/12\/04\/sanidad-pone-en-marcha-una-inspeccion-para-analizar-el-contrato-entre-la-comunidad-de-madrid-y-ribera-salud-cadena-ser\/\">investigaci\u00f3n para esclarecer si se han cometido irregularidades<\/a> en el Hospital Universitario de Torrej\u00f3n de Ardoz (Madrid) que hayan vulnerado el derecho a la protecci\u00f3n de la salud de los pacientes. <\/p>\n<p>Fuentes de Sanidad confirmaron a la SER la decisi\u00f3n del Ministerio, que quiere saber si se ha podido vulnerar el derecho a la salud de los pacientes. Paralelamente a la investigaci\u00f3n, la ministra M\u00f3nica Garc\u00eda ha remitido una carta a la presidenta madrile\u00f1a, Isabel D\u00edaz Ayuso, en la que exige la \u00abapertura inmediata de una investigaci\u00f3n exhaustiva, independiente y transparente\u00bb sobre los hechos y, en funci\u00f3n de sus resultados, \u00abla cancelaci\u00f3n del contrato de concesi\u00f3n y la recuperaci\u00f3n de la gesti\u00f3n p\u00fablica directa del centro\u00bb.<\/p>\n<p>La Comunidad de Madrid lo niega<\/p>\n<p>La Comunidad de Madrid ha difundido un comunicado en el que niegan que se haya reutilizado material sanitario de un solo uso. \u00abLas inspecciones de Sanidad concluyen que no existe evidencia que indique reutilizaci\u00f3n de productos sanitarios de un solo uso\u00bb, ha indicado la CAM. <\/p>\n<p>T\u00e9cnicos de la Direcci\u00f3n General de Inspecci\u00f3n y Ordenaci\u00f3n Sanitaria han acudido este viernes al centro y se han reunido con los responsables de Medicina Preventiva, Cardiolog\u00eda Hemodin\u00e1mica y Esterilizaci\u00f3n, que han negado esta pr\u00e1ctica, dice la Comunidad de Madrid. <\/p>\n<p>Indica la Consejer\u00eda de Sanidad de Madrid que han revisado los registros de la central de esterilizaci\u00f3n y han verificado el material almacenado en la unidad cardiolog\u00eda-hemodin\u00e1mica, e inspeccionado los residuos y zonas de almacenamiento. <\/p>\n","protected":false},"excerpt":{"rendered":"Gestores del Hospital de Torrej\u00f3n ordenaron reutilizar material sanitario que era de un solo uso. Orden\u00f3 coger cat\u00e9teres&hellip;\n","protected":false},"author":2,"featured_media":273063,"comment_status":"","ping_status":"","sticky":false,"template":"","format":"standard","meta":{"footnotes":""},"categories":[8],"tags":[17,18,25,24,13,14,11,19,20,9,10,15,16,23,12,21,22],"class_list":{"0":"post-273062","1":"post","2":"type-post","3":"status-publish","4":"format-standard","5":"has-post-thumbnail","7":"category-espana","8":"tag-breaking-news","9":"tag-breakingnews","10":"tag-es","11":"tag-espana","12":"tag-featured-news","13":"tag-featurednews","14":"tag-headlines","15":"tag-latest-news","16":"tag-latestnews","17":"tag-news","18":"tag-noticias","19":"tag-noticias-destacadas","20":"tag-noticiasdestacadas","21":"tag-spain","22":"tag-titulares","23":"tag-ultimas-noticias","24":"tag-ultimasnoticias"},"share_on_mastodon":{"url":"https:\/\/pubeurope.com\/@es\/115668666926155764","error":""},"_links":{"self":[{"href":"https:\/\/www.europesays.com\/es\/wp-json\/wp\/v2\/posts\/273062","targetHints":{"allow":["GET"]}}],"collection":[{"href":"https:\/\/www.europesays.com\/es\/wp-json\/wp\/v2\/posts"}],"about":[{"href":"https:\/\/www.europesays.com\/es\/wp-json\/wp\/v2\/types\/post"}],"author":[{"embeddable":true,"href":"https:\/\/www.europesays.com\/es\/wp-json\/wp\/v2\/users\/2"}],"replies":[{"embeddable":true,"href":"https:\/\/www.europesays.com\/es\/wp-json\/wp\/v2\/comments?post=273062"}],"version-history":[{"count":0,"href":"https:\/\/www.europesays.com\/es\/wp-json\/wp\/v2\/posts\/273062\/revisions"}],"wp:featuredmedia":[{"embeddable":true,"href":"https:\/\/www.europesays.com\/es\/wp-json\/wp\/v2\/media\/273063"}],"wp:attachment":[{"href":"https:\/\/www.europesays.com\/es\/wp-json\/wp\/v2\/media?parent=273062"}],"wp:term":[{"taxonomy":"category","embeddable":true,"href":"https:\/\/www.europesays.com\/es\/wp-json\/wp\/v2\/categories?post=273062"},{"taxonomy":"post_tag","embeddable":true,"href":"https:\/\/www.europesays.com\/es\/wp-json\/wp\/v2\/tags?post=273062"}],"curies":[{"name":"wp","href":"https:\/\/api.w.org\/{rel}","templated":true}]}}