{"id":273066,"date":"2025-12-05T19:48:14","date_gmt":"2025-12-05T19:48:14","guid":{"rendered":"https:\/\/www.europesays.com\/es\/273066\/"},"modified":"2025-12-05T19:48:14","modified_gmt":"2025-12-05T19:48:14","slug":"virginia-berasategi-abre-en-bilbao-la-primera-cafeteria-para-ciclistas-comida-sana-buen-rollo-y-alquiler-de-bicis","status":"publish","type":"post","link":"https:\/\/www.europesays.com\/es\/273066\/","title":{"rendered":"Virginia Berasategi abre en Bilbao la primera cafeter\u00eda para ciclistas: comida sana, buen rollo y&#8230; alquiler de bicis"},"content":{"rendered":"<p>Durante a\u00f1os, la bilba\u00edna Virginia Berasategi ha recorrido medio planeta en bicicleta. No solo para participar en campeonatos de triatl\u00f3n que la convirtieron en un  &#8230; referente internacional, sino tambi\u00e9n para vivir experiencias \u00fanicas. Ha cruzado pa\u00edses, monta\u00f1as, ciudades y rutas que le han ense\u00f1ado algo m\u00e1s que paisajes: le han revelado una manera distinta de vivir. En cada viaje encontraba un punto en com\u00fan: espacios donde los ciclistas se reun\u00edan, compart\u00edan historias, tomaban un caf\u00e9, dejaban la bici con tranquilidad y sent\u00edan que pertenec\u00edan a una comunidad. Lo ha visto en Londres, Barcelona o Madrid, y siempre so\u00f1\u00f3 con montar algo as\u00ed en Bilbao. \u00abEs una idea que ten\u00eda en la cabeza desde hace unos diez a\u00f1os, pero aqu\u00ed son muy importantes los tiempos y, en aquel momento, todav\u00eda era pronto\u00bb, explica.<\/p>\n<p><img decoding=\"async\" loading=\"lazy\" src=\"https:\/\/www.europesays.com\/es\/wp-content\/uploads\/2025\/12\/bizi1-kzzF--650x455@El Correo.jpg\" class=\"v-a-img\" width=\"650\" height=\"455\" alt=\"\" data-voc-vtm-id=\"in-text-traffic\"\/><\/p>\n<p>Jordi Alemany<\/p>\n<p><img loading=\"lazy\" decoding=\"async\" src=\"https:\/\/www.europesays.com\/es\/wp-content\/uploads\/2025\/12\/bizi1-kzzF--650x455@El Correo.jpg\" class=\"v-mdl__img-z\" width=\"650\" height=\"455\" alt=\"\"\/><\/p>\n<p class=\"v-p\">Ahora, retirada de la competici\u00f3n, con la ciudad en plena efervescencia tur\u00edstica, el auge del caf\u00e9 de especialidad y una afici\u00f3n por el ciclismo que sigue creciendo, ha llegado el momento que Virginia siempre so\u00f1\u00f3. \u00abQue fu\u00e9ramos la ciudad de salida del Tour de Francia tambi\u00e9n nos dio el empuj\u00f3n definitivo, porque nos situ\u00f3 m\u00e1s en el mapa\u00bb, a\u00f1ade. Ese sue\u00f1o se ha materializado con la reciente apertura de <a href=\"https:\/\/www.instagram.com\/bizicafehub\/\" target=\"_blank\" data-voc-vtm-id=\"in-text-traffic\" title=\"Bizi Caf\u00e9\" data-mrf-link=\"www.instagram.com\" rel=\"nofollow noopener\">Bizi Caf\u00e9<\/a> junto a su pareja, Ander, en el n\u00famero 1 de la calle Cosme Echevarrieta. \u00abYo soy la cabra loca, la que piensa ideas todo el rato, y \u00e9l, que ama el emprendimiento, es quien las materializa y las asienta. Creo que somos el t\u00e1ndem perfecto\u00bb, reconoce Virginia. El nuevo espacio combina caf\u00e9 de especialidad -\u00abel caf\u00e9 siempre ha estado conectado con el ciclismo\u00bb-, gastronom\u00eda saludable, taller y alquiler de bicicletas, rutas guiadas, y un lugar pensado para sentarse, descansar y compartir. \u00abEs un espacio para almas activas\u00bb, a\u00f1ade, con su camiseta granate corporativa, que lleva escrita en la espalda la palabra &#8216;vivir&#8217; en distintos idiomas.<\/p>\n<p><img decoding=\"async\" loading=\"lazy\" src=\"https:\/\/www.europesays.com\/es\/wp-content\/uploads\/2025\/12\/bizi8-kzzF--650x455@El Correo.jpg\" class=\"v-a-img\" width=\"650\" height=\"455\" alt=\"\" data-voc-vtm-id=\"in-text-traffic\"\/><\/p>\n<p>Jordi Alemany<\/p>\n<p><img loading=\"lazy\" decoding=\"async\" src=\"https:\/\/www.europesays.com\/es\/wp-content\/uploads\/2025\/12\/bizi8-kzzF--650x455@El Correo.jpg\" class=\"v-mdl__img-z\" width=\"650\" height=\"455\" alt=\"\"\/><\/p>\n<p>No solo para ciclistas<\/p>\n<p class=\"v-p\">Bizi Caf\u00e9, que ya desde su nombre es toda una declaraci\u00f3n de intenciones -bizi significa \u00abvivir\u00bb en euskera-, es un espacio amplio y acogedor dise\u00f1ado para que ciclistas y no ciclistas y amantes del deporte en general se sientan c\u00f3modos: puedes dejar la bici con total tranquilidad, sentarte a disfrutar de un caf\u00e9 o picar algo. \u00abEs un lugar donde puedes desconectar, relajarte y recargar energ\u00edas, pero no es solo para ciclistas: grupos de amigos, familias o quienes simplemente quieren disfrutar de un buen caf\u00e9 o comida saludable se sienten a gusto\u00bb, explica Ander. <\/p>\n<p class=\"v-p\">La carta es variada y cuidada, con productos de proveedores locales, que dan lugar a tostas, bowls, s\u00e1ndwiches y propuestas creativas. Entre ellas, destacan los crumpets euskal benedictinos: peque\u00f1as tortas saladas con cremoso de queso Idiazabal y ajo confitado, sobre una base de espinacas y champi\u00f1ones con bacalao ahumado, huevo mollet y una salsa holandesa sutilmente aromatizada con sidra y piment\u00f3n dulce. La tostada de temporada combina calabaza y cacahuete con especias como canela, jengibre y nuez moscada, y se completa con un toque de miel, tximitxurri cl\u00e1sico, chile chipotle y semillas de calabaza. Como s\u00e1ndwich estrella de la casa, ofrecen el Bizi Toast: un hummus casero de remolacha, l\u00e1minas de cacahuete, una vinagreta c\u00edtrica con pimiento japon\u00e9s, huevo mollet y brotes de caser\u00edo, con un gui\u00f1o crom\u00e1tico a los tonos vivos de Bizi Caf\u00e9. Tampoco falta la reposter\u00eda casera y opciones sin gluten.<\/p>\n<p><img decoding=\"async\" loading=\"lazy\" src=\"https:\/\/www.europesays.com\/es\/wp-content\/uploads\/2025\/12\/bizi11-kzzF--650x455@El Correo.jpg\" class=\"v-a-img\" width=\"650\" height=\"455\" alt=\"\" data-voc-vtm-id=\"in-text-traffic\"\/><\/p>\n<p>Jordi Alemany<\/p>\n<p><img loading=\"lazy\" decoding=\"async\" src=\"https:\/\/www.europesays.com\/es\/wp-content\/uploads\/2025\/12\/bizi11-kzzF--650x455@El Correo.jpg\" class=\"v-mdl__img-z\" width=\"650\" height=\"455\" alt=\"\"\/><\/p>\n<p class=\"v-p\">Desde 2019, la pareja tambi\u00e9n gestiona <a href=\"https:\/\/www.instagram.com\/bizicycletours\/?hl=es\" target=\"_blank\" data-voc-vtm-id=\"in-text-traffic\" title=\"Bizi Cycle Tours\" data-mrf-link=\"www.instagram.com\" rel=\"nofollow noopener\">Bizi Cycle Tours<\/a>, una agencia boutique cicloturista que mezcla ciclismo, gastronom\u00eda y cultura, con clientes de medio mundo. \u00abQuer\u00edamos ofrecer algo aut\u00e9ntico y real, que vaya m\u00e1s all\u00e1 del simple recorrido. Hemos creado sinergias con profesionales de la gastronom\u00eda, la moda y otros \u00e1mbitos. Lo importante es dar cari\u00f1o y que la gente se lleve un recuerdo bonito\u00bb, explica Virginia, que es la gu\u00eda de estas rutas en bici. Todo ese bagaje se refleja ahora en Bizi Caf\u00e9, que ser\u00e1 tambi\u00e9n la nueva sede de la agencia y que es una extensi\u00f3n natural del proyecto profesional y vital de la pareja. \u00abSomos muy deportistas y tratamos de llevar una vida muy saludable: nos vamos pronto a la cama, madrugamos, nos mantenemos activos, comemos sano y apostamos por productos locales\u00bb, detallan.<\/p>\n<p><img decoding=\"async\" loading=\"lazy\" src=\"https:\/\/www.europesays.com\/es\/wp-content\/uploads\/2025\/12\/bizi3-kzzF--650x455@El Correo.jpg\" class=\"v-a-img\" width=\"650\" height=\"455\" alt=\"\" data-voc-vtm-id=\"in-text-traffic\"\/><\/p>\n<p>Jordi Alemany<\/p>\n<p><img loading=\"lazy\" decoding=\"async\" src=\"https:\/\/www.europesays.com\/es\/wp-content\/uploads\/2025\/12\/bizi3-kzzF--650x455@El Correo.jpg\" class=\"v-mdl__img-z\" width=\"650\" height=\"455\" alt=\"\"\/><\/p>\n<p class=\"v-p\">M\u00e1s all\u00e1 de la oferta gastron\u00f3mica y de su filosof\u00eda de vida, Virginia y Ander destacan la importancia del equipo. \u00abSin un buen equipo no hay proyecto posible. Mi marido y yo hemos formado un grupo fant\u00e1stico: en cocina, barra y sala. Estamos s\u00faper contentos; hay ambiente familiar, buen rollo, di\u00e1logo y ganas. Karen, Julia, Juliet, Alberto, Leire y Laura\u2026 hemos mezclado experiencia y juventud y hemos encontrado aut\u00e9nticas joyas\u00bb, recalca Virginia. Como consumidora y gu\u00eda de tours, sabe lo valioso que es sentirse bien atendido. \u00abYo soy de barrio, me gusta la cercan\u00eda, el trato amable y estar con la gente. Esa manera de ser se refleja en la cafeter\u00eda, y creo que se nota, porque estoy muy feliz y con la adrenalina a tope, y la gente agradece encontrar un sitio as\u00ed\u00bb, concluye.<\/p>\n<p><script async src=\"\/\/www.instagram.com\/embed.js\"><\/script><\/p>\n","protected":false},"excerpt":{"rendered":"Durante a\u00f1os, la bilba\u00edna Virginia Berasategi ha recorrido medio planeta en bicicleta. No solo para participar en campeonatos&hellip;\n","protected":false},"author":2,"featured_media":273067,"comment_status":"","ping_status":"","sticky":false,"template":"","format":"standard","meta":{"footnotes":""},"categories":[273],"tags":[490,10191,66867,10482,2601,5436,11558,313,2838,8971,312,168,25,24,1078,38330,11683,23,167,4216],"class_list":{"0":"post-273066","1":"post","2":"type-post","3":"status-publish","4":"format-standard","5":"has-post-thumbnail","7":"category-ciclismo","8":"tag-abre","9":"tag-alquiler","10":"tag-berasategui","11":"tag-bicis","12":"tag-bilbao","13":"tag-buen","14":"tag-cafeteria","15":"tag-ciclismo","16":"tag-ciclistas","17":"tag-comida","18":"tag-cycling","19":"tag-deportes","20":"tag-es","21":"tag-espana","22":"tag-primera","23":"tag-rollo","24":"tag-saludable","25":"tag-spain","26":"tag-sports","27":"tag-virginia"},"share_on_mastodon":{"url":"https:\/\/pubeurope.com\/@es\/115668694656606820","error":""},"_links":{"self":[{"href":"https:\/\/www.europesays.com\/es\/wp-json\/wp\/v2\/posts\/273066","targetHints":{"allow":["GET"]}}],"collection":[{"href":"https:\/\/www.europesays.com\/es\/wp-json\/wp\/v2\/posts"}],"about":[{"href":"https:\/\/www.europesays.com\/es\/wp-json\/wp\/v2\/types\/post"}],"author":[{"embeddable":true,"href":"https:\/\/www.europesays.com\/es\/wp-json\/wp\/v2\/users\/2"}],"replies":[{"embeddable":true,"href":"https:\/\/www.europesays.com\/es\/wp-json\/wp\/v2\/comments?post=273066"}],"version-history":[{"count":0,"href":"https:\/\/www.europesays.com\/es\/wp-json\/wp\/v2\/posts\/273066\/revisions"}],"wp:featuredmedia":[{"embeddable":true,"href":"https:\/\/www.europesays.com\/es\/wp-json\/wp\/v2\/media\/273067"}],"wp:attachment":[{"href":"https:\/\/www.europesays.com\/es\/wp-json\/wp\/v2\/media?parent=273066"}],"wp:term":[{"taxonomy":"category","embeddable":true,"href":"https:\/\/www.europesays.com\/es\/wp-json\/wp\/v2\/categories?post=273066"},{"taxonomy":"post_tag","embeddable":true,"href":"https:\/\/www.europesays.com\/es\/wp-json\/wp\/v2\/tags?post=273066"}],"curies":[{"name":"wp","href":"https:\/\/api.w.org\/{rel}","templated":true}]}}