{"id":273070,"date":"2025-12-05T19:51:09","date_gmt":"2025-12-05T19:51:09","guid":{"rendered":"https:\/\/www.europesays.com\/es\/273070\/"},"modified":"2025-12-05T19:51:09","modified_gmt":"2025-12-05T19:51:09","slug":"que-placer-fue-trabajar-con-este-equipo","status":"publish","type":"post","link":"https:\/\/www.europesays.com\/es\/273070\/","title":{"rendered":"\u00abQu\u00e9 placer fue trabajar con este equipo\u00bb"},"content":{"rendered":"<p style=\"\">El mercado de invierno se acerca y las necesidades del<strong> Sevilla FC<\/strong> se hacen a\u00fan m\u00e1s evidentes conforme va finalizando el a\u00f1o. <strong>Antonio Cord\u00f3n<\/strong> se enfrenta de nuevo a otro galimat\u00edas, en el que tiene que dar encaje a nuevas piezas dando  &#8230; salida a otras. Uno de los conflictos m\u00e1s inmediatos a los que se tendr\u00e1 que enfrentar el director de f\u00fatbol del Sevilla es el regreso de <strong>Federico Gattoni<\/strong>.<\/p>\n<p class=\"voc-p\" style=\"\"><a href=\"https:\/\/www.abc.es\/deportes\/orgullodenervion\/noticias-sevilla-fc\/vuelta-gattoni-sevilla-nuevo-problema-antonio-cordon-20251117104258-nts.html\" target=\"_self\" data-voc-vtm-id=\"in-text-traffic\" title=\"El central argentino no tiene cabida en River\" data-mrf-link=\"www.abc.es\" rel=\"nofollow noopener\">El central argentino no tiene cabida en River<\/a> y, aunque ten\u00eda opci\u00f3n de compra, el club no va a ejecutarla. Y es que Gattoni ha sido pr\u00e1cticamente un cero a la izquierda para Gallardo. S\u00f3lo ha jugado un partido este a\u00f1o, una se\u00f1al bastante cristalina sobre las posibilidades del defensa de permanecer en River.<\/p>\n<p class=\"voc-p\" style=\"\">El jugador lleg\u00f3 <strong>cedido en verano de 2024<\/strong> proveniente del <strong>Sevilla FC<\/strong>, cuando Demichelis era el t\u00e9cnico del conjunto bonaerense. No obstante, desde hace mucho tiempo que <strong>River quer\u00eda desprenderse del argentino<\/strong>, lo que pasa que c<strong>ostaba m\u00e1s dinero cortar el pr\u00e9stamo<\/strong>, que qued\u00e1rselo hasta que finalizara el mismo. Ahora, con la temporada finalizada, Gattoni volver\u00e1 a Sevilla, si nada lo remedia. <\/p>\n<p>\nRiver despide a Gattoni\n<\/p>\n<p class=\"voc-p\" style=\"\">De hecho, <strong>el central se ha despedido de forma muy discreta<\/strong> del que ha sido hasta ahora su club: \u00abSeguimos enfocados, como siempre, mirando para adelante. Qu\u00e9 placer fue trabajar con este equipo de profesionales y por sobre todo buena gente!\u00bb<\/p>\n<p class=\"voc-p\" style=\"\">Por su parte, River le ha dedicado un escueto texto para comunicar su marcha del club: \u00abFederico Gattoni disput\u00f3 siete partidos en River; finalizar\u00e1 su pr\u00e9stamo en el Club y volver\u00e1 a Sevilla\u00bb.<\/p>\n<p class=\"voc-p\" style=\"\">Un mensaje muy diferente a los textos dedicados a los otros cinco jugadores que ponen fin a su vinculaci\u00f3n con River, estos son Enzo P\u00e9rez, Nacho Fern\u00e1ndez, Milton Casco, Pity Mart\u00ednez y Miguel Borja.<\/p>\n","protected":false},"excerpt":{"rendered":"El mercado de invierno se acerca y las necesidades del Sevilla FC se hacen a\u00fan m\u00e1s evidentes conforme&hellip;\n","protected":false},"author":2,"featured_media":273071,"comment_status":"","ping_status":"","sticky":false,"template":"","format":"standard","meta":{"footnotes":""},"categories":[268],"tags":[168,204,4702,622,25,24,280,282,66870,41948,27205,281,23,167,4710],"class_list":{"0":"post-273070","1":"post","2":"type-post","3":"status-publish","4":"format-standard","5":"has-post-thumbnail","7":"category-futbol","8":"tag-deportes","9":"tag-despedida","10":"tag-discreta","11":"tag-equipo","12":"tag-es","13":"tag-espana","14":"tag-football","15":"tag-futbol","16":"tag-gattoni","17":"tag-placer","18":"tag-river","19":"tag-soccer","20":"tag-spain","21":"tag-sports","22":"tag-trabajar"},"share_on_mastodon":{"url":"https:\/\/pubeurope.com\/@es\/115668706003765638","error":""},"_links":{"self":[{"href":"https:\/\/www.europesays.com\/es\/wp-json\/wp\/v2\/posts\/273070","targetHints":{"allow":["GET"]}}],"collection":[{"href":"https:\/\/www.europesays.com\/es\/wp-json\/wp\/v2\/posts"}],"about":[{"href":"https:\/\/www.europesays.com\/es\/wp-json\/wp\/v2\/types\/post"}],"author":[{"embeddable":true,"href":"https:\/\/www.europesays.com\/es\/wp-json\/wp\/v2\/users\/2"}],"replies":[{"embeddable":true,"href":"https:\/\/www.europesays.com\/es\/wp-json\/wp\/v2\/comments?post=273070"}],"version-history":[{"count":0,"href":"https:\/\/www.europesays.com\/es\/wp-json\/wp\/v2\/posts\/273070\/revisions"}],"wp:featuredmedia":[{"embeddable":true,"href":"https:\/\/www.europesays.com\/es\/wp-json\/wp\/v2\/media\/273071"}],"wp:attachment":[{"href":"https:\/\/www.europesays.com\/es\/wp-json\/wp\/v2\/media?parent=273070"}],"wp:term":[{"taxonomy":"category","embeddable":true,"href":"https:\/\/www.europesays.com\/es\/wp-json\/wp\/v2\/categories?post=273070"},{"taxonomy":"post_tag","embeddable":true,"href":"https:\/\/www.europesays.com\/es\/wp-json\/wp\/v2\/tags?post=273070"}],"curies":[{"name":"wp","href":"https:\/\/api.w.org\/{rel}","templated":true}]}}