{"id":273091,"date":"2025-12-05T20:04:09","date_gmt":"2025-12-05T20:04:09","guid":{"rendered":"https:\/\/www.europesays.com\/es\/273091\/"},"modified":"2025-12-05T20:04:09","modified_gmt":"2025-12-05T20:04:09","slug":"el-ministerio-de-agricultura-investiga-si-el-virus-de-la-peste-porcina-africana-de-collserola-escapo-de-un-laboratorio-ciencia","status":"publish","type":"post","link":"https:\/\/www.europesays.com\/es\/273091\/","title":{"rendered":"El Ministerio de Agricultura investiga si el virus de la peste porcina africana de Collserola escap\u00f3 de un laboratorio | Ciencia"},"content":{"rendered":"<p class=\"\">El Ministerio de Agricultura ha anunciado este viernes que ha abierto una investigaci\u00f3n para averiguar si el virus de la peste porcina africana, detectado el 28 de noviembre en <a href=\"https:\/\/elpais.com\/sociedad\/2025-11-28\/la-mortifera-peste-porcina-africana-regresa-a-espana-despues-de-tres-decadas.html\" target=\"_self\" rel=\"nofollow noopener\" title=\"https:\/\/elpais.com\/sociedad\/2025-11-28\/la-mortifera-peste-porcina-africana-regresa-a-espana-despues-de-tres-decadas.html\">dos jabal\u00edes fallecidos<\/a> en el entorno del parque natural de Collserola (Barcelona), escap\u00f3 de un laboratorio. El primer cad\u00e1ver de un animal infectado se encontr\u00f3 a cientos de metros del centro de investigaci\u00f3n en sanidad animal <a href=\"https:\/\/www.irta.cat\/es\/centres\/cresa-centro-de-investigacion-en-sanidad-animal\/\" target=\"_self\" rel=\"nofollow noopener\" title=\"https:\/\/www.irta.cat\/es\/centres\/cresa-centro-de-investigacion-en-sanidad-animal\/\">IRTA CReSA<\/a>, que trabaja con el virus y en los \u00faltimos d\u00edas ha negado repetidamente cualquier posibilidad de fuga.<\/p>\n<p class=\"\">Un informe del laboratorio de referencia de la Uni\u00f3n Europea, el Centro de Investigaci\u00f3n en Sanidad Animal (CISA-INIA) de la localidad madrile\u00f1a de Valdeolmos, ha determinado que el material gen\u00e9tico del virus de Collserola sugiere que desciende del pat\u00f3geno original que entr\u00f3 en 2007 en Georgia, procedente presuntamente del sureste africano, y desencaden\u00f3 la actual crisis internacional. \u201cLa cepa del virus Georgia 2007 es un virus de referencia que se utiliza con frecuencia en infecciones experimentales en instalaciones de confinamiento para realizar estudios del virus o para evaluar la eficacia de las vacunas, que actualmente est\u00e1n en fase de desarrollo\u00bb, ha explicado el Ministerio en <a href=\"https:\/\/www.mapa.gob.es\/es\/prensa\/ultimas-noticias\/detalle_noticias\/el-ministerio-de-agricultura--pesca-y-alimentaci-n-abre-una-investigaci-n-complementaria-sobre-el-origen-del-virus-de-la-peste-porcina-africana-en-espa-a\/6ab69ca4-e812-481e-b2c1-b3ae915b50d3\" target=\"_self\" rel=\"nofollow noopener\" title=\"https:\/\/www.mapa.gob.es\/es\/prensa\/ultimas-noticias\/detalle_noticias\/el-ministerio-de-agricultura--pesca-y-alimentaci-n-abre-una-investigaci-n-complementaria-sobre-el-origen-del-virus-de-la-peste-porcina-africana-en-espa-a\/6ab69ca4-e812-481e-b2c1-b3ae915b50d3\">un comunicado<\/a>. El centro IRTA CReSA catal\u00e1n, que ha rechazado responder a las preguntas de este peri\u00f3dico, trabaja con la cepa de Georgia de 2007. Nueve cient\u00edficos del laboratorio publicaron el pasado 3 de noviembre los resultados de <a href=\"https:\/\/www.tandfonline.com\/doi\/full\/10.1080\/01652176.2025.2579942#abstract\" target=\"_self\" rel=\"nofollow noopener\" title=\"https:\/\/www.tandfonline.com\/doi\/full\/10.1080\/01652176.2025.2579942#abstract\">un experimento<\/a> en el que se inocul\u00f3 el virus a altas dosis a 20 cerdos. <\/p>\n<p class=\"\">El departamento del ministro Luis Planas ha comunicado al Servicio de Protecci\u00f3n de la Naturaleza (Seprona) de la Guardia Civil \u201cla necesidad de investigar estos hechos\u201d, como autoridad competente en posibles infracciones o delitos medioambientales. La Generalitat, al tener conocimiento del informe, ha pedido otra investigaci\u00f3n a los Mossos d\u2019Esquadra para esclarecer lo sucedido. <\/p>\n<p class=\"\">La teor\u00eda de una posible fuga no descarta la hip\u00f3tesis que lanz\u00f3 el propio Ministerio <a href=\"https:\/\/elpais.com\/sociedad\/2025-11-28\/la-mortifera-peste-porcina-africana-regresa-a-espana-despues-de-tres-decadas.html\" target=\"_self\" rel=\"nofollow noopener\" title=\"https:\/\/elpais.com\/sociedad\/2025-11-28\/la-mortifera-peste-porcina-africana-regresa-a-espana-despues-de-tres-decadas.html\">desde el primer d\u00eda<\/a>: que el virus llegase a los jabal\u00edes al comer los restos de un bocadillo de embutido for\u00e1neo contaminado arrojados a la basura en el entorno del parque natural de Collserola. El virus presenta un marcador gen\u00e9tico poco habitual, no descrito hasta ahora en otros virus de este mismo grupo, lo que impide determinar con precisi\u00f3n el origen del brote y no permite descartar ninguna hip\u00f3tesis, seg\u00fan fuentes del CISA-INIA. La falta de informaci\u00f3n actual sobre los virus circulantes en el C\u00e1ucaso y Rusia limita cualquier conclusi\u00f3n definitiva, por lo que se est\u00e1n llevando a cabo estudios adicionales, se\u00f1alan las mismas fuentes.<\/p>\n<p class=\"\">El Ministerio ha detallado que todos los virus circulantes en la actualidad en los pa\u00edses de la UE pertenecen a los grupos gen\u00e9ticos 2-28, mientras que el virus encontrado en Espa\u00f1a es muy similar al grupo 1 que circul\u00f3 en Georgia en 2007, por lo que se ha clasificado en una nueva categor\u00eda, la 29. \u201cLos virus, en condiciones naturales, cuando se propagan mediante ciclos de infecci\u00f3n en animales sufren, en mayor o menor medida, cambios en su genoma. El hallazgo de un virus similar al que circul\u00f3 en Georgia no excluye, por tanto, que su origen pueda estar en una instalaci\u00f3n de confinamiento biol\u00f3gico\u201d, afirma el Ministerio en su comunicado.<\/p>\n<p class=\"\">El consejero de Agricultura de la Generalitat, <a href=\"https:\/\/govern.cat\/gov\/consell-executiu\/562\/conseller-dagricultura-ramaderia-pesca-alimentacio\" target=\"_self\" rel=\"nofollow noopener\" title=\"https:\/\/govern.cat\/gov\/consell-executiu\/562\/conseller-dagricultura-ramaderia-pesca-alimentacio\">\u00d2scar Ordeig<\/a>, ha comparecido poco despu\u00e9s de las 15.00 horas tras conocer los resultados del informe. \u201cNi confirmamos, ni descartamos nada. Hemos dado conocimiento de los hechos a los Mossos d\u2019Esquadra para que investiguen. Tambi\u00e9n hemos abierto un expediente informativo. Pedimos prudencia, porque el origen de este foco lo acabaremos sabiendo\u201d, ha declarado Ordeig. Ahora ser\u00e1 la secci\u00f3n de salud animal del departamento de Agricultura la que tome las riendas del asunto y las medidas pertinentes para averiguar si el virus pudo haber salido de un laboratorio.<\/p>\n<p class=\"\">Ordeig no descarta que la hip\u00f3tesis del bocadillo estuviera equivocada, pero no ha querido pronunciarse sobre el origen hasta tener resultados concluyentes de las investigaciones. El IRTA CReSA est\u00e1 ahora en el punto de mira de Mossos y Seprona. El virus, que no afecta en absoluto a la salud de las personas, se ha encontrado hasta la fecha en 13 jabal\u00edes del mismo entorno. El pat\u00f3geno no ha entrado en ninguna granja, pero el sector porcino tiembla. En Espa\u00f1a se sacrificaron <a href=\"https:\/\/www.mapa.gob.es\/dam\/mapa\/contenido\/ganaderia\/temas\/produccion-y-mercados-ganaderos\/sectores-ganaderos-2\/porcino\/informacion-del-sector\/indicadores-economicos\/indicadores--sector-de-la-carne-de-cerdo-en-cifras-2024.pdf\" target=\"_self\" rel=\"nofollow noopener\" title=\"https:\/\/www.mapa.gob.es\/dam\/mapa\/contenido\/ganaderia\/temas\/produccion-y-mercados-ganaderos\/sectores-ganaderos-2\/porcino\/informacion-del-sector\/indicadores-economicos\/indicadores--sector-de-la-carne-de-cerdo-en-cifras-2024.pdf\">54 millones de cerdos<\/a> el a\u00f1o pasado. La expansi\u00f3n del virus bloquear\u00eda las exportaciones y podr\u00eda provocar p\u00e9rdidas de cientos de millones de euros.<\/p>\n<p class=\"\">Tras llegar de la Feria Internacional del Libro de Guadalajara (FIL), el president Salvador Illa se ha sometido a la sesi\u00f3n de control en el Parlament y ha defendido, ante las cr\u00edticas de la oposici\u00f3n, su gesti\u00f3n al frente de la crisis. La mayor parte del arco parlamentario le hab\u00edan reprochado que no avanzara su regreso a Catalu\u00f1a. \u201cPuedo cometer errores, pero creo que en este caso no he cometido ninguno\u201d, ha afirmado se\u00f1alando que la agenda se la organiza \u00e9l. Illa ha afirmado que el Ejecutivo catal\u00e1n est\u00e1 afrontando esta crisis con la ciencia, transparencia, colaboraci\u00f3n entre administraciones y apoyo al sector. Ning\u00fan grupo le ha preguntado en la sesi\u00f3n sobre la posibilidad de s\u00ed el virus escap\u00f3 de un laboratorio.<\/p>\n<p class=\"\">Las fugas de los laboratorios son inusuales, pero ocurren. El 18 de mayo de 2004, la Organizaci\u00f3n Mundial de la Salud mostr\u00f3 su \u201cpreocupaci\u00f3n\u201d despu\u00e9s de que dos cient\u00edficos del Instituto Nacional de Virolog\u00eda de Pek\u00edn <a href=\"https:\/\/www.who.int\/emergencies\/disease-outbreak-news\/item\/2004_05_18a-en\" rel=\"nofollow noopener\" target=\"_blank\">se infectaran<\/a> con el letal virus del s\u00edndrome respiratorio agudo severo (SARS), un coronavirus que hab\u00eda surgido en 2002 y hab\u00eda matado a casi 800 personas. La dictadura china ocult\u00f3 la fuga durante un mes. En 2007, el virus de la fiebre aftosa <a href=\"https:\/\/www.pirbright.ac.uk\/publications\/transmission-pathways-foot-and-mouth-disease-virus-united-kingdom-2007\" target=\"_self\" rel=\"nofollow noopener\" title=\"https:\/\/www.pirbright.ac.uk\/publications\/transmission-pathways-foot-and-mouth-disease-virus-united-kingdom-2007\">escap\u00f3 de un laboratorio<\/a> de la localidad inglesa de Pirbright y provoc\u00f3 brotes en el ganado. El 23 de diciembre de 2013, un trabajador de una planta de tratamiento de residuos sanitarios peligrosos pis\u00f3 una jeringuilla procedente del Centro de Investigaci\u00f3n y Tecnolog\u00eda Agroalimentaria de Arag\u00f3n. La aguja le atraves\u00f3 la suela de su calzado de seguridad y el hombre, de 53 a\u00f1os, <a href=\"https:\/\/elpais.com\/elpais\/2017\/04\/05\/ciencia\/1491404701_565479.html\" rel=\"nofollow noopener\" target=\"_blank\">se infect\u00f3 de brucelosis porcina<\/a>, provocada por una bacteria que se estudiaba en la instituci\u00f3n cient\u00edfica.<\/p>\n<p class=\"\">El veterinario Joaquim Segal\u00e9s, especialista del IRTA CReSA, respondi\u00f3 a una cuesti\u00f3n sobre el origen del brote el 2 de diciembre, en <a href=\"https:\/\/www.lavanguardia.com\/ciencia\/20251202\/11321224\/joaquim-segales-veterinario-virus-peste-porcina-haber-llegado-alimento-contaminado.html\" target=\"_self\" rel=\"nofollow noopener\" title=\"https:\/\/www.lavanguardia.com\/ciencia\/20251202\/11321224\/joaquim-segales-veterinario-virus-peste-porcina-haber-llegado-alimento-contaminado.html\">una entrevista<\/a> en La Vanguardia. \u201c\u00bfC\u00f3mo cree que se infectaron?\u201c, le preguntaron. \u201dLos jabal\u00edes pueden contraer la peste porcina africana por tres v\u00edas. Una es por picaduras de unas especies de garrapatas que no se encuentran en Catalu\u00f1a, por lo que tenemos que descartar esta posibilidad. Otra es por contacto estrecho con otros animales infectados, pero esto no explica el primer contagio. Tiene que ser por la tercera v\u00eda, que es el consumo de alg\u00fan alimento contaminado con el virus\u00bb, respondi\u00f3 Segal\u00e9s.<\/p>\n","protected":false},"excerpt":{"rendered":"El Ministerio de Agricultura ha anunciado este viernes que ha abierto una investigaci\u00f3n para averiguar si el virus&hellip;\n","protected":false},"author":2,"featured_media":273092,"comment_status":"","ping_status":"","sticky":false,"template":"","format":"standard","meta":{"footnotes":""},"categories":[8],"tags":[17,18,25,24,13,14,11,19,20,9,10,15,16,492,23,12,21,22],"class_list":{"0":"post-273091","1":"post","2":"type-post","3":"status-publish","4":"format-standard","5":"has-post-thumbnail","7":"category-espana","8":"tag-breaking-news","9":"tag-breakingnews","10":"tag-es","11":"tag-espana","12":"tag-featured-news","13":"tag-featurednews","14":"tag-headlines","15":"tag-latest-news","16":"tag-latestnews","17":"tag-news","18":"tag-noticias","19":"tag-noticias-destacadas","20":"tag-noticiasdestacadas","21":"tag-sociedad","22":"tag-spain","23":"tag-titulares","24":"tag-ultimas-noticias","25":"tag-ultimasnoticias"},"share_on_mastodon":{"url":"https:\/\/pubeurope.com\/@es\/115668757030422799","error":""},"_links":{"self":[{"href":"https:\/\/www.europesays.com\/es\/wp-json\/wp\/v2\/posts\/273091","targetHints":{"allow":["GET"]}}],"collection":[{"href":"https:\/\/www.europesays.com\/es\/wp-json\/wp\/v2\/posts"}],"about":[{"href":"https:\/\/www.europesays.com\/es\/wp-json\/wp\/v2\/types\/post"}],"author":[{"embeddable":true,"href":"https:\/\/www.europesays.com\/es\/wp-json\/wp\/v2\/users\/2"}],"replies":[{"embeddable":true,"href":"https:\/\/www.europesays.com\/es\/wp-json\/wp\/v2\/comments?post=273091"}],"version-history":[{"count":0,"href":"https:\/\/www.europesays.com\/es\/wp-json\/wp\/v2\/posts\/273091\/revisions"}],"wp:featuredmedia":[{"embeddable":true,"href":"https:\/\/www.europesays.com\/es\/wp-json\/wp\/v2\/media\/273092"}],"wp:attachment":[{"href":"https:\/\/www.europesays.com\/es\/wp-json\/wp\/v2\/media?parent=273091"}],"wp:term":[{"taxonomy":"category","embeddable":true,"href":"https:\/\/www.europesays.com\/es\/wp-json\/wp\/v2\/categories?post=273091"},{"taxonomy":"post_tag","embeddable":true,"href":"https:\/\/www.europesays.com\/es\/wp-json\/wp\/v2\/tags?post=273091"}],"curies":[{"name":"wp","href":"https:\/\/api.w.org\/{rel}","templated":true}]}}