{"id":273093,"date":"2025-12-05T20:05:39","date_gmt":"2025-12-05T20:05:39","guid":{"rendered":"https:\/\/www.europesays.com\/es\/273093\/"},"modified":"2025-12-05T20:05:39","modified_gmt":"2025-12-05T20:05:39","slug":"la-autopsia-del-cadaver-del-nino-localizado-muerto-en-garrucha-revela-indicios-de-violencia-fisica-y-sexual","status":"publish","type":"post","link":"https:\/\/www.europesays.com\/es\/273093\/","title":{"rendered":"La autopsia del cad\u00e1ver del ni\u00f1o localizado muerto en Garrucha revela indicios de violencia f\u00edsica y sexual"},"content":{"rendered":"<p class=\"c-paragraph\">El cad\u00e1ver del <a href=\"https:\/\/www.20minutos.es\/andalucia\/almeria\/un-whatsapp-clave-una-orden-alejamiento-que-se-sabe-muerte-un-nino-que-ha-conmocionado-garrucha_6907015_0.html\" title=\"Un &#039;whatsapp&#039; clave, una orden de alejamiento... qu\u00e9 se sabe de la muerte de un ni\u00f1o que ha conmocionado a Garrucha\" rel=\"nofollow noopener\" target=\"_blank\">menor de cuatro a\u00f1os de edad<\/a> hallado en la noche de este pasado mi\u00e9rcoles en la costa de Garrucha (Almer\u00eda) <b>presenta signos de violencia f\u00edsica y sexual <\/b>conforme a los indicios hallados en la autopsia preliminar del cad\u00e1ver realizada en el Instituto de Medicina Legal (IML) de Almer\u00eda.<\/p>\n<p class=\"c-paragraph\">Fuentes pr\u00f3ximas a la investigaci\u00f3n han confirmado a Europa Press el maltrato sufrido por el menor de forma previa a la consumaci\u00f3n del crimen por el que <b>permanecen arrestados y en dependencias policiales<\/b> de Garrucha su madre, de 21 a\u00f1os y embarazada de cinco meses, y la pareja sentimental de esta, a quien le constaba una orden de alejamiento sobre ella.<\/p>\n<p class=\"c-paragraph\">El subdelegado de Gobierno en Almer\u00eda, Jos\u00e9 Mar\u00eda Mart\u00edn, ha informado este viernes de que los arrestados por estos hechos van a pasar a <b>disposici\u00f3n de la Secci\u00f3n Civil y de Instrucci\u00f3n del Tribunal de Instancia<\/b> n\u00famero 4 de Vera, en funciones de guardia, este s\u00e1bado.<\/p>\n<p class=\"c-paragraph\">Mart\u00edn ha vuelto a lamentar esta \u00ab<b>tr\u00e1gica<\/b>\u00bb noticia por la que la Guardia Civil mantiene abierta la investigaci\u00f3n para determinar el <b>grado de participaci\u00f3n de los investigados<\/b> as\u00ed como la secuencia de los hechos desde los momentos antes de que se denunciara la desaparici\u00f3n por parte de los familiares del menor hasta el momento de las detenciones.<\/p>\n<p class=\"c-paragraph\">El cuerpo sin vida del ni\u00f1o fue hallado, en torno a las 23,30 horas, en la caseta de El Cargadero, en <b>una playa situada en el l\u00edmite con el t\u00e9rmino municipal de Moj\u00e1car<\/b>, tras la denuncia interpuesta por el padre biol\u00f3gico del ni\u00f1o, quien se encontraba fuera de Almer\u00eda en el momento de los hechos.<\/p>\n<p class=\"c-paragraph\">La Guardia Civil se moviliz\u00f3 junto con los cuerpos de Polic\u00eda Local y Protecci\u00f3n Civil tras el aviso recibido minutos despu\u00e9s de las 20,00 horas por parte del servicio de emergencias 112, al que se le trasladaba una alerta por un menor de cuatro a\u00f1os que \u00ab<b>se hab\u00eda desmayado en la playa\u00bb<\/b>, que \u00ab<b>hab\u00eda perdido el conocimiento<\/b>\u00bb y \u00abse encontraba inconsciente\u00bb, seg\u00fan Protecci\u00f3n Civil.<\/p>\n<p class=\"c-paragraph\">Los allegados del menor tambi\u00e9n realizaron un <b>llamamiento a trav\u00e9s de las redes sociales en el que solicitaban la colaboraci\u00f3n ciudadana <\/b>para localizar al ni\u00f1o, quien conforme a la informaci\u00f3n que ten\u00edan en ese momento, hab\u00eda pasado la tarde en la playa junto a su madre. Otros avisaban de que la mujer habr\u00eda enviado mensajes \u00abescalofriantes\u00bb a la familia paterna.<\/p>\n<p class=\"c-paragraph\">As\u00ed, los investigadores pudieron finalmente localizar el cuerpo del peque\u00f1o en el interior de la instalaci\u00f3n, por lo que se activ\u00f3 el protocolo judicial para el levantamiento del cad\u00e1ver. La labor policial trata adem\u00e1s de <b>esclarecer si el ni\u00f1o habr\u00eda sido trasladado hasta ese punto<\/b> tras su muerte en otro lugar.<b\/><\/p>\n<p>\u00abPrudencia\u00bb ante v\u00eddeos en redes sociales<\/p>\n<p class=\"c-paragraph\">El subdelegado ha pedido \u00abprudencia\u00bb antes de determinar la implicaci\u00f3n de los arrestados en el homicidio del menor frente los v\u00eddeos que circulan en redes sociales con el menor en situaciones de supuesto maltrato junto con alguno de los implicados. \u00ab<b>Hay que hacer una reflexi\u00f3n y analizar cualquier otra derivada de tipo legal<\/b> que pudiera existir de los mismos\u00bb, ha dicho el subdelegado.<\/p>\n<p class=\"c-paragraph\">De otro lado, ha evitado descartar ning\u00fan tipo de hip\u00f3tesis incluida la de una posible violencia vicaria hasta que se determine el papel que la madre habr\u00eda tenido en los hechos. Aunque exist\u00eda una orden de alejamiento con respecto a la mujer, <b>no consta que esta fuera usuaria de los servicios del Instituto Andaluz de Mujer (IAM)<\/b> ni del Centro de Informaci\u00f3n a la Mujer (CIM) de Garrucha, seg\u00fan han confirmado a Europa Press fuentes del Gobierno andaluz.<\/p>\n<p class=\"c-paragraph\">Por su parte, el Ayuntamiento de Garrucha, que declar\u00f3 este pasado jueves d\u00eda de luto oficial, ha decidido adem\u00e1s <b>aplazar los actos de inauguraci\u00f3n del encendido navide\u00f1o<\/b> y la presentaci\u00f3n del bel\u00e9n municipal al pr\u00f3ximo digo debido a los \u00abtr\u00e1gicos acontecimientos\u00bb.<\/p>\n","protected":false},"excerpt":{"rendered":"El cad\u00e1ver del menor de cuatro a\u00f1os de edad hallado en la noche de este pasado mi\u00e9rcoles en&hellip;\n","protected":false},"author":2,"featured_media":273094,"comment_status":"","ping_status":"","sticky":false,"template":"","format":"standard","meta":{"footnotes":""},"categories":[5],"tags":[8025,17,18,873,25,24,13,14,66876,11,19,20,2126,1156,9,10,15,16,23,12,21,22],"class_list":{"0":"post-273093","1":"post","2":"type-post","3":"status-publish","4":"format-standard","5":"has-post-thumbnail","7":"category-titulares","8":"tag-asesinado","9":"tag-breaking-news","10":"tag-breakingnews","11":"tag-cuerpo","12":"tag-es","13":"tag-espana","14":"tag-featured-news","15":"tag-featurednews","16":"tag-garrucha","17":"tag-headlines","18":"tag-latest-news","19":"tag-latestnews","20":"tag-menor","21":"tag-muestra","22":"tag-news","23":"tag-noticias","24":"tag-noticias-destacadas","25":"tag-noticiasdestacadas","26":"tag-spain","27":"tag-titulares","28":"tag-ultimas-noticias","29":"tag-ultimasnoticias"},"share_on_mastodon":{"url":"https:\/\/pubeurope.com\/@es\/115668760835997214","error":""},"_links":{"self":[{"href":"https:\/\/www.europesays.com\/es\/wp-json\/wp\/v2\/posts\/273093","targetHints":{"allow":["GET"]}}],"collection":[{"href":"https:\/\/www.europesays.com\/es\/wp-json\/wp\/v2\/posts"}],"about":[{"href":"https:\/\/www.europesays.com\/es\/wp-json\/wp\/v2\/types\/post"}],"author":[{"embeddable":true,"href":"https:\/\/www.europesays.com\/es\/wp-json\/wp\/v2\/users\/2"}],"replies":[{"embeddable":true,"href":"https:\/\/www.europesays.com\/es\/wp-json\/wp\/v2\/comments?post=273093"}],"version-history":[{"count":0,"href":"https:\/\/www.europesays.com\/es\/wp-json\/wp\/v2\/posts\/273093\/revisions"}],"wp:featuredmedia":[{"embeddable":true,"href":"https:\/\/www.europesays.com\/es\/wp-json\/wp\/v2\/media\/273094"}],"wp:attachment":[{"href":"https:\/\/www.europesays.com\/es\/wp-json\/wp\/v2\/media?parent=273093"}],"wp:term":[{"taxonomy":"category","embeddable":true,"href":"https:\/\/www.europesays.com\/es\/wp-json\/wp\/v2\/categories?post=273093"},{"taxonomy":"post_tag","embeddable":true,"href":"https:\/\/www.europesays.com\/es\/wp-json\/wp\/v2\/tags?post=273093"}],"curies":[{"name":"wp","href":"https:\/\/api.w.org\/{rel}","templated":true}]}}