{"id":273101,"date":"2025-12-05T20:15:17","date_gmt":"2025-12-05T20:15:17","guid":{"rendered":"https:\/\/www.europesays.com\/es\/273101\/"},"modified":"2025-12-05T20:15:17","modified_gmt":"2025-12-05T20:15:17","slug":"vuelvo-al-lugar-donde-comence","status":"publish","type":"post","link":"https:\/\/www.europesays.com\/es\/273101\/","title":{"rendered":"Vuelvo al lugar donde comenc\u00e9"},"content":{"rendered":"<p id=\"eP0Abo4Tir\" data-wc=\"56\">El nombre de <strong>Sybilla se asocia con elegancia, lujo y m\u00e1xima calidad<\/strong>. La dise\u00f1adora, nacida en Nueva York y afincada en Espa\u00f1a, <a class=\"hm-link ho-link\" href=\"https:\/\/www.hola.com\/fashion\/tendencias\/2022093074137\/sybilla-disenadora-historia-exposicion-madrid\/\" data-mrf-recirculation=\"article-body-link\" rel=\"nofollow noopener\" target=\"_blank\">triunf\u00f3 en los a\u00f1os 80 y 90, convirti\u00e9ndose en una de las m\u00e1s influyentes e importantes de la moda espa\u00f1ola<\/a>. De car\u00e1cter t\u00edmido y reservado, sus creaciones sublimes la conectan con los m\u00e1s grandes.<\/p>\n<p id=\"ecBOx7uLYOm\" data-wc=\"82\">\u00abLa <strong>maestr\u00eda para los vol\u00famenes<\/strong> y el alto grado de <strong>atenci\u00f3n al detalle de Balenciaga<\/strong>, el manejo de la<strong>\u00a0t\u00e9cnica al bies y la libertad del cuerpo de Madeleine Vionnet<\/strong>, el humor surrealista de <strong>Elsa Schiaparell<\/strong>i o el trabajo de<strong>\u00a0modelaje sobre el cuerpo de madame Gr\u00e8s<\/strong>\u00ab, la describ\u00eda el cat\u00e1logo de la <strong>exposici\u00f3n El hilo invisible,\u00a0<\/strong>que Madrid le dedic\u00f3 hace dos a\u00f1os. Ese fue <strong>el \u00faltimo resurgir de Sybilla<\/strong>, que abri\u00f3 una tienda ef\u00edmera \u2014hoy permanente\u2014 en la calle Noviciado.<\/p>\n<p>  <img src=\"https:\/\/www.europesays.com\/es\/wp-content\/uploads\/2025\/12\/301c1bcc9f0e-sybillaportraitcut.jpg\"   width=\"1080\" height=\"1080\" loading=\"lazy\" decoding=\"async\" alt=\"La dise\u00f1adora Sybilla en su taller\" fetchpriority=\"auto\" class=\"image ho-image\"\/>\u00a9 F\u00e9lix Valiente<\/p>\n<p id=\"eJyARR-TxPv\" data-wc=\"72\">Antes, <strong>en 2005 hab\u00eda vuelto a desaparecer de la primera l\u00ednea para regresar diez a\u00f1os despu\u00e9s<\/strong>, cuando en 2015 se le concedi\u00f3 el <strong>Premio Nacional de Moda<\/strong>. \u00abEn estos a\u00f1os, por distintos motivos, <strong>he sentido la necesidad de alejarme, ya fuera por salud, econom\u00eda o para dedicarme a otros proyectos<\/strong> que han terminado enriqueciendo mi vida y mi trabajo\u00bb, cuenta a \u00a1HOLA! la dise\u00f1adora, que vuelve a encontrarse en estado de gracia.<\/p>\n<p id=\"eMj3ocSiEPo\" data-wc=\"100\">Acaba de <strong>abrir otra tienda en el madrile\u00f1o barrio de Salamanca<\/strong> y el pasado verano, adem\u00e1s de <strong>dise\u00f1ar el traje de novia de Gala Gonz\u00e1lez,<\/strong> particip\u00f3 en el <strong>desfile que Carolina Herrera celebr\u00f3 en la Plaza Mayor de Madrid<\/strong> con cinco prendas creadas especialmente para la ocasi\u00f3n. Tambi\u00e9n <a class=\"hm-link ho-link\" href=\"https:\/\/www.hola.com\/moda\/20250708842940\/reina-letizia-look-premios-periodismo-abc-mariana-cavia-vestido-negro-escote-palabra-honor-collar-perlas\/\" data-mrf-recirculation=\"article-body-link\" rel=\"nofollow noopener\" target=\"_blank\">se ha \u00abcolado\u00bb en el vestidor de la Reina Letizia, que llev\u00f3 uno de sus dise\u00f1os en los \u00faltimos Princesa de Asturias<\/a>. Y Marilo Montero fue la deslumbrante madrina en la boda de su hijo Alberto vestida de Sybilla, que tambi\u00e9n firmaba el dise\u00f1o que luci\u00f3 la hermana del novio, Roc\u00edo Crusset.<\/p>\n<p>  <img src=\"https:\/\/www.europesays.com\/es\/wp-content\/uploads\/2025\/12\/9e8f62bcf325-sybillaretrato3.jpg\"   width=\"1080\" height=\"1800\" loading=\"lazy\" decoding=\"async\" alt=\"La dise\u00f1adora Sybilla en su taller\" fetchpriority=\"auto\" class=\"image ho-image\"\/>\u00a9 F\u00e9lix Valiente\u00bbEn estos a\u00f1os, por distintos motivos, he sentido la necesidad de alejarme, ya fuera por salud, econom\u00eda o para dedicarme a otros proyectos que han terminado enriqueciendo mi vida y mi trabajo. Cada \u00e9poca ha sido un nuevo cap\u00edtulo creativo\u00bb, nos desvela Sybilla, que abre nuevos espacios en Madrid: una galer\u00eda de arte en Noviciado y una tienda en el barrio de Salamanca<\/p>\n<p class=\"question-s1\" id=\"e4NBvobvy5c\" data-wc=\"12\"><strong>\u00bfEstamos ante otro renacer de Sybilla? Aunque t\u00fa prefieres llamarlo revuelta, \u00bfno?<\/strong><\/p>\n<p class=\"answer-s1\" id=\"ek5kRY1eK35\" data-wc=\"193\">Hace dos a\u00f1os lo llamaron <strong>\u00abla revuelta\u00bb, porque la marca muri\u00f3 y volvi\u00f3 m\u00e1s de una vez,<\/strong> y porque intentamos hacer las cosas de manera distinta, salirnos del molde. Abrimos la <strong>primera tienda hace dos a\u00f1os en la calle Noviciado,<\/strong> primero como ef\u00edmera y ahora ya fija, y en estos d\u00edas tambi\u00e9n abrimos una galer\u00eda de arte en la misma calle. Me enamor\u00e9 de ese lugar porque <strong>guarda la esencia de lo que era el Madrid de mi juventud<\/strong>, y ah\u00ed encontr\u00e9 la fuerza y la inspiraci\u00f3n para volver a arrancar. Es un<strong>\u00a0barrio realmente especial y la gente se sorprende cuando lo descubre<\/strong>, con tantos peque\u00f1os negocios originales con sus due\u00f1os al frente y un esp\u00edritu de comunidad incre\u00edble. Ahora <strong>abrimos en Lagasca 21, a la vuelta de donde tuve mi primera tienda hace 40 a\u00f1os,<\/strong> en el callej\u00f3n de Jorge Juan que la gente recuerda con mucho cari\u00f1o. Cuando abrimos ah\u00ed, la calle era de barro y en lo que hoy son locales hab\u00eda okupas. <strong>Vuelvo al lugar donde comenc\u00e9, que ahora est\u00e1 muy transformado<\/strong>: un nuevo Madrid cosmopolita y sofisticado que no deja de sorprenderme y que me encanta tambi\u00e9n.<\/p>\n<p class=\"question-s1\" id=\"eHjxjI1T5EQ\" data-wc=\"21\"><strong>Dijiste que te hab\u00edas reconciliado con Madrid. \u00bfQu\u00e9 te hizo \u201cromper\u201dcon ella? \u00bfY qu\u00e9 te ha hecho que vuelvas a quererla?<\/strong><\/p>\n<p class=\"answer-s1\" id=\"eKoqQ5cYHU8\" data-wc=\"175\">El tener que<strong>\u00a0cerrar la compa\u00f1\u00eda al no poder entrar el inversor que ten\u00eda previsto hacerlo en nuestra \u00faltima etapa fue muy duro,<\/strong> aunque hoy, en la distancia, me doy cuenta de que es lo mejor que pudo haber pasado. <strong>Mi pareja muri\u00f3 y mi padre tambi\u00e9n, dos personas que eran mi punto de referencia en la ciudad.\u00a0<\/strong>Fue un buen momento para alejarme, y <strong>Mallorca ha sido siempre mi otro hogar, mi refugio,<\/strong> soy muy feliz ah\u00ed dedicada a otros proyectos alejados de la moda. La calle Noviciado y el barrio que la rodea me reconciliaron con Madrid. Fue<strong>\u00a0todo un descubrimiento para m\u00ed, un lugar aut\u00e9ntico, con sus distintos personajes<\/strong>, luz y alegr\u00eda, y el edificio donde tenemos nuestros locales que era un antiguo convento, y el jard\u00edn que hemos recuperado detr\u00e1s que sin duda tienen una energ\u00eda muy especial y much\u00edsimo encanto. Tambi\u00e9n el haber recuperado la marca y poder volver a crear un equipo con gente talentosa y entusiasta. <strong>Incorporar a gente joven al proyecto me da mucha energ\u00eda y esperanza.<\/strong><\/p>\n<p>  <img src=\"https:\/\/www.europesays.com\/es\/wp-content\/uploads\/2025\/12\/d423a8580c87-dlu593587112.jpg\"   width=\"1080\" height=\"1800\" loading=\"lazy\" decoding=\"async\" alt=\"Reina Letizia en los Premios Princesa de Asturias con un dise\u00f1o de Sybilla\" fetchpriority=\"auto\" class=\"image ho-image\"\/>\u00a9 GTRESLa Reina Letizia con un dise\u00f1o de la creadora en los Premios Princesa de Asturias<\/p>\n<p class=\"question-s1\" id=\"eIXItd95uti\" data-wc=\"24\"><strong>A la vuelta del verano, vimos tu colaboraci\u00f3n con Carolina Herrera. \u00bfC\u00f3mo surgi\u00f3 este proyecto? \u00bfQu\u00e9 es lo que m\u00e1s disfrutaste de esta colaboraci\u00f3n?<\/strong><\/p>\n<p class=\"answer-s1\" id=\"emsFkCNrOU_L\" data-wc=\"62\"><strong>Wes Gordon me llam\u00f3<\/strong> para propon\u00e9rmelo. La verdad es que fue muy<strong>\u00a0f\u00e1cil y divertido<\/strong>. Disfrut\u00e9 mucho con todo su equipo y trabajando con Wes. Tambi\u00e9n <strong>fue emocionante trabajar en un proyecto que un\u00eda Nueva York,\u00a0<\/strong>la ciudad donde nac\u00ed y donde mi madre trabajaba como dise\u00f1adora,<strong>\u00a0con Madrid,<\/strong> la ciudad donde crec\u00ed, desarroll\u00e9 mi trabajo y que tanto me ha marcado.<\/p>\n<p class=\"question-s1\" id=\"ezdXMSKz5vsn\" data-wc=\"10\"><strong>\u00bfQu\u00e9 importancia tienen las colaboraciones para ti hoy en d\u00eda?<\/strong><\/p>\n<p class=\"answer-s1\" id=\"evtbk9QSBnS7\" data-wc=\"43\">Me encantan las colaboraciones y creo que <strong>son el futuro<\/strong>. Me encanta trabajar con distintas industrias y con artesanos con otro tipo de conocimientos, mezclar disciplinas, imaginar cosas juntos. En este momento <strong>estoy muy abierta a meterme en todo tipo de nuevas aventuras.<\/strong><\/p>\n<p>  <img src=\"https:\/\/www.europesays.com\/es\/wp-content\/uploads\/2025\/12\/75bd4949bbbd-galajohndiasdevinoyrosas-720cut.jpg\"   width=\"1080\" height=\"1800\" loading=\"lazy\" decoding=\"async\" alt=\"Gala Gonzalez con un dise\u00f1o de Sybilla para su boda\" fetchpriority=\"auto\" class=\"image ho-image\"\/>\u00a9 D\u00edas de Vino y rosasGala Gonz\u00e1lez el d\u00eda de su boda, el pasado 23 de junio, con un dise\u00f1o exclusivo de Sybilla<\/p>\n<p class=\"question-s1\" id=\"eAXSrdSt2ALa\" data-wc=\"21\"><strong>Con una carrera tan prol\u00edfica y extensa como la tuya, si echas la vista atr\u00e1s, \u00bfde qu\u00e9 te sientes m\u00e1s orgullosa?<\/strong><\/p>\n<p class=\"answer-s1\" id=\"ee81Uuw_1t4e\" data-wc=\"46\">De la<strong>\u00a0gente con la que he trabajado<\/strong>, de los <strong>equipos que se han formado<\/strong>, las <strong>amistades<\/strong> y los <strong>momentos emocionantes\u00a0<\/strong>que hemos vivido juntos. Materializamos muchos sue\u00f1os que parec\u00edan imposibles y en todo el proceso hubo mucho amor y mucho aprendizaje. Me siento muy agradecida.<\/p>\n<p class=\"question-s1\" id=\"eE-0FKDMZnLV\" data-wc=\"37\"><strong>Tambi\u00e9n ha sido una trayectoria de idas y venidas, a veces decid\u00edas retirarte y desaparecer por un tiempo. \u00bfEsas ausencias estaban relacionadas con tu deseo de anonimato? \u00bfQu\u00e9 es lo que te ha motivado para querer volver?<\/strong><\/p>\n<p class=\"answer-s1\" id=\"emq7NAH_PIb8\" data-wc=\"128\">Es dif\u00edcil mantener un proyecto con el nivel de exigencia que tengo. <strong>A un escritor, a un director de cine o a un pintor, no se le exige que est\u00e9 siempre creando en primera l\u00ednea.<\/strong> Yo mantengo una <strong>involucraci\u00f3n muy grande en todo lo que lleva mi marca.\u00a0<\/strong>En estos a\u00f1os, por distintos motivos, he sentido la necesidad de alejarme, ya fuera por salud, econom\u00eda o para dedicarme a otros proyectos que han terminado enriqueciendo mi vida y mi trabajo.<strong>\u00a0Cada \u00e9poca ha sido un nuevo cap\u00edtulo creativo.<\/strong> Por suerte, cuando he vuelto, segu\u00eda habiendo gente que apreciaba mi trabajo y he podido sentir que ten\u00eda algo que ofrecer. Mantener una marca peque\u00f1a e independiente viva hoy es todo un ejercicio de equilibrio, caminamos sobre la cuerda floja.<\/p>\n<blockquote class=\"ho-bl-1081603 -no-figcaption\" cite=\"\">\n<p id=\"ezj5XT7ZEpC\">\u00abPor bien que intente hacer las cosas, s\u00e9 que estamos lejos de ser un ejemplo en moda sostenible. Hay mucho camino por recorrer todav\u00eda\u00bb<\/p>\n<\/blockquote>\n<p class=\"question-s1\" id=\"ejj9mZsPiGHh\" data-wc=\"10\"><strong>De todo el proceso creativo, \u00bfcu\u00e1l es tu parte preferida?<\/strong><\/p>\n<p class=\"answer-s1\" id=\"e5MCT1dFFoYj\" data-wc=\"98\">Cada vez que veo un <strong>dibujo pasado a tela por primera vez y empiezo a trabajar con el prototipo,<\/strong> model\u00e1ndolo, intentando encontrar la sensaci\u00f3n que busco. A veces ese proceso es r\u00e1pido, pero a veces son a\u00f1os d\u00e1ndole vueltas a un prototipo hasta que considero que est\u00e1 listo. Otro momento que disfruto mucho es <strong>cuando fotografiamos las prendas y creamos las im\u00e1genes de la campa\u00f1a.<\/strong> En ese momento, lo que en su d\u00eda fue un dibujo se convierte en algo real, intento capturar con la c\u00e1mara lo que en su d\u00eda imagin\u00e9, un dibujo en carne y hueso.<\/p>\n<p class=\"question-s1\" id=\"edMt4tX-SX7T\" data-wc=\"15\"><strong>Has dicho: \u00abNo me gusta la moda, pero amo la ropa\u00bb. \u00bfSiempre has pensado igual?<\/strong><\/p>\n<p class=\"answer-s1\" id=\"ewarRVuv3YID\" data-wc=\"175\">Creo que s\u00ed, aunque <strong>hay momentos en que lo que se hac\u00eda en el mundo de la moda me interesaba m\u00e1s,<\/strong> sobre todo en los a\u00f1os 80, cuando hab\u00eda muchos dise\u00f1adores due\u00f1os de sus marcas<strong>\u00a0haciendo cosas muy distintas, con mucha personalidad\u00a0<\/strong>o quiz\u00e1s era por mi edad entonces. Empec\u00e9 muy joven <strong>rebuscando ropa en los mercadillos;<\/strong> esa fue mi escuela. En esa \u00e9poca <strong>la ropa de segunda mano no estaba valorada como ahora<\/strong>, buscaba tesoros en monta\u00f1as de ropa, en el Rastro, era mi pasatiempo favorito, y despu\u00e9s <strong>transformar esas piezas que me acompa\u00f1aron durante muchos a\u00f1os.\u00a0<\/strong>Soy de crear relaciones largas con las prendas, como si fueran amigos con los que puedes contar en distintas situaciones cuando los necesitas. Creo que por eso<strong>\u00a0intento crear prendas que perduren en el tiempo<\/strong> y de las que te cueste desprenderte. Hay mucho amor y tiempo en cada pieza que hago: el patronaje, el tejido, el color, los peque\u00f1os detalles\u2026 Todo cuenta para que te enamores de una prenda y que pueda darte fuerza y alegr\u00eda.<\/p>\n<p class=\"question-s1\" id=\"eCY4puXq3PqO\" data-wc=\"16\"><strong>\u00bfQu\u00e9 significa para ti el Premio Arte y Creaci\u00f3n Consciente de MadBlue que acabas de recibir?<\/strong><\/p>\n<p class=\"answer-s1\" id=\"etPUf9cC5Clb\" data-wc=\"133\"><strong>Me quisieron premiar otros a\u00f1os como moda sostenible y dije que no pod\u00eda aceptarlo,<\/strong> porque por bien que intente hacer las cosas, s\u00e9 que estamos lejos de ser un ejemplo en ese sentido. Por muchos certificados que tengan mis prendas o aunque colaboremos con talleres sociales<strong>, hay mucho camino por recorrer todav\u00eda.\u00a0<\/strong>Este a\u00f1o me premian por <strong>crear belleza, y lo agradezco, y por ayudar a materializar proyectos en otras \u00e1reas en Mallorca.<\/strong> Siempre he querido ayudar a convertir utop\u00edas en realidades, y para esto creamos una asociaci\u00f3n de amigos en Mallorca con algunos \u00e9xitos.<strong>\u00a0Mad Blue est\u00e1 ayudando a financiar proyectos que en principio parec\u00edan imposibles,<\/strong> y premiando a so\u00f1adores valientes; por eso estuve feliz de recibir el premio de ellos, y quiero apoyarles en su labor en todo lo que pueda.<\/p>\n<p>  <img src=\"https:\/\/www.europesays.com\/es\/wp-content\/uploads\/2025\/12\/683ff876bacc-sybillaportrait2.jpg\"   width=\"1080\" height=\"1800\" loading=\"lazy\" decoding=\"async\" alt=\"La dise\u00f1adora Sybilla en su taller\" fetchpriority=\"auto\" class=\"image ho-image\"\/>\u00a9 F\u00e9lix Valiente<\/p>\n<p class=\"question-s1\" id=\"eXT3voFZZdff\" data-wc=\"16\"><strong>Siempre se ha dicho de ti que vas por libre. \u00bfEn qu\u00e9 mujer piensas cuando dise\u00f1as?<\/strong><\/p>\n<p class=\"answer-s1\" id=\"eZNOS5f43_rf\" data-wc=\"136\">En todas y en ninguna. M<strong>e gusta pasar tiempo en las tiendas, donde aprendo mucho con las clientas.<\/strong> Disfruto un mont\u00f3n cuando hacemos tiendas ef\u00edmeras en otras ciudades y veo a las mujeres gozando con la ropa. <a class=\"hm-link ho-link\" href=\"https:\/\/www.hola.com\/estar-bien\/20180627125990\/sostenibilidad-sybilla-ecoalf-gt\/\" data-mrf-recirculation=\"article-body-link\" rel=\"nofollow noopener\" target=\"_blank\">Nuestro sal\u00f3n de ropa a medida es tambi\u00e9n una fuente de inspiraci\u00f3n constante, inventando prendas junto a las mujeres que van a llevarlas<\/a>. Hay algunas mujeres j\u00f3venes, que son artistas y madres, con mucha personalidad y exposici\u00f3n p\u00fablica, que buscan mi ropa y me motivan a crear, y hay mujeres m\u00e1s maduras, con puestos de mucha responsabilidad, para las que la ropa es tambi\u00e9n un instrumento de trabajo, que les da fuerza y protecci\u00f3n en su profesi\u00f3n, que me inspiran a darle sentido a mi trabajo.<strong>\u00a0Mi vida ajetreada y mi coqueter\u00eda o inseguridades tambi\u00e9n me da ideas constantemente.<\/strong><\/p>\n<p class=\"question-s1\" id=\"ecfVHPooY-52\" data-wc=\"12\"><strong>\u00bfC\u00f3mo es un d\u00eda de trabajo normal para ti? \u00bfY uno extraordinario?<\/strong><\/p>\n<p class=\"answer-s1\" id=\"e0fGmtrKjIH9\" data-wc=\"145\">Tengo un<strong> taller creativo en Mallorca y un taller m\u00e1s de producci\u00f3n en Carabanchel, en Madrid<\/strong>. Mis d\u00edas son muy distintos seg\u00fan d\u00f3nde estoy. Los d\u00edas en Madrid est\u00e1n <strong>llenos de reuniones con los equipos, pruebas de producci\u00f3n, montaje de las tiendas&#8230;<\/strong> meto la nariz en todo. Tambi\u00e9n paso bastante tiempo en la calle Noviciado, que es siempre una dosis de Madrid en estado puro, una dosis de alegr\u00eda madrile\u00f1a.<strong> Los d\u00edas de trabajo en Mallorca son algo m\u00e1s serenos, paso muchas horas trabajando con los prototipos, a menudo de noche y los fines de semana, d\u00e1ndole vueltas a las cosas<\/strong> y disfrutando del proceso de creaci\u00f3n, con el mar enfrente. Un d\u00eda extraordinario es cuando tengo tiempo para m\u00ed, para escucharme y seguir mi intuici\u00f3n. <strong>Disfruto mucho cocinando y estando en la naturaleza<\/strong>, de estos procesos suelen nacer las cosas m\u00e1s importantes y valiosas.<\/p>\n<p class=\"question-s1\" id=\"eZM_N44LFxMi\" data-wc=\"14\"><strong>La marca Sybilla ha pasado por diferentes etapas empresariales, \u00bfc\u00f3mo describes el momento actual?<\/strong><\/p>\n<p class=\"answer-s1\" id=\"eqX0iYKAqWhQ\" data-wc=\"21\">Como un<strong> brote verde y tierno que asoma entre dos adoquines en una calle con mucho tr\u00e1fico<\/strong>. A ver si prospera\u2026<\/p>\n<p>  <img src=\"https:\/\/www.europesays.com\/es\/wp-content\/uploads\/2025\/12\/15ca0c06ab26-sybillaretratonoviciado.jpg\"   width=\"1080\" height=\"1800\" loading=\"lazy\" decoding=\"async\" alt=\"La dise\u00f1adora Sybilla en su taller\" fetchpriority=\"auto\" class=\"image ho-image\"\/>\u00a9 F\u00e9lix Valiente<\/p>\n<p class=\"question-s1\" id=\"eoH7Z4BY4b_2\" data-wc=\"18\"><strong>\u00bfC\u00f3mo ves el presente de la moda en Espa\u00f1a? \u00bfY c\u00f3mo imaginas que va a ser el futuro?<\/strong><\/p>\n<p class=\"answer-s1\" id=\"eX_hwfWZ_RvN\" data-wc=\"38\">Creo que <strong>viene una revoluci\u00f3n, en todos los sentidos.<\/strong> El viejo mundo se queda atr\u00e1s y lo que viene es algo tan distinto que no lo podemos ni imaginar. Me da v\u00e9rtigo, miedo y esperanza a la vez<\/p>\n<p class=\"question-s1\" id=\"eZBYgxndbows\" data-wc=\"15\"><strong>\u00bfCrees que el pasado tiene m\u00e1s cosas que ofrecer que lo que est\u00e1 por\u00a0<\/strong><strong>venir?<\/strong><\/p>\n<p class=\"answer-s1\" id=\"e6z2hV2llISD\" data-wc=\"107\">Creo que vivimos un momento fascinante, pero tambi\u00e9n terrible, aunque <a class=\"hm-link ho-link\" href=\"https:\/\/www.hola.com\/novias\/20250709842952\/gala-gonzalez-vestido-novia-sybilla-boda-john-steiner\/\" data-mrf-recirculation=\"article-body-link\" rel=\"nofollow noopener\" target=\"_blank\">creo en la grandeza del ser humano y en la batalla de la luz contra la oscuridad<\/a>. La gente hoy est\u00e1 m\u00e1s <strong>focalizada en lo que nos separa que en lo que nos une, hay mucha soledad, indignaci\u00f3n, incertidumbre.<\/strong> Abro la <strong>Galer\u00eda de la Plaza del Gato en la calle Noviciado, 20 <\/strong>para crear un<strong> lugar que promueva encuentros, donde la gente se emocione junta, excusas para celebrar<\/strong>,<strong> compartir y conocer nuevos amigos, <\/strong>hacer debates, actuaciones y conciertos. Ojal\u00e1 no perdamos lo que nos hace humanos, los valores, la creatividad, la libertad y la capacidad de amar.<\/p>\n<p class=\"question-s1\" id=\"eBfYciY8vWfZ\" data-wc=\"12\"><strong>\u00bfCu\u00e1l dir\u00edas que es tu legado para la historia de la moda?<\/strong><\/p>\n<p class=\"answer-s1\" id=\"esR-9pPPtRIb\" data-wc=\"41\">Quiz\u00e1s <strong>la<\/strong> <strong>persistencia y la resistencia<\/strong>. Una tozuda cabezota so\u00f1adora, rodeada de buenos amigos y talentosos colaboradores, que <strong>tuvo la suerte de poder crear lo que imagin\u00f3,<\/strong> aprender en el camino y ver c\u00f3mo la gente lo apreciaba y lo disfrutaba.<\/p>\n<p class=\"indesign-warning\" id=\"e_ht8Y0_sNWf\" data-wc=\"3\">PIES DE FOTO<\/p>\n<p class=\"HOLA-TEMAS_6--PIE-BLANCO-9\" id=\"eR0MEkN9Py64\" data-wc=\"103\">\u00abEn estos a\u00f1os, por distintos motivos, he sentido la necesidad de alejarme, ya fuera por salud, econom\u00eda o para dedicarme a otros proyectos que han terminado enriqueciendo mi vida y mi trabajo. Cada \u00e9poca ha sido un nuevo cap\u00edtulo creativo\u00bb, nos desvela Sybilla, que abre nuevos espacios en Madrid: una galer\u00eda de arte en Noviciado y una tienda en el barrio de Salamanca. Junto a estas l\u00edneas, la Reina Letizia con un dise\u00f1o de la creadora en los Premios Princesa de Asturias. A la derecha, Gala Gonz\u00e1lez el d\u00eda de su boda, el pasado 23 de junio, con un dise\u00f1o exclusivo de Sybilla<\/p>\n","protected":false},"excerpt":{"rendered":"El nombre de Sybilla se asocia con elegancia, lujo y m\u00e1xima calidad. La dise\u00f1adora, nacida en Nueva York&hellip;\n","protected":false},"author":2,"featured_media":273102,"comment_status":"","ping_status":"","sticky":false,"template":"","format":"standard","meta":{"footnotes":""},"categories":[174],"tags":[3900,255,3899,146,147,25,24,256,1023,23],"class_list":{"0":"post-273101","1":"post","2":"type-post","3":"status-publish","4":"format-standard","5":"has-post-thumbnail","7":"category-famosos","8":"tag-hola","9":"tag-celebrities","10":"tag-contenido-sensible","11":"tag-entertainment","12":"tag-entretenimiento","13":"tag-es","14":"tag-espana","15":"tag-famosos","16":"tag-moda","17":"tag-spain"},"share_on_mastodon":{"url":"https:\/\/pubeurope.com\/@es\/115668800752428833","error":""},"_links":{"self":[{"href":"https:\/\/www.europesays.com\/es\/wp-json\/wp\/v2\/posts\/273101","targetHints":{"allow":["GET"]}}],"collection":[{"href":"https:\/\/www.europesays.com\/es\/wp-json\/wp\/v2\/posts"}],"about":[{"href":"https:\/\/www.europesays.com\/es\/wp-json\/wp\/v2\/types\/post"}],"author":[{"embeddable":true,"href":"https:\/\/www.europesays.com\/es\/wp-json\/wp\/v2\/users\/2"}],"replies":[{"embeddable":true,"href":"https:\/\/www.europesays.com\/es\/wp-json\/wp\/v2\/comments?post=273101"}],"version-history":[{"count":0,"href":"https:\/\/www.europesays.com\/es\/wp-json\/wp\/v2\/posts\/273101\/revisions"}],"wp:featuredmedia":[{"embeddable":true,"href":"https:\/\/www.europesays.com\/es\/wp-json\/wp\/v2\/media\/273102"}],"wp:attachment":[{"href":"https:\/\/www.europesays.com\/es\/wp-json\/wp\/v2\/media?parent=273101"}],"wp:term":[{"taxonomy":"category","embeddable":true,"href":"https:\/\/www.europesays.com\/es\/wp-json\/wp\/v2\/categories?post=273101"},{"taxonomy":"post_tag","embeddable":true,"href":"https:\/\/www.europesays.com\/es\/wp-json\/wp\/v2\/tags?post=273101"}],"curies":[{"name":"wp","href":"https:\/\/api.w.org\/{rel}","templated":true}]}}