{"id":273105,"date":"2025-12-05T20:18:09","date_gmt":"2025-12-05T20:18:09","guid":{"rendered":"https:\/\/www.europesays.com\/es\/273105\/"},"modified":"2025-12-05T20:18:09","modified_gmt":"2025-12-05T20:18:09","slug":"el-agujero-economico-y-de-audiencia-que-deja-espana-en-eurovision-la-voz-de-galicia","status":"publish","type":"post","link":"https:\/\/www.europesays.com\/es\/273105\/","title":{"rendered":"El agujero econ\u00f3mico y de audiencia que deja Espa\u00f1a en Eurovisi\u00f3n &#8211; La Voz de Galicia"},"content":{"rendered":"<ol>\n<li><a href=\"https:\/\/news.google.com\/rss\/articles\/CBMi1AFBVV95cUxPSGZCck12LVF6NW5OY29BSUI1bGE4LWs0a0dCbGtzd1d1NFJERGZJT0hCYmxRaF9KdEJKZUFmcjY2bEhmd0I3NVZEdWVYdDV5WFN0RHVUTWNLZEVRaklPQzFGcFFxaWV1OG5mRk1GZGdfWnZvNUJZc3B3SDFtN0NuUDJjazRwVHh3Zy1oblN0Vm4yX2k2cG9ldnZiX3MtTjFqb28yaTdXYnpsVHI4SFduWjVnNFR5d3BPckMtSXNBOG5hREVrb1YtLUxPbTFyWVd1TUFNeNIB8AFBVV95cUxNMWl2ZTNJT2t2RG9jMzEydTVDR2VNV2Y4TERhUFZ1U3c5ODQ2a3I1NzN4RE40TTNVS1RkN3hJS3hnRzRpczZ3aE5ROUJSSmJSYTUwT1U2eUV0bTItMXBPWk5oSWt5bEsxWEVJcEhxZUtsU1VMZ1pHMzZ5V2dtLWZWdVBldVNHUkZfWlo0UllSLWZ1OWhYaTRCVXJ6aFBhV3h5YTF2TzdhTExrMWllQ3otQy1jU2o2ZERMTTNObllLcmV3ak41Q2toRlpCazRPQWI4Y3hsM3dqQ1dxa0hEZmp1YmJOamlneU5rWlg5UmUyMVc?oc=5\" target=\"_blank\" rel=\"nofollow noopener\">El agujero econ\u00f3mico y de audiencia que deja Espa\u00f1a en Eurovisi\u00f3n<\/a>&nbsp;&nbsp;La Voz de Galicia<\/li>\n<li><a href=\"https:\/\/news.google.com\/rss\/articles\/CBMiwAFBVV95cUxOamZSa1ZndnFKY0ZLUlEtZ09GUmtJTlRNTm1YbmREV2RfRWR3bGNDd1hEVVljRnhoMlNCZnZteWtQMWdsSm5RTEF6QzRJUFlSR3liWTlBZUVyRWhCX1FTWnBXaFZtZjJRSnBUdDFsQWotQkRwQXZKTng0MTVjcnhrR3FYTkkzY0RHMGpiMnNNVW5hd001d090SzUtM0s0cEh5ZGlLQ2loWHdaSzE3NWttd1JYcjdGSGpQRlozakZNTlLSAcABQVVfeXFMTkdQbnM4U1VCamtwcDVWemhvVmU1ZkVWV1p0TnNBRUVrU2lJcHI4Ml9WdklDUzE0dG9YVnVRcGV5NFpmcXFYZ3V1RGJfUWV5d18xZi13RWdJU096ajBWZGdkaGN5Qmk4R2QtbklHYW44R3pVRTlVOVI0LWVEWHlxSFpGY29pb254akNvT2FpRlFXcXh1Sl9vTlFCaFprcUt1c3RDNnJzS3hOZGdVZWczeVJQR3lIdnFPbkVJZXlSdnd1?oc=5\" target=\"_blank\" rel=\"nofollow noopener\">Cuando el show no debe continuar: m\u00fasicos que prefieren el compromiso al espect\u00e1culo<\/a>&nbsp;&nbsp;RTVE.es<\/li>\n<li><a href=\"https:\/\/news.google.com\/rss\/articles\/CBMi3AFBVV95cUxORTdWOUJVMnR5R0JPWFNBZ2NiX0RhOG92NTFWVFRoeTYwZ2x6RHZsNmU3VU5jNWYyTEo4Q1otQUdMZkR4bVJCNVBQd2QzVWlPNjlIdjRBLXVCZWVWeVdvRTZnREF0bWpaNGUxYzNSTmptZnlzY2JaMTlfRGR2enQtZ0RQb19fbTdfU1A1TFJVRWhjdVNwTkRfaFZ2Y2k3anhSSDllSnV1NHF5eTNfbGRpWmVDVkhiTFA0X2dkcndNWm1mSUdMMUEwOGd2Zy1IZ0pSWGM5aWkyZ2FXaWdB0gHiAUFVX3lxTE9kN0VXUm9PSnRMdWM3cGVOY3dYdloxVUVxVlM1eHhhNXhlSlRzbU50WVlLZGVkalo3TFg2X25TOGhRSkNZcDdSQ25MRmJpd2FPU1JtLTQwbG51cTNNbG1lZmtpU3gyT0ZVMGtqbDdmTG9BQ01WSlh1RV9NVm9mNjh2Vmo4OHNyRGxhWU5KSnNBU3JZbl91OE5GTThMZkp4SXpKWVdiOHBraEdzdVhMSEFmLXVaSGdGV0puUUFRTm54d2I2LUdELWJER0lwLTZselg1dVpTQ1I3Wi1yMHgxTzVLTXc?oc=5\" target=\"_blank\" rel=\"nofollow noopener\">Eurovisi\u00f3n 2026 se reorganiza tras el adi\u00f3s de Espa\u00f1a: los tres pa\u00edses que regresan al festival y el posible debut de un candidato eterno<\/a>&nbsp;&nbsp;El Confidencial<\/li>\n<li><a href=\"https:\/\/news.google.com\/rss\/articles\/CBMiwAFBVV95cUxPcldQZGlrRFhIRFFTaGlISVdQUGpBWmQ2TkN5T2hXMnlTcTFNdDNJMlMwUVVFY1dUZDBUX0pLc25Udnp1ZThHOVU1YUx2SVJ4ZFdiUlpUOVJnQnNSRDMxWTVoaWpPb0Y0a05rY0xtYW1LaTNtT1FZcTlGdG1HX3FHYWVNME8za0pQZDgycVh6bTBNdjJLRUF4SzRKZi1jaVJOY19rVHRrMU40dDRFSWdKYkNJS3dIUzY1ZnlnY0VFVGM?oc=5\" target=\"_blank\" rel=\"nofollow noopener\">M\u00e1s pa\u00edses se suman al boicot contra el popular festival Eurovisi\u00f3n en rechazo a la participaci\u00f3n de Israel<\/a>&nbsp;&nbsp;Clarin.com<\/li>\n<\/ol>\n","protected":false},"excerpt":{"rendered":"El agujero econ\u00f3mico y de audiencia que deja Espa\u00f1a en Eurovisi\u00f3n&nbsp;&nbsp;La Voz de Galicia Cuando el show no&hellip;\n","protected":false},"author":2,"featured_media":273106,"comment_status":"","ping_status":"","sticky":false,"template":"","format":"standard","meta":{"footnotes":""},"categories":[171],"tags":[146,147,25,24,24121,6870,518,23,214],"class_list":{"0":"post-273105","1":"post","2":"type-post","3":"status-publish","4":"format-standard","5":"has-post-thumbnail","7":"category-tv","8":"tag-entertainment","9":"tag-entretenimiento","10":"tag-es","11":"tag-espana","12":"tag-eurovision","13":"tag-la-1","14":"tag-rtve","15":"tag-spain","16":"tag-tv"},"share_on_mastodon":{"url":"https:\/\/pubeurope.com\/@es\/115668812094403095","error":""},"_links":{"self":[{"href":"https:\/\/www.europesays.com\/es\/wp-json\/wp\/v2\/posts\/273105","targetHints":{"allow":["GET"]}}],"collection":[{"href":"https:\/\/www.europesays.com\/es\/wp-json\/wp\/v2\/posts"}],"about":[{"href":"https:\/\/www.europesays.com\/es\/wp-json\/wp\/v2\/types\/post"}],"author":[{"embeddable":true,"href":"https:\/\/www.europesays.com\/es\/wp-json\/wp\/v2\/users\/2"}],"replies":[{"embeddable":true,"href":"https:\/\/www.europesays.com\/es\/wp-json\/wp\/v2\/comments?post=273105"}],"version-history":[{"count":0,"href":"https:\/\/www.europesays.com\/es\/wp-json\/wp\/v2\/posts\/273105\/revisions"}],"wp:featuredmedia":[{"embeddable":true,"href":"https:\/\/www.europesays.com\/es\/wp-json\/wp\/v2\/media\/273106"}],"wp:attachment":[{"href":"https:\/\/www.europesays.com\/es\/wp-json\/wp\/v2\/media?parent=273105"}],"wp:term":[{"taxonomy":"category","embeddable":true,"href":"https:\/\/www.europesays.com\/es\/wp-json\/wp\/v2\/categories?post=273105"},{"taxonomy":"post_tag","embeddable":true,"href":"https:\/\/www.europesays.com\/es\/wp-json\/wp\/v2\/tags?post=273105"}],"curies":[{"name":"wp","href":"https:\/\/api.w.org\/{rel}","templated":true}]}}