{"id":273113,"date":"2025-12-05T20:22:17","date_gmt":"2025-12-05T20:22:17","guid":{"rendered":"https:\/\/www.europesays.com\/es\/273113\/"},"modified":"2025-12-05T20:22:17","modified_gmt":"2025-12-05T20:22:17","slug":"aumenta-considerablemente-la-incidencia-de-virus-respiratorios-en-navarra-con-41-ingresos-por-gripe-la-ultima-semana-sociedad","status":"publish","type":"post","link":"https:\/\/www.europesays.com\/es\/273113\/","title":{"rendered":"Aumenta \u00abconsiderablemente\u00bb la incidencia de virus respiratorios en Navarra con 41 ingresos por gripe la \u00faltima semana | Sociedad"},"content":{"rendered":"<p class=\"loc\">Pamplona<\/p>\n<p>La incidencia de los virus respiratorios sigue repuntando en Navarra, registrando en la \u00faltima semana un aumento \u00abconsiderable\u00bb con m\u00faltiples hospitalizaciones tanto por gripe como por Covid y Virus Respiratorio Sincitial. Destaca especialmente la incidencia de la gripe con 87 casos confirmados y 41 ingresos hospitalarios en la \u00faltima semana.<\/p>\n<p>La incidencia semanal de infecciones respiratorias agudas vistas en atenci\u00f3n primaria ha alcanzado los 818 casos por 100.000 habitantes, seg\u00fan recoge el informe epidemiol\u00f3gico del Instituto de Salud P\u00fablica y Labora de Navarra correspondiente a la semana del 24 al 30 de noviembre.<\/p>\n<p>La incidencia de s\u00edndromes gripales ha ascendido hasta 226 casos por 100.000 habitantes, con aumentos en todos los grupos de edad y las tasas m\u00e1s altas en los grupos de 5 a 14 a\u00f1os y de 0 a 4 a\u00f1os, con 744 y 530 casos por 100.000, respectivamente. El 72% de los casos de s\u00edndromes gripales analizados se han confirmado para virus de la gripe, con predominio de gripe A (H3N2) (83%) sobre A(H1N1) (17%).<\/p>\n<p>Se han confirmado 87 casos de gripe por PCR y se han registrado 41 ingresos hospitalarios por gripe. Se ha confirmado 2 casos de covid por PCR que requirieron ingreso hospitalario. Esta semana se han confirmado 9 casos de VRS, de los cuales, 7 fueron hospitalizados por esta causa y 3 fueron casos pedi\u00e1tricos.<\/p>\n<p>El 20 de octubre comenz\u00f3 la campa\u00f1a de vacunaci\u00f3n frente a gripe y covid. Hasta el 30 de noviembre se hab\u00edan administrado 150.605 dosis de vacuna antigripal y 83.774 dosis de vacuna del covid. En este sentido, Salud P\u00fablica ha destacado que, adem\u00e1s de la vacunaci\u00f3n, \u00abes muy importante intensificar las medidas preventivas en el entorno de las personas m\u00e1s vulnerables, evitando el contacto con personas con s\u00edntomas respiratorios, y en caso de duda, manteniendo la distancia f\u00edsica y el uso de mascarillas\u00bb.<\/p>\n<p>Gastroenteritis<\/p>\n<p>Por su parte, la incidencia de consultas por gastroenteritis aguda en atenci\u00f3n primaria va remitiendo. En la semana 48 se atendieron 320 casos. Entre los 144 casos con diagn\u00f3stico etiol\u00f3gico, destacaron: Norovirus (32 casos), Sapovirus (40 casos), Campylobacter (29 casos), Rotavirus (10 casos), Adenovirus (5 casos), Salmonella (3 casos) y Giardia (7 casos). Las infecciones virales suelen presentarse causando brotes, pero debido a su curso cl\u00ednico autolimitado, solo una peque\u00f1a proporci\u00f3n de casos consulta al m\u00e9dico.<\/p>\n<p>Mortalidad<\/p>\n<p>En la semana del 17 al 23 de noviembre se registraron 121 defunciones (\u00faltima semana con datos completos). La tasa de mortalidad se situ\u00f3 en valores \u00abpr\u00f3ximos a la media anual y normales para esta \u00e9poca del a\u00f1o\u00bb.<\/p>\n","protected":false},"excerpt":{"rendered":"Pamplona La incidencia de los virus respiratorios sigue repuntando en Navarra, registrando en la \u00faltima semana un aumento&hellip;\n","protected":false},"author":2,"featured_media":273114,"comment_status":"","ping_status":"","sticky":false,"template":"","format":"standard","meta":{"footnotes":""},"categories":[92],"tags":[25,24,165,166,23],"class_list":{"0":"post-273113","1":"post","2":"type-post","3":"status-publish","4":"format-standard","5":"has-post-thumbnail","7":"category-salud","8":"tag-es","9":"tag-espana","10":"tag-health","11":"tag-salud","12":"tag-spain"},"share_on_mastodon":{"url":"https:\/\/pubeurope.com\/@es\/115668827811704975","error":""},"_links":{"self":[{"href":"https:\/\/www.europesays.com\/es\/wp-json\/wp\/v2\/posts\/273113","targetHints":{"allow":["GET"]}}],"collection":[{"href":"https:\/\/www.europesays.com\/es\/wp-json\/wp\/v2\/posts"}],"about":[{"href":"https:\/\/www.europesays.com\/es\/wp-json\/wp\/v2\/types\/post"}],"author":[{"embeddable":true,"href":"https:\/\/www.europesays.com\/es\/wp-json\/wp\/v2\/users\/2"}],"replies":[{"embeddable":true,"href":"https:\/\/www.europesays.com\/es\/wp-json\/wp\/v2\/comments?post=273113"}],"version-history":[{"count":0,"href":"https:\/\/www.europesays.com\/es\/wp-json\/wp\/v2\/posts\/273113\/revisions"}],"wp:featuredmedia":[{"embeddable":true,"href":"https:\/\/www.europesays.com\/es\/wp-json\/wp\/v2\/media\/273114"}],"wp:attachment":[{"href":"https:\/\/www.europesays.com\/es\/wp-json\/wp\/v2\/media?parent=273113"}],"wp:term":[{"taxonomy":"category","embeddable":true,"href":"https:\/\/www.europesays.com\/es\/wp-json\/wp\/v2\/categories?post=273113"},{"taxonomy":"post_tag","embeddable":true,"href":"https:\/\/www.europesays.com\/es\/wp-json\/wp\/v2\/tags?post=273113"}],"curies":[{"name":"wp","href":"https:\/\/api.w.org\/{rel}","templated":true}]}}