{"id":273119,"date":"2025-12-05T20:25:12","date_gmt":"2025-12-05T20:25:12","guid":{"rendered":"https:\/\/www.europesays.com\/es\/273119\/"},"modified":"2025-12-05T20:25:12","modified_gmt":"2025-12-05T20:25:12","slug":"el-mundo-tiene-mas-milmillonarios-que-nunca-y-32-son-espanoles-hoy-por-hoy","status":"publish","type":"post","link":"https:\/\/www.europesays.com\/es\/273119\/","title":{"rendered":"El mundo tiene m\u00e1s milmillonarios que nunca y 32 son espa\u00f1oles | Hoy por Hoy"},"content":{"rendered":"<p>El mundo tiene cada vez m\u00e1s ricos y estos ricos cada vez son m\u00e1s ricos. As\u00ed se desprende del informe del banco suizo UBS, que ha publicado la lista de personas m\u00e1s ricas del mundo. Y hay casi 3.000 personas, 2.919 para ser exactos, a las que se puede considerar ultrarricas, con un patrimonio de m\u00e1s de 1.000 millones de d\u00f3lares. Son <a href=\"https:\/\/cadenaser.com\/nacional\/2025\/01\/19\/los-milmillonarios-disparan-su-riqueza-mientras-el-numero-de-pobres-sigue-sin-reducirse-cadena-ser\/\" target=\"_blank\" rel=\"noreferrer nofollow noopener\" title=\"https:\/\/cadenaser.com\/nacional\/2025\/01\/19\/los-milmillonarios-disparan-su-riqueza-mientras-el-numero-de-pobres-sigue-sin-reducirse-cadena-ser\/\">casi 300 m\u00e1s que hace un a\u00f1o<\/a>, y eso lleva la riqueza de este grupo de ultrarricos a rozar los 16 billones de d\u00f3lares.<\/p>\n<p>El responsable del banco suizo UBS que publica este informe sobre milmillonarios desde hace 30 a\u00f1os <a href=\"https:\/\/cadenaser.com\/nacional\/2025\/12\/04\/los-milmillonarios-aumentan-su-riqueza-un-13-en-2025-hasta-un-maximo-historico-cadena-ser\/\" target=\"_blank\" rel=\"noreferrer nofollow noopener\" title=\"https:\/\/cadenaser.com\/nacional\/2025\/12\/04\/los-milmillonarios-aumentan-su-riqueza-un-13-en-2025-hasta-un-maximo-historico-cadena-ser\/\">habla de r\u00e9cord de riqueza entre los ricos<\/a>, que se han beneficiado, entre otras cosas, de las fuertes subidas de la bolsa este a\u00f1o y, especialmente, del tir\u00f3n de la inteligencia artificial, que ha disparado su valor y ha hecho que todos los que hayan invertido en IA sean ahora m\u00e1s ricos que hace un a\u00f1o.<\/p>\n<p>De esas casi 3.000 personas, 32 son espa\u00f1olas. Son cinco m\u00e1s que hace un a\u00f1o, pero son 8 las que han entrado a este selecto club. Y es que hay tres que han dejado de ser milmillonarios. Eso s\u00ed, la riqueza de esas 32 personas ha subido a\u00fan m\u00e1s: un 21%, hasta superar los 213.000 millones de d\u00f3lares.<\/p>\n<p>M\u00e1s informaci\u00f3n<\/p>\n<p>Si se mira lo que ha pasado en Espa\u00f1a desde 2022, la evoluci\u00f3n es espectacular: se ha pasado de 23 a 32 milmillonarios, con una riqueza que se ha m\u00e1s que duplicado, pasando de los 98.000 millones a los 213.000 millones. Y aqu\u00ed tambi\u00e9n se da mucha concentraci\u00f3n: 162.000 de esos millones est\u00e1n en manos del m\u00e1s rico de Espa\u00f1a, Amancio Ortega.<\/p>\n<p>Ricos por herencia<\/p>\n<p>Llama la atenci\u00f3n tanto en Espa\u00f1a como a nivel mundial que muchos de los nuevos ricos lo son por herencia. M\u00e1s de un tercio de los que en el \u00faltimo a\u00f1o han pasado a ser ultrarricos lo han conseguido heredando la fortuna de sus padres. De hecho, entre los que analizan el mundo de los millonarios, lleva habl\u00e1ndose desde hace unos a\u00f1os de \u00abla gran transferencia\u00bb de riqueza porque se calcula que en los pr\u00f3ximos 15 a\u00f1os pasar\u00e1n de padres a hijos m\u00e1s de 6 billones de d\u00f3lares.<\/p>\n<p>Reconocen desde UBS que esta gran transferencia hace que los \u00abnuevos mil millonarios\u00bb hayan heredado como nunca desde que se publica el informe. Son 91 los nuevos milmillonarios durante este a\u00f1o que han heredado 300 mil millones de d\u00f3lares. Esto es m\u00e1s de lo que recauda Espa\u00f1a en impuestos durante todo un a\u00f1o.<\/p>\n","protected":false},"excerpt":{"rendered":"El mundo tiene cada vez m\u00e1s ricos y estos ricos cada vez son m\u00e1s ricos. As\u00ed se desprende&hellip;\n","protected":false},"author":2,"featured_media":273120,"comment_status":"","ping_status":"","sticky":false,"template":"","format":"standard","meta":{"footnotes":""},"categories":[80],"tags":[82,95,94,25,24,23],"class_list":{"0":"post-273119","1":"post","2":"type-post","3":"status-publish","4":"format-standard","5":"has-post-thumbnail","7":"category-economia","8":"tag-business","9":"tag-economia","10":"tag-economy","11":"tag-es","12":"tag-espana","13":"tag-spain"},"share_on_mastodon":{"url":"https:\/\/pubeurope.com\/@es\/115668839682033405","error":""},"_links":{"self":[{"href":"https:\/\/www.europesays.com\/es\/wp-json\/wp\/v2\/posts\/273119","targetHints":{"allow":["GET"]}}],"collection":[{"href":"https:\/\/www.europesays.com\/es\/wp-json\/wp\/v2\/posts"}],"about":[{"href":"https:\/\/www.europesays.com\/es\/wp-json\/wp\/v2\/types\/post"}],"author":[{"embeddable":true,"href":"https:\/\/www.europesays.com\/es\/wp-json\/wp\/v2\/users\/2"}],"replies":[{"embeddable":true,"href":"https:\/\/www.europesays.com\/es\/wp-json\/wp\/v2\/comments?post=273119"}],"version-history":[{"count":0,"href":"https:\/\/www.europesays.com\/es\/wp-json\/wp\/v2\/posts\/273119\/revisions"}],"wp:featuredmedia":[{"embeddable":true,"href":"https:\/\/www.europesays.com\/es\/wp-json\/wp\/v2\/media\/273120"}],"wp:attachment":[{"href":"https:\/\/www.europesays.com\/es\/wp-json\/wp\/v2\/media?parent=273119"}],"wp:term":[{"taxonomy":"category","embeddable":true,"href":"https:\/\/www.europesays.com\/es\/wp-json\/wp\/v2\/categories?post=273119"},{"taxonomy":"post_tag","embeddable":true,"href":"https:\/\/www.europesays.com\/es\/wp-json\/wp\/v2\/tags?post=273119"}],"curies":[{"name":"wp","href":"https:\/\/api.w.org\/{rel}","templated":true}]}}