{"id":273123,"date":"2025-12-05T20:27:05","date_gmt":"2025-12-05T20:27:05","guid":{"rendered":"https:\/\/www.europesays.com\/es\/273123\/"},"modified":"2025-12-05T20:27:05","modified_gmt":"2025-12-05T20:27:05","slug":"las-claves-de-los-whatsapps-de-pradas-la-despreocupacion-total-de-mazon-de-la-emergencia-de-la-dana-cadena-ser","status":"publish","type":"post","link":"https:\/\/www.europesays.com\/es\/273123\/","title":{"rendered":"Las claves de los whatsapps de Pradas: la despreocupaci\u00f3n total de Maz\u00f3n de la emergencia de la DANA &#8211; Cadena SER"},"content":{"rendered":"<ol>\n<li><a href=\"https:\/\/news.google.com\/rss\/articles\/CBMi_gFBVV95cUxQV2NER1J0Y0l1WDlrWllvSEVHR3I5OVA3RkstU21UOVNRN3ZhVGZKVTY1V19jOUU1Z3JwXy1iTHJDZTQzZ2pfaVRBUjN5dGxtVm9YU21fWS1IbFBPUnFoalJGUTRsMWNHcVZyU0tQUTl3TTk3eWI1a3NQSTFsLXVoRUZCLU0wWFdQQjUxaF80eHY2cG1RSmlmcDZHWlN2bk1uZzU4MlFOZExqdGVwdWd3TXg0UTMwZzc4ZFdsU2pFcnRZVHhnQnZpR3drMUxJYUVGaFpVeWMtMDZraTBSUTctanRUOGpxYlktTmoxM3Uya3hwM3d4U1JSNGh5QVdvdw?oc=5\" target=\"_blank\" rel=\"nofollow noopener\">Las claves de los whatsapps de Pradas: la despreocupaci\u00f3n total de Maz\u00f3n de la emergencia de la DANA<\/a>&nbsp;&nbsp;Cadena SER<\/li>\n<li><a href=\"https:\/\/news.google.com\/rss\/articles\/CBMi_gFBVV95cUxQZnc3SUNuNGtqQ2tib3luX2FUUk1ZSkcwMXdDNXhMQkdJWkh1ay02ZllsMzA3V21nTllEZnI4THdndmt1UHFpOUpfamMzUXZCdy1kUElwVXhDNUoxME1Kd005R3dhMWhVU0lhbHZhenJEck5qLVJ6MGFuUld1NEh1Wlp3OF9yd0NuS0dJQ3ZFaURmRkhoYWFoMWZqMTFSYTQzZXBNMEFiQnNHdzRpLU5iaF9POFo1UTRSaWt6WGotblRQWS1oeEYzdVAxajNXR3lYZHlJQmcwZFVOR3MxbUluSWxEM0JWb2xzbUZMMDlfYjdzUGtFVzVWTHN1RC10d9IB_gFBVV95cUxQYktVQ0J3M0tDTG56WWhuSFNMNmN2dmJRVkkzbVo0VHNOYVVqeVRzemxYd3dPZnZkbXVPdFc4VlQ3ZU5VRlFfeWt6dm1GWHZFU3prXzdSZ2pxOGQ5LXVfejlBSlhxMlptYXJmR3FKd1RJTFRVaEpEMXl5YUhfSWxBNnJNc3UtM2hOVW5ocW56UXc2U3pPRzduNTlOYjNUV3puaE5Jd3dVVl8tQnV3bEJLc1pCNFliaEM2XzJsR2xhVHJyb1dzN1VYZHlZUkhtVnNlN2t6T3ZVTGRNR0lzZC04UVQwbHBtcThmUnZiRnVPdTBJV2toY3h2VF8xeXRDQQ?oc=5\" target=\"_blank\" rel=\"nofollow noopener\">Una situaci\u00f3n complicada a las 14:11 y un muerto a las 16:30: as\u00ed complican el futuro judicial de Maz\u00f3n los<\/a>&nbsp;&nbsp;LaSexta<\/li>\n<li><a href=\"https:\/\/news.google.com\/rss\/articles\/CBMixwFBVV95cUxQQnRQQ094bEc0OG4tVUk3bDV3Q3pKNVdsb3doM1YxRmNTMUcwcVVUazItRWNZZHdNMW5Jc2REZEU5X3BqUXQzYVlGQjNicFNZRmlGZEIyMzFHeVJOQWg2NjFOZzktT2ZSSFRtMVV3SmFtWTBqSFhVVFIyRXQxeDdZZWRTd2taWG9sV1poV2tmRlc2bnIxbUZXOVhZeEVrai04Uk96Ri0zYnd6bEZfRW8zOW82UksyeTY3NkVxMk9ZNUp3aVFEcHZV?oc=5\" target=\"_blank\" rel=\"nofollow noopener\">El mensaje de Pradas a Maz\u00f3n a las 13.03 horas: \u00abLo que m\u00e1s preocupa ahora es el barranco del Poyo y el r\u00edo Magro\u00bb<\/a>&nbsp;&nbsp;El Confidencial<\/li>\n<li><a href=\"https:\/\/news.google.com\/rss\/articles\/CBMixAFBVV95cUxOWUMzMVhsR01fWHBoVDhzY0ZDeG83eF9QLW1IZGZJUGtuUDA3dTYzdUV5SUlpdU11Q1BOTFRwYUQxYnB0d3Q4YmhSRnliajA3RFR2MnFLV2ItYVNHM1ROeFpTRDQ4U3REb0NCTVlTYWlKMG51aEhYbjQxVVZvajdTVFpNdkwxX1lVQlFETmZ3QWg1SGlaTmkwUWpaVDBXc05HSzhVb2NpYzZ3OHl1YzNKeHZfUUw5NnF0SVlraFl4d2k2Z2Rx?oc=5\" target=\"_blank\" rel=\"nofollow noopener\">Todos los whatsapps de Salom\u00e9 Pradas en la dana con Maz\u00f3n y con Cuenca, el jefe de Gabinete del president<\/a>&nbsp;&nbsp;elDiario.es<\/li>\n<li><a href=\"https:\/\/news.google.com\/rss\/articles\/CBMimgJBVV95cUxOM1hrNXBSdzd6X0JydjJxMG9Ma1o2b21MUEZxb1FiZ25nRXViel9UeTkwYTZZbkxnTUJyQ1VNX193U0xGazg0V2tSZjF6c3B5aEN2ZF9sMkhSek9NSTZhN0wxMFlWNnFqVUc5ckNMNlJwUHV5blZvX295Z2JnX1NTSFZVYXdrLTdQTkdWQmpjZTVUUjN5aVl0Vk1wb1FaeGZFTnpmSHRMM1JJdWtJOUJzX3U5ZVhoZDFLX3JmcTZtUmt1WTJCblhQZVlyNHJWd3Z5YWpTZnUzLVRtZjMwSWRza3dvZXVYWDRDam5ERTZFZ1B5SG1ueW9vZHVlZGtZeF80bXhQV0wwNmtqTjdLaVl3OTJ1MkRmYUxqZXc?oc=5\" target=\"_blank\" rel=\"nofollow noopener\">\u00abDe confinar, nada; es una barbaridad\u00bb: la tensi\u00f3n en &#8216;Whatsapp&#8217; entre el jefe de Gabinete de Maz\u00f3n y la exconsellera el d\u00eda de la Dana<\/a>&nbsp;&nbsp;Valencia Plaza<\/li>\n<\/ol>\n","protected":false},"excerpt":{"rendered":"Las claves de los whatsapps de Pradas: la despreocupaci\u00f3n total de Maz\u00f3n de la emergencia de la DANA&nbsp;&nbsp;Cadena&hellip;\n","protected":false},"author":2,"featured_media":248356,"comment_status":"","ping_status":"","sticky":false,"template":"","format":"standard","meta":{"footnotes":""},"categories":[8],"tags":[17,18,25,24,13,14,11,19,20,9,10,15,16,23,12,21,22],"class_list":{"0":"post-273123","1":"post","2":"type-post","3":"status-publish","4":"format-standard","5":"has-post-thumbnail","7":"category-espana","8":"tag-breaking-news","9":"tag-breakingnews","10":"tag-es","11":"tag-espana","12":"tag-featured-news","13":"tag-featurednews","14":"tag-headlines","15":"tag-latest-news","16":"tag-latestnews","17":"tag-news","18":"tag-noticias","19":"tag-noticias-destacadas","20":"tag-noticiasdestacadas","21":"tag-spain","22":"tag-titulares","23":"tag-ultimas-noticias","24":"tag-ultimasnoticias"},"share_on_mastodon":{"url":"https:\/\/pubeurope.com\/@es\/115668847552909419","error":""},"_links":{"self":[{"href":"https:\/\/www.europesays.com\/es\/wp-json\/wp\/v2\/posts\/273123","targetHints":{"allow":["GET"]}}],"collection":[{"href":"https:\/\/www.europesays.com\/es\/wp-json\/wp\/v2\/posts"}],"about":[{"href":"https:\/\/www.europesays.com\/es\/wp-json\/wp\/v2\/types\/post"}],"author":[{"embeddable":true,"href":"https:\/\/www.europesays.com\/es\/wp-json\/wp\/v2\/users\/2"}],"replies":[{"embeddable":true,"href":"https:\/\/www.europesays.com\/es\/wp-json\/wp\/v2\/comments?post=273123"}],"version-history":[{"count":0,"href":"https:\/\/www.europesays.com\/es\/wp-json\/wp\/v2\/posts\/273123\/revisions"}],"wp:featuredmedia":[{"embeddable":true,"href":"https:\/\/www.europesays.com\/es\/wp-json\/wp\/v2\/media\/248356"}],"wp:attachment":[{"href":"https:\/\/www.europesays.com\/es\/wp-json\/wp\/v2\/media?parent=273123"}],"wp:term":[{"taxonomy":"category","embeddable":true,"href":"https:\/\/www.europesays.com\/es\/wp-json\/wp\/v2\/categories?post=273123"},{"taxonomy":"post_tag","embeddable":true,"href":"https:\/\/www.europesays.com\/es\/wp-json\/wp\/v2\/tags?post=273123"}],"curies":[{"name":"wp","href":"https:\/\/api.w.org\/{rel}","templated":true}]}}