{"id":273133,"date":"2025-12-05T20:39:11","date_gmt":"2025-12-05T20:39:11","guid":{"rendered":"https:\/\/www.europesays.com\/es\/273133\/"},"modified":"2025-12-05T20:39:11","modified_gmt":"2025-12-05T20:39:11","slug":"el-guggenheim-bilbao-se-hizo-en-titanio-de-milagro","status":"publish","type":"post","link":"https:\/\/www.europesays.com\/es\/273133\/","title":{"rendered":"\u00abEl Guggenheim Bilbao se hizo en titanio de milagro\u00bb"},"content":{"rendered":"<p>Hay cosas que uno cree dejar atr\u00e1s pero que marcan para siempre. En 1998, cuando le preguntaron a Frank Gehry por la influencia que tendr\u00eda  &#8230; en su futura arquitectura un edificio con tanta personalidad como el Guggenheim de Bilbao, el arquitecto le rest\u00f3 importancia. El museo celebraba su primer aniversario, pero \u00e9l ya lo hab\u00eda dejado atr\u00e1s, dec\u00eda, \u00abpor la propia naturaleza del trabajo arquitect\u00f3nico\u00bb.<\/p>\n<p class=\"v-p\">\u00abVer\u00e1s, a un arquitecto le lleva cinco a\u00f1os desarrollar un proyecto, as\u00ed que para entonces \u00e9l ya estaba trabajando en otro y ese le quedaba un poquito atr\u00e1s\u00bb, explica su mano derecha, Meaghan Lloyd, jefa del estudio de Los \u00c1ngeles, donde se lleva a cabo esta entrevista. \u00abSiete\u00bb, le corrige \u00e9l.<\/p>\n<p class=\"v-p\">Pero los dos se equivocan. Bilbao no se olvida ni en cinco, ni en siete, ni en veinticinco. En el Universo Gehry, Bilbao siempre ha tenido un lugar prominente, como en su memoria. Naci\u00f3 en Toronto en 1929 y cumplir\u00e1 los 94 en unos meses. Est\u00e1 en ese sagrado momento de la vida que algunos llamar\u00edan el atardecer de un genio, pero que en realidad tiene la quietud de la madrugada. Ese momento sacro de la vigilia en el que se oye hasta el crujido de la madera y, sobre todo, lo que habla por dentro.<\/p>\n<p class=\"v-p\">Habla el ni\u00f1o herido, que nunca tuvo el reconocimiento de su padre, aunque le sobre el del mundo. El triunfador agradecido que insta a los ni\u00f1os desfavorecidos a que exploren su creatividad, consciente del partido que le sac\u00f3 a la ferreter\u00eda familiar en la que su madre le dejaba jugar. Habla el genio al que Bilbao nunca dio la opci\u00f3n de construir otro edificio para integrar al Guggenheim en la transformaci\u00f3n de la ciudad, que en su visi\u00f3n hubiera sido mucho m\u00e1s armoniosa que un mosaico de obras p\u00fablicas. \u00abPerdieron esa oportunidad\u00bb, lamenta sin acritud. Habla tambi\u00e9n el artista menospreciado \u2013\u00abSerra dijo que mi edificio era una basura, \u00bfte puedes creer?\u00bb\u2013. Y habla el sabio, con la perspectiva que da el tiempo: \u00abQu\u00e9 m\u00e1s da, a estas alturas, qu\u00e9 m\u00e1s da\u00bb.<\/p>\n<p class=\"v-p\">Sigue siendo un Peter Pan incorregible, que viste vaqueros, camiseta negra y deportivas, como el uniforme de Steve Jobs. No ha perdido las ganas de trabajar, ni de viajar. Su mujer, Berta, una paname\u00f1a de 78 a\u00f1os, directora de finanzas del estudio, explora las rutas de trenes tur\u00edsticos en Espa\u00f1a para organizar sus pr\u00f3ximas vacaciones.<\/p>\n<p class=\"v-p\">\u2013 <strong>\u00bfQu\u00e9 es lo que cree que dispar\u00f3 el Guggenheim de Bilbao?<\/strong><\/p>\n<p class=\"v-p\">\u2013 La gente de Bilbao. Tienen muy claro lo que quieren. Me encant\u00f3 trabajar con ellos porque nunca sent\u00ed que tuviera que escribir un contrato ni nada parecido. Simplemente, confiamos los unos en los otros. Nos conocimos de verdad. Eso era algo que nunca hab\u00eda experimentado, es la experiencia m\u00e1s maravillosa de mi vida. \u00a1Y siguen invit\u00e1ndome a ir! Bilbao es uno de mis lugares favoritos. Me encanta salir a cenar con ellos y tomarme un txakoli y\u2026 \u00bfC\u00f3mo se llama ese pescado que tanto me gusta?, pregunta a su mano derecha. \u00ab\u00a1Bacalao!\u00bb, repite triunfante.<\/p>\n<p class=\"v-p\">\u2013 <strong>\u00bfEra usted consciente de que transformar\u00eda la ciudad de una forma tan radical?<\/strong><\/p>\n<p class=\"v-p\">\u2013 No, en absoluto. Yo era amigo de Chillida, me encantaba, pero a su mujer no le ca\u00eda bien. \u00c9l lleg\u00f3 a escribir que &#8216;mataran&#8217; al arquitecto americano. A m\u00ed no me import\u00f3, s\u00e9 que intentaba proteger a su pa\u00eds. Era un genio de escultor, simplemente no entend\u00eda que yo intentaba hacer algo nuevo.<\/p>\n<p class=\"v-p\">\u2013 <strong>Precisamente ese es su m\u00e9rito. Hasta ese momento en Espa\u00f1a dominaba una arquitectura muy cl\u00e1sica y usted lleg\u00f3 con un aire nuevo que cambi\u00f3 la forma en la que las autoridades invert\u00edan en edificios. \u00bfFue dif\u00edcil que comprendieran su propuesta?<\/strong><\/p>\n<p class=\"v-p\">\u2013 Bueno, mi cliente era Thomas (Krens, director de la Fundaci\u00f3n Guggenheim). \u00c9l y yo nos entend\u00edamos perfectamente. Y ya sabe, lo construimos por cien millones de d\u00f3lares. Cualquier otra cosa era m\u00e1s cara. El puente de Calatrava fue mucho m\u00e1s caro.<\/p>\n<p class=\"v-p\">\u2013 <strong>Usted ha dicho que el 98% de lo que se construye hoy es una \u00abpura mierda\u00bb. \u00bfPor qu\u00e9 cree que nuestra sociedad se conforma con tanta mediocridad?<\/strong><\/p>\n<p class=\"v-p\">\u2013 Porque cuando yo lo estaba haciendo todos pensaban que ten\u00eda el ego m\u00e1s grande del mundo, y no es verdad. Lo que yo intentaba era expresar los tiempos. El postmodernismo es est\u00e1tico. Pasamos por un per\u00edodo en los a\u00f1os 30 y 40 en el que empezamos a hacer coches que se mov\u00edan a gran rapidez y todo empez\u00f3 a moverse. Ya no era est\u00e1tico como las Beaux Arts. Recuerdo haber dicho en una charla que estaba enfadado con mis correligionarios por convertirse en postmodernistas, por mirar atr\u00e1s. No s\u00e9 por qu\u00e9, dije que 300 millones de a\u00f1os antes que el hombre exist\u00eda el pez en movimiento. As\u00ed que tom\u00e9 nota, empec\u00e9 a mirarme a m\u00ed mismo y busqu\u00e9 la tecnolog\u00eda para poder hacerlo. Si tienes una caja y la forma de un pescado, dir\u00edas que es m\u00e1s caro de construir esto \u00faltimo, pero, si yo me las arreglo para construirlo por el mismo precio, \u00bfqu\u00e9?<\/p>\n<p class=\"v-p\">\u2013 <strong>Esa ha sido otra de sus contribuciones a la arquitectura.<\/strong><\/p>\n<p class=\"v-p\">\u2013 Para m\u00ed era obvio que, si se pod\u00edan construir aviones y coches con curvas, se pod\u00edan hacer otras cosas sin que resultara demasiado caro.<\/p>\n<p class=\"v-p\">\u2013 <strong>Un cuarto de siglo despu\u00e9s, \u00bfqu\u00e9 ser\u00eda diferente si tuviera que hacerlo de nuevo?<\/strong><\/p>\n<p class=\"v-p\">\u2013 No s\u00e9, el sentido del movimiento fue lo m\u00e1s grande que pude crear, es lo que da sentimiento a los materiales inertes.<\/p>\n<p class=\"v-p\">\u2013 <strong>Pues se convirti\u00f3 en una profec\u00eda, porque la ciudad empez\u00f3 a moverse.<\/strong><\/p>\n<p class=\"v-p\">\u2013 Ja, ja, s\u00ed, as\u00ed es. No estoy en contra de construir cajas, pero lo que yo quer\u00eda era encontrar una forma que fuera coherente con los tiempos en los que vivimos, que cambian r\u00e1pidamente. De hecho, yo probablemente est\u00e9 ya casi obsoleto.<\/p>\n<p class=\"v-p\">\u2013 <strong>\u00bfVe usted sus edificios convirti\u00e9ndose en algo ic\u00f3nico con el paso de los siglos, como la Torre Eiffel o el Empire State?<\/strong><\/p>\n<p class=\"v-p\">\u2013 No, esa no es la raz\u00f3n por la que los hago, eso me avergonzar\u00eda.<\/p>\n<p class=\"v-p\">\u2013 <strong>Pero ciertamente est\u00e1n pensados para permanecer en la memoria colectiva de la humanidad.<\/strong><\/p>\n<p class=\"v-p\">\u2013 No hay duda de que conectamos con algo, una humanidad de alg\u00fan tipo que en Bilbao era diferente. Y creo que es por el momento en que llegu\u00e9 y por la situaci\u00f3n que se viv\u00eda en Bilbao.<\/p>\n<p class=\"v-p\">\u2013 <strong>Usted pas\u00f3 mucho tiempo estudiando el pasado de Bilbao.<\/strong><\/p>\n<p class=\"v-p\">\u2013 S\u00ed, le\u00ed mucho de ello y habl\u00e9 con otra gente. Todav\u00eda estoy muy impresionado con los vascos. No s\u00e9 si tengo raz\u00f3n, pero creo que all\u00ed estaba pasando algo que no ocurr\u00eda en Nueva York ni en Los \u00c1ngeles.<\/p>\n<p><img decoding=\"async\" loading=\"lazy\" src=\"https:\/\/www.europesays.com\/es\/wp-content\/uploads\/2025\/12\/gehry-vertical-k7zC-U2404678645558TE-624x385@El Correo.jpg\" class=\"v-a-img\" width=\"624\" height=\"385\" alt=\"\" data-voc-vtm-id=\"in-text-traffic\"\/><\/p>\n<p>Gilles Toucas<\/p>\n<p><img loading=\"lazy\" decoding=\"async\" src=\"https:\/\/www.europesays.com\/es\/wp-content\/uploads\/2025\/12\/gehry-vertical-k7zC-U2404678645558TE-624x385@El Correo.jpg\" class=\"v-mdl__img-z\" width=\"624\" height=\"385\" alt=\"\"\/><\/p>\n<p class=\"v-p\">\u2013 <strong>\u00bfA qu\u00e9 se refiere exactamente, qu\u00e9 es lo que sinti\u00f3?<\/strong><\/p>\n<p class=\"v-p\">\u2013 Es el estatus de lo que estaba ocurriendo en el mundo del arte. Tiene que ver con que Rauschenberg, Jasper Johns, Claes Oldenburg y otros amigos m\u00edos estaban mirando al mundo de forma diferente. Y creo que Tom Krens es un genio, un extra\u00f1o genio que tuvo una visi\u00f3n.<\/p>\n<p class=\"v-p\">\u2013 <strong>Usted lleg\u00f3 a pensar en comprarse una casa en Mundaka. De haberlo hecho, \u00bftendr\u00eda ahora Bilbao una colecci\u00f3n de sus edificios, c\u00f3mo tiene Los \u00c1ngeles?<\/strong><\/p>\n<p class=\"v-p\">\u2013 Bueno, como le dije antes, no me han vuelto a llamar para hacer ning\u00fan otro edificio y han pasado 25 a\u00f1os, \u00bfno es as\u00ed? Pod\u00edan haber cogido el tel\u00e9fono. Debe de haber alguna raz\u00f3n por la que no quieren dos Frank Gehry.<\/p>\n<p class=\"v-p\">\u2013<strong> Y como usted pregunta a los ni\u00f1os: \u00bfqu\u00e9 diez cosas quitar\u00eda o pondr\u00eda en Bilbao?<\/strong><\/p>\n<p class=\"v-p\">\u2013 \u00bfQuitar? Nunca pienso de esa manera. Lo que me gustar\u00eda es hacer m\u00e1s edificios, pero como ellos no quieren&#8230; A m\u00ed siempre me habr\u00eda gustado que la Universidad, la r\u00eda y los puentes se unieran al distrito cultural que est\u00e1 al otro lado de la propia r\u00eda.<\/p>\n<p class=\"v-p\">\u2013 <strong>\u00bfIntegrarla en la \u00f3rbita del Guggenheim, como ha hecho con los alrededores del Walt Disney Concert Hall en Los \u00c1ngeles? All\u00ed ha logrado un espacio m\u00e1gico. Desde cualquier ventana del Hotel Grand hay una vista privilegiada del Concert Hall. Los edificios adyacentes lo abrazan y parecen rendirle culto en comuni\u00f3n con la naturaleza.<\/strong><\/p>\n<p class=\"v-p\">\u2013 S\u00ed, pero eso no ocurri\u00f3 por accidente. Tuve mucho cuidado de que fuera as\u00ed. Yo hice la plaza y med\u00ed todo en relaci\u00f3n con la escala del pabell\u00f3n de conciertos. Los edificios comerciales no hacen eso.<\/p>\n<p>\nEl &#8216;milagro&#8217;\n<\/p>\n<p>\u00abBilbao se hizo en titanio de milagro. Coincidi\u00f3 que los rusos soltaron en el mercado una gran cantidad y los precios bajaron. En Bilbao ese tiempo gris de lluvia fina hace que el titanio parezca oro, se suaviza. Es un milagro que descubr\u00ed por accidente\u00bb<\/p>\n<p class=\"v-p\">\u2013 <strong>Le\u00ed que ellos quer\u00edan que se hiciera en titanio, como el de Bilbao, mientras que usted lo quer\u00eda en piedra blanca. \u00bfSe convirti\u00f3 Bilbao en un lastre a la hora de crear otros proyectos, porque todo el mundo quer\u00eda un Guggenheim?<\/strong><\/p>\n<p class=\"v-p\">\u2013 El Walt Disney Concert Hall no es de titanio, es de acero inoxidable. El titanio all\u00ed no hubiera funcionado. La gente va a las salas de conciertos por la noche y un edificio de metal es muy dif\u00edcil de iluminar. Parece un frigor\u00edfico barato de casa. Por eso yo quer\u00eda la piedra, para que por las noches reflejase la luz ambiental y creara un ambiente suave sin tener que iluminarla por s\u00ed misma. Bilbao se hizo en titanio de milagro. Coincidi\u00f3 que los rusos soltaron en el mercado una gran cantidad de titanio y los precios bajaron. En Bilbao ese tiempo gris de lluvia fina hace que el titanio parezca oro, se suaviza. Es un milagro que descubr\u00ed por accidente, pero Los \u00c1ngeles no es Bilbao. Ahora que hemos construido otros edificios al otro lado de la calle habr\u00e1 luz que se reflejar\u00e1 en Disney y mejorar\u00e1 su personalidad.<\/p>\n<p class=\"v-p\">\u2013 <strong>\u00bfHay algo que quisiera mejorar de Bilbao, mirando hacia atr\u00e1s?<\/strong><\/p>\n<p class=\"v-p\">\u2013 El programa ser\u00eda diferente.<\/p>\n<p class=\"v-p\">\u2013 <strong>\u00bfEl programa cultural?<\/strong><\/p>\n<p class=\"v-p\">\u2013 Bueno, las galer\u00edas, que son mayormente muy tradicionales, excepto por una grande que iba a ser diferente y que el se\u00f1or Serra me lo impidi\u00f3. Rauschenberg tuvo una exposici\u00f3n all\u00ed y me dijo que entend\u00eda perfectamente lo que hab\u00eda ocurrido. \u00c9l sab\u00eda lo que yo intentaba hacer, pero la mayor\u00eda de la gente no. Supongo que Serra s\u00ed.<\/p>\n<p class=\"v-p\">\u2013 <strong>Mi padre tambi\u00e9n tiene 93 a\u00f1os, como usted. Yo le rindo reverencia a la gente tan mayor, porque creo que con la madurez llega un tipo especial de sabidur\u00eda.<\/strong><\/p>\n<p class=\"v-p\">\u2013 Ah, s\u00ed, \u00a1soy un tipo muy listo, ja ja!<\/p>\n<p class=\"v-p\">\u2013 <strong>Bueno, no hay duda de que lo es. Muy poca gente llega al final de su vida con el respeto un\u00e1nime de su gremio, aunque el \u00e9xito le llegara tarde. \u00bfEst\u00e1 usted satisfecho con lo que ha logrado?\u00bfHay algo que le gustar\u00eda que fuera diferente?<\/strong><\/p>\n<p class=\"v-p\">\u2013 Bueno, mi padre pensaba que yo nunca llegar\u00eda a nada. Se muri\u00f3 sin saberlo, sin verme triunfar. Eso me parece terrible. Siento mucho que no lo pudiera ver. S\u00e9 que lo habr\u00eda disfrutado. Yo trato de darles a mis hijos la libertad de que sean lo que quieran ser.<\/p>\n","protected":false},"excerpt":{"rendered":"Hay cosas que uno cree dejar atr\u00e1s pero que marcan para siempre. En 1998, cuando le preguntaron a&hellip;\n","protected":false},"author":2,"featured_media":273134,"comment_status":"","ping_status":"","sticky":false,"template":"","format":"standard","meta":{"footnotes":""},"categories":[173],"tags":[229,233,231,230,2601,232,234,146,147,25,24,983,9465,10095,23,66882],"class_list":{"0":"post-273133","1":"post","2":"type-post","3":"status-publish","4":"format-standard","5":"has-post-thumbnail","7":"category-arte-y-diseno","8":"tag-arte","9":"tag-arte-y-diseno","10":"tag-arts","11":"tag-arts-and-design","12":"tag-bilbao","13":"tag-design","14":"tag-diseno","15":"tag-entertainment","16":"tag-entretenimiento","17":"tag-es","18":"tag-espana","19":"tag-guggenheim","20":"tag-hizo","21":"tag-milagro","22":"tag-spain","23":"tag-titanio"},"share_on_mastodon":{"url":"https:\/\/pubeurope.com\/@es\/115668894888850219","error":""},"_links":{"self":[{"href":"https:\/\/www.europesays.com\/es\/wp-json\/wp\/v2\/posts\/273133","targetHints":{"allow":["GET"]}}],"collection":[{"href":"https:\/\/www.europesays.com\/es\/wp-json\/wp\/v2\/posts"}],"about":[{"href":"https:\/\/www.europesays.com\/es\/wp-json\/wp\/v2\/types\/post"}],"author":[{"embeddable":true,"href":"https:\/\/www.europesays.com\/es\/wp-json\/wp\/v2\/users\/2"}],"replies":[{"embeddable":true,"href":"https:\/\/www.europesays.com\/es\/wp-json\/wp\/v2\/comments?post=273133"}],"version-history":[{"count":0,"href":"https:\/\/www.europesays.com\/es\/wp-json\/wp\/v2\/posts\/273133\/revisions"}],"wp:featuredmedia":[{"embeddable":true,"href":"https:\/\/www.europesays.com\/es\/wp-json\/wp\/v2\/media\/273134"}],"wp:attachment":[{"href":"https:\/\/www.europesays.com\/es\/wp-json\/wp\/v2\/media?parent=273133"}],"wp:term":[{"taxonomy":"category","embeddable":true,"href":"https:\/\/www.europesays.com\/es\/wp-json\/wp\/v2\/categories?post=273133"},{"taxonomy":"post_tag","embeddable":true,"href":"https:\/\/www.europesays.com\/es\/wp-json\/wp\/v2\/tags?post=273133"}],"curies":[{"name":"wp","href":"https:\/\/api.w.org\/{rel}","templated":true}]}}