{"id":273149,"date":"2025-12-05T20:49:07","date_gmt":"2025-12-05T20:49:07","guid":{"rendered":"https:\/\/www.europesays.com\/es\/273149\/"},"modified":"2025-12-05T20:49:07","modified_gmt":"2025-12-05T20:49:07","slug":"euroclear-alerta-de-riesgos-graves-y-complica-el-plan-de-la-ue-para-financiar-a-ucrania","status":"publish","type":"post","link":"https:\/\/www.europesays.com\/es\/273149\/","title":{"rendered":"Euroclear alerta de \u00abriesgos graves\u00bb y complica el plan de la UE para financiar a Ucrania"},"content":{"rendered":"<p>El plan de la Uni\u00f3n Europea de <a href=\"https:\/\/es.euronews.com\/my-europe\/2025\/12\/03\/von-der-leyen-sigue-adelante-con-el-prestamo-de-reparaciones-para-ucrania-pese-al-rechazo-\" rel=\"nofollow noopener\" target=\"_blank\"><strong>conceder un pr\u00e9stamo de reparaciones a Ucrania<\/strong><\/a> sufri\u00f3 un nuevo rev\u00e9s el viernes, despu\u00e9s de que Euroclear, principal depositario de los activos rusos inmovilizados en Europa, afirmara que <strong>la propuesta es \u00abmuy fr\u00e1gil\u00bb,<\/strong> demasiado imprevisible y podr\u00eda desencadenar un \u00e9xodo de inversores extranjeros fuera de la eurozona.<\/p>\n<p>La advertencia se produce mientras el canciller alem\u00e1n, Friedrich Merz, se re\u00fane en Bruselas con el primer ministro belga, Bart De Wever, y la presidenta de la Comisi\u00f3n Europea, Ursula von der Leyen, en un <strong>intento de desbloquear el pr\u00e9stamo<\/strong> antes de la cumbre crucial el 18 de diciembre.<\/p>\n<p>\u00abLa propuesta, tal y como est\u00e1, parece incorporar <strong>una importante dosis de innovaci\u00f3n legal<\/strong>\u00ab, se\u00f1al\u00f3 un portavoz de Euroclear a &#8216;Euronews&#8217;. \u00abEse tipo de innovaci\u00f3n plantea muchas preguntas. Tenemos la impresi\u00f3n de que la construcci\u00f3n es, por ahora, muy fr\u00e1gil\u00bb.<\/p>\n<p><a href=\"https:\/\/es.euronews.com\/my-europe\/2025\/11\/06\/activos-rusos-inmovilizados-nadie-excepto-belgica-quiere-decirlo\" rel=\"nofollow noopener\" target=\"_blank\"><strong>Euroclear es un depositario central de valores<\/strong><\/a> en el que se encuentra la mayor parte de los activos rusos. Tiene su sede en Bruselas, lo que convierte a B\u00e9lgica en el voto cardinal en el siempre agitado debate sobre c\u00f3mo financiar las necesidades presupuestarias y militares de Ucrania para 2026 y 2027.<\/p>\n<p>\u00abAunque apoyamos el objetivo de apoyar a Ucrania, esta iniciativa <strong>podr\u00eda tener riesgos jur\u00eddicos, financieros y de reputaci\u00f3n<\/strong> de gran alcance para Euroclear, B\u00e9lgica, la Uni\u00f3n Europea y sus mercados financieros\u00bb, a\u00f1adi\u00f3 el portavoz.<\/p>\n<p>Una l\u00ednea de cr\u00e9dito sin intereses<\/p>\n<p>Seg\u00fan el plan, la Comisi\u00f3n Europea canalizar\u00eda los activos inmovilizados del Banco Central ruso hacia <strong>una l\u00ednea de cr\u00e9dito a inter\u00e9s cero para Ucrania<\/strong>.<\/p>\n<p>Se pedir\u00eda a Kiev que devolviera el pr\u00e9stamo solo despu\u00e9s de que <strong>Mosc\u00fa aceptara compensar los da\u00f1os causados<\/strong> por su invasi\u00f3n. Los analistas sugieren que las posibilidades de que Rusia acceda a pagar a su vecino las reparaciones son casi nulas.<\/p>\n<p>La UE pretende cubrir 90.000 millones de euros del <a href=\"https:\/\/es.euronews.com\/my-europe\/2025\/11\/17\/no-hay-opciones-faciles-von-der-leyen-urge-a-los-paises-de-la-ue-a-cubrir-el-deficit-de-uc\" rel=\"nofollow noopener\" target=\"_blank\"><strong>d\u00e9ficit de financiaci\u00f3n de Ucrania de 135.000 millones<\/strong><\/a> para los pr\u00f3ximos dos a\u00f1os recurriendo a esos activos. Pero para ello necesita el consentimiento de los belgas. La propuesta, que no tiene precedentes en la historia moderna, ha suscitado desde el principio serias reservas tanto en el Gobierno belga como en Euroclear.<\/p>\n<p>A Euroclear tambi\u00e9n le preocupa <strong>carecer de la liquidez necesaria para hacer frente a su cr\u00e9dito con el Banco Central ruso<\/strong> si las sanciones se levantaran prematuramente y los Estados miembros no consiguieran reunir a tiempo los 185.000 millones de euros.<\/p>\n<p>Las autoridades belgas tambi\u00e9n han se\u00f1alado que temen que <strong>Rusia exija la devoluci\u00f3n de sus activos<\/strong> si presenta una demanda ante los tribunales y gana, lo que dejar\u00eda un agujero en la tesorer\u00eda belga equivalente al tama\u00f1o del presupuesto federal anual. B\u00e9lgica incluso ha sugerido que una situaci\u00f3n as\u00ed podr\u00eda llevar al pa\u00eds a la bancarrota.<\/p>\n<p>Para contrarrestar estas preocupaciones, la Comisi\u00f3n ha propuesto una inmovilizaci\u00f3n a largo plazo basada en una votaci\u00f3n por mayor\u00eda cualificada para <strong>evitar una paralizaci\u00f3n repentina o el veto<\/strong>. Tambi\u00e9n ha dicho que conceder\u00eda pr\u00e9stamos de emergencia a las capitales que no alcancen las garant\u00edas prometidas.<\/p>\n<p>Pero a Euroclear tambi\u00e9n <strong>le preocupa la perspectiva de represalias<\/strong>, tanto dentro de Rusia, donde mantiene unos 17.000 millones de euros en activos, como en jurisdicciones de todo el mundo favorables a Rusia. El Kremlin podr\u00eda confiscar los fondos que Euroclear mantiene en nombre de sus clientes.<\/p>\n<p>Si esto ocurriera, la Comisi\u00f3n afirma que Euroclear <strong>podr\u00eda recurrir a los activos de su hom\u00f3logo ruso<\/strong>, el Russian National Settlement Depository, mantenidos en todo el bloque. Pero esta cuesti\u00f3n tambi\u00e9n plantea problemas jur\u00eddicos.<\/p>\n<p>La base jur\u00eddica del plan<\/p>\n<p>Euroclear tambi\u00e9n advierte de que utilizar los activos soberanos de Rusia para emitir el pr\u00e9stamo de reparaci\u00f3n podr\u00eda <strong>generar efectos \u00aben cadena\u00bb en toda la eurozona<\/strong> y provocar un \u00e9xodo de inversores preocupados por posibles decisiones unilaterales de las autoridades en el futuro.<\/p>\n<p>La propia Von der Leyen reconoci\u00f3 este escenario en <a href=\"https:\/\/es.euronews.com\/my-europe\/2025\/11\/18\/asi-es-el-documento-de-opciones-para-apoyar-a-ucrania-de-ursula-von-der-leyen\" rel=\"nofollow noopener\" target=\"_blank\"><strong>una carta a los l\u00edderes de la UE<\/strong><\/a>, diciendo que la audaz medida podr\u00eda interpretarse como una confiscaci\u00f3n ilegal, aunque insiste en que la base jur\u00eddica es s\u00f3lida y el pr\u00e9stamo es la mejor manera de avanzar para el bloque.<\/p>\n<p>\u00abSi los inversores internacionales ven este mecanismo como <strong>una confiscaci\u00f3n de activos rusos,<\/strong> la confianza en Europa podr\u00eda erosionarse, lo que afectar\u00eda a los mercados financieros y aumentar\u00eda los costes de los pr\u00e9stamos para todos los Estados miembros de la UE\u00bb, dijo el portavoz de Euroclear.<\/p>\n<p>\u00abAunque la propuesta de pr\u00e9stamo para reparaciones pueda parecer rentable, corre el riesgo de encarecerse y <strong>podr\u00eda ahuyentar la inversi\u00f3n extranjera<\/strong>\u00ab. La cr\u00edtica declaraci\u00f3n de Euroclear pesar\u00e1 sobre el primer ministro Bart De Wever en su reuni\u00f3n del viernes por la tarde con Merz y Von der Leyen.<\/p>\n<p>De Wever ha invocado repetidamente los riesgos a los que se enfrenta Euroclear y ha afirmado que <strong>no ceder\u00e1 a presiones para aceptar el plan<\/strong>, lo que lo ha dejado en minor\u00eda dentro del Consejo Europeo, donde la mayor\u00eda de los l\u00edderes se muestran favorables al pr\u00e9stamo de reparaciones.<\/p>\n<p>Hungr\u00eda y Eslovaquia tambi\u00e9n se resisten a la iniciativa por diferentes motivos. \u00abTodav\u00eda puedo determinar mi propia posici\u00f3n, aunque haya vecinos grandes y fuertes a los que aprecio mucho y respeto mucho pol\u00edticamente, que <strong>podr\u00edan pedirme (que haga) algo diferente<\/strong>\u00ab, dijo De Wever en v\u00edsperas de su reuni\u00f3n con Merz.<\/p>\n<p>\u00abS\u00f3lo tengo una responsabilidad: <strong>los intereses de los contribuyentes belgas<\/strong>\u00ab.<\/p>\n<p>Merz y Von der Leyen se han comprometido <strong>a tener en cuenta las preocupaciones de De Wever<\/strong>, proseguir las consultas a alto nivel y obtener finalmente su bendici\u00f3n antes de una cumbre decisiva. \u00abEs leg\u00edtimo plantear preguntas, y tambi\u00e9n es leg\u00edtimo intentar encontrar respuestas a esas preguntas\u00bb, dijo el viernes un portavoz de la Comisi\u00f3n.<\/p>\n<p>El tiempo corre deprisa: los l\u00edderes de la UE <strong>se reunir\u00e1n el 18 de diciembre<\/strong> en una cumbre decisiva para atender <a href=\"https:\/\/es.euronews.com\/my-europe\/2025\/11\/01\/y-si-no-hay-prestamo-de-reparaciones-para-ucrania-la-ue-sopesa-planes-alternativos\" rel=\"nofollow noopener\" target=\"_blank\">las necesidades financieras y militares de Ucrania<\/a>. Seg\u00fan las autoridades ucranianas, el pa\u00eds necesitar\u00e1 una nueva inyecci\u00f3n de ayuda exterior ya en abril.<\/p>\n<p>Paralelamente, se dice que la Casa Blanca, que <strong>desea un acuerdo r\u00e1pido para poner fin a la guerra<\/strong> y mantiene conversaciones directas con Mosc\u00fa, est\u00e1 buscando la manera de aplastar el plan. Seg\u00fan &#8216;Bloomberg&#8217;, Estados Unidos ha presionado a \u00abvarios\u00bb Estados miembros para que bloqueen el pr\u00e9stamo de reparaciones, argumentando que podr\u00eda acabar \u00abprolongando la guerra\u00bb.<\/p>\n<p>La consejera delegada de Euroclear, Valerie Urbain, se hizo eco de estas palabras en una entrevista a la televisi\u00f3n belga. \u00abEn este momento, <strong>ese dinero estar\u00eda mejor invertido en negociaciones de paz<\/strong>, en lugar de establecer una estructura jur\u00eddica extremadamente compleja y arriesgada y perder luego esa ventaja en las negociaciones\u00bb, dijo Urbain.<\/p>\n<p>Si no se logran avances, la UE tendr\u00e1 que recurrir a los mercados financieros y recaudar <strong>90.000 millones de euros en deuda com\u00fan<\/strong> para apoyar a Ucrania, la opci\u00f3n preferida por B\u00e9lgica.<\/p>\n","protected":false},"excerpt":{"rendered":"El plan de la Uni\u00f3n Europea de conceder un pr\u00e9stamo de reparaciones a Ucrania sufri\u00f3 un nuevo rev\u00e9s&hellip;\n","protected":false},"author":2,"featured_media":273150,"comment_status":"","ping_status":"","sticky":false,"template":"","format":"standard","meta":{"footnotes":""},"categories":[42],"tags":[54752,3171,17,18,13,14,7419,11,61,62,63,64,19,20,9,10,15,16,1614,12,7081,21,22,1617,65,66,67],"class_list":{"0":"post-273149","1":"post","2":"type-post","3":"status-publish","4":"format-standard","5":"has-post-thumbnail","7":"category-internacional","8":"tag-bart-de-wever","9":"tag-belgica","10":"tag-breaking-news","11":"tag-breakingnews","12":"tag-featured-news","13":"tag-featurednews","14":"tag-guerra-en-ucrania","15":"tag-headlines","16":"tag-internacional","17":"tag-international","18":"tag-international-news","19":"tag-internationalnews","20":"tag-latest-news","21":"tag-latestnews","22":"tag-news","23":"tag-noticias","24":"tag-noticias-destacadas","25":"tag-noticiasdestacadas","26":"tag-rusia","27":"tag-titulares","28":"tag-ucrania","29":"tag-ultimas-noticias","30":"tag-ultimasnoticias","31":"tag-union-europea","32":"tag-world","33":"tag-world-news","34":"tag-worldnews"},"share_on_mastodon":{"url":"https:\/\/pubeurope.com\/@es\/115668934246565110","error":""},"_links":{"self":[{"href":"https:\/\/www.europesays.com\/es\/wp-json\/wp\/v2\/posts\/273149","targetHints":{"allow":["GET"]}}],"collection":[{"href":"https:\/\/www.europesays.com\/es\/wp-json\/wp\/v2\/posts"}],"about":[{"href":"https:\/\/www.europesays.com\/es\/wp-json\/wp\/v2\/types\/post"}],"author":[{"embeddable":true,"href":"https:\/\/www.europesays.com\/es\/wp-json\/wp\/v2\/users\/2"}],"replies":[{"embeddable":true,"href":"https:\/\/www.europesays.com\/es\/wp-json\/wp\/v2\/comments?post=273149"}],"version-history":[{"count":0,"href":"https:\/\/www.europesays.com\/es\/wp-json\/wp\/v2\/posts\/273149\/revisions"}],"wp:featuredmedia":[{"embeddable":true,"href":"https:\/\/www.europesays.com\/es\/wp-json\/wp\/v2\/media\/273150"}],"wp:attachment":[{"href":"https:\/\/www.europesays.com\/es\/wp-json\/wp\/v2\/media?parent=273149"}],"wp:term":[{"taxonomy":"category","embeddable":true,"href":"https:\/\/www.europesays.com\/es\/wp-json\/wp\/v2\/categories?post=273149"},{"taxonomy":"post_tag","embeddable":true,"href":"https:\/\/www.europesays.com\/es\/wp-json\/wp\/v2\/tags?post=273149"}],"curies":[{"name":"wp","href":"https:\/\/api.w.org\/{rel}","templated":true}]}}