{"id":273177,"date":"2025-12-05T21:13:08","date_gmt":"2025-12-05T21:13:08","guid":{"rendered":"https:\/\/www.europesays.com\/es\/273177\/"},"modified":"2025-12-05T21:13:08","modified_gmt":"2025-12-05T21:13:08","slug":"el-juez-pedraz-vuelve-a-pedir-a-francia-la-detencion-y-entrega-del-exjefe-de-eta-josu-ternera-el-pais","status":"publish","type":"post","link":"https:\/\/www.europesays.com\/es\/273177\/","title":{"rendered":"El juez Pedraz vuelve a pedir a Francia la detenci\u00f3n y entrega del exjefe de ETA Josu Ternera &#8211; EL PA\u00cdS"},"content":{"rendered":"<ol>\n<li><a href=\"https:\/\/news.google.com\/rss\/articles\/CBMi0AFBVV95cUxPTFdfM0Y3bEJ6VW9wN3hVa0VJb2x3ZkJ2UTRQS1A3NVhxVFplTHA2LXFnWUZnUmFPNjRTR3E1R0ZQZ0VuakNRQU5JSDg1cHgwclJwcUFndE9BVklRY0FnTy1zTnFqenJGbXhXaVRWN3VqNTJDLUE3S0gwOWc0dGUxN0REYk5wc0UzSURiOGxxUFdaay1JWjc5eEtuSVc2Y0VUX3Y4SzVaMzBnSEFfMlNvQjBhcENaV1hjR1dYalk4c2MwcXJ2TWY3c1JPci01cmh20gHkAUFVX3lxTE9oQ181T0d2NGJxdS0xS3JNYzBmRm1BNDVhV2FzOG9JeTltT29qRXRUb1VkMV93MklsY3ZKcFFGMlRKOFl2aW94ZUZSNFozenp2UEdnUVh1dVM0RWZuRmJhbExnc3JPWHE5dl9sVWMyMFF6amZfaG9KWGo3U1VqSlg3Y3gzUkYxaW9CNWR2bmtwNkYyQmhRZDhaNlQ2ZUNKTUZSTWR1aGJCSkVMRjRtVml2N1h0TzJrOFJaQ1I0ZDhBc3I2UzFNbFhmV2VxdVBZcG1GMnctUlZLX09JVUF2THZNVkRiWg?oc=5\" target=\"_blank\" rel=\"nofollow noopener\">El juez Pedraz vuelve a pedir a Francia la detenci\u00f3n y entrega del exjefe de ETA Josu Ternera<\/a>&nbsp;&nbsp;EL PA\u00cdS<\/li>\n<li><a href=\"https:\/\/news.google.com\/rss\/articles\/CBMiekFVX3lxTE4tZGJ0OFJha3haZDZqeHlvOGRBSjRhQzlneGJhcTByRlYzcmU3WkxaMm1QUVpFVmM5WllGVjllVTAxbkwxeG9vVzl4WUN0Z3NJOE40a1pfVXFBeE9vcG1oNm16TlVvdUo3WHRqSUY1aTJBdlpzWnA1a1R30gF6QVVfeXFMTXpTR0t4Y0Q4TFRiZmNUT2hQT0hQTGVUempSSk1PMDB1bVRvLUY4QzBkSXZmMmlaQTh6VmtVcFZ6d0k5QnhmRjFpYVpQMWxPVWNEaWRhRzQ5bER6ZExTbnhneUxnT2NmNUI5SzVLMmpPbXFPN2xLWVFzUWc?oc=5\" target=\"_blank\" rel=\"nofollow noopener\">La Audiencia Nacional libra una nueva orden de detenci\u00f3n contra &#8216;Josu Ternera&#8217; como \u00abm\u00e1ximo dirigente de ETA que se reuni\u00f3 con el Gobierno de Espa\u00f1a\u00bb<\/a>&nbsp;&nbsp;El Mundo<\/li>\n<li><a href=\"https:\/\/news.google.com\/rss\/articles\/CBMiuwFBVV95cUxNemZ2ZHVwaGl5X2FEeE9COWNyREZPcmhTVE81ZE12SjhfLWhkaFZWUWRucUNzZEtJTGEzSzlneHlvMWR1aVY3Z3BBWXpzOFFHdUY4M29tRk9SUFZ2bEo3dk1iYU5SNFdkc3hIZE41UU5aUGs2TUR2TUFFaWUxZ0V0cVA1bWlnZjMwT0dsd3luOUNhTTBLZlhVMnI5cFp2OWIxcmF0NjhqdUoyaGx5Q0RPdERBNTdOQ21FWHYw?oc=5\" target=\"_blank\" rel=\"nofollow noopener\">Emiten una orden de detenci\u00f3n contra &#8216;Josu Ternera&#8217; como exdirigente de ETA por el &#8216;caso herriko tabernas&#8217;<\/a>&nbsp;&nbsp;Telecinco<\/li>\n<li><a href=\"https:\/\/news.google.com\/rss\/articles\/CBMi5gFBVV95cUxQWHMyYWFJTEtLdWhVSVNrMi16Q09SR2puOUJldl80emt4Vi01TDU3VEc0ZVVWbkkzYWZ2SHhaSTA3S0p5T202V1BCR2Q2bS12VVJoWVBMWDRUd3NyeUVFYWZodjhlLU4tRGkyaTJ2MTZmWElzbHMySnZfcHlQYkR4V3pvVlhQMXR4RnNGNzcweXNqcE5Kd1pmOXFHc096VjVCS3R2ZGNIeWp5ZHBzY1BoLXVzM3BBQ0hVZU1SMW9MdFEyVjhBXzYxdHFXVnFrTUlWdVJlbFY5dHJqZ2lDRFU2TXFuRGlzQdIB5gFBVV95cUxQLUZBWndPLUlFVC1jXzg3bFAtWkJuZ2RQU1ViT0FEZ0pMMl9CcjZHQmlDT1NESTdhb05vZ2lyenh4cFhVVjdfRGF1WUlWRkpJWWo1NTVFcUhUTzJZZGdQWGFTMGFNMVk2cldsWHpaXzZ5RzlXRWhYOWo0S3I4bmthTkZjT3FEWW5lNG85NUFuMFA0ZmxCYTNaVU0tTVFqZE5Mc0VkQ2JPekZNWkxHdEcycDY4bkdkRVpzU1ZuWlI4eEYtTHB3YkZjZmFBWmYtNkcwa0pRVjcwVjBHLVo0TVhueEZMOFp0Zw?oc=5\" target=\"_blank\" rel=\"nofollow noopener\">El juez Pedraz ordena la detenci\u00f3n e ingreso en prisi\u00f3n de Josu Ternera como jefe de ETA<\/a>&nbsp;&nbsp;LaSexta<\/li>\n<li><a href=\"https:\/\/news.google.com\/rss\/articles\/CBMipAFBVV95cUxObW1OUlVDWGtRYl9YWk1wSmpwRE1YV0RqVEdrWUstODNTTy1CM0o0RkpYY3daWXQ5eV9ndzlFS052czNITHladGREcm9DcExreld4YXlpS3JRLW9TX01kZ29yZVlzUWdBRWdYXzd4MHRabVlkcDBBVEJNY1BYSWZLRmZudE9MREZnX1dQak13azYycU9JOTlHZjdQcHFORTNRWXNKNA?oc=5\" target=\"_blank\" rel=\"nofollow noopener\">La Audiencia Nacional emite una orden de detenci\u00f3n contra Josu Ternera como exdirigente de ETA por el caso Herriko Tabernas<\/a>&nbsp;&nbsp;ABC<\/li>\n<\/ol>\n","protected":false},"excerpt":{"rendered":"El juez Pedraz vuelve a pedir a Francia la detenci\u00f3n y entrega del exjefe de ETA Josu Ternera&nbsp;&nbsp;EL&hellip;\n","protected":false},"author":2,"featured_media":248356,"comment_status":"","ping_status":"","sticky":false,"template":"","format":"standard","meta":{"footnotes":""},"categories":[8],"tags":[17,18,25,24,13,14,11,19,20,9,10,15,16,23,12,21,22],"class_list":{"0":"post-273177","1":"post","2":"type-post","3":"status-publish","4":"format-standard","5":"has-post-thumbnail","7":"category-espana","8":"tag-breaking-news","9":"tag-breakingnews","10":"tag-es","11":"tag-espana","12":"tag-featured-news","13":"tag-featurednews","14":"tag-headlines","15":"tag-latest-news","16":"tag-latestnews","17":"tag-news","18":"tag-noticias","19":"tag-noticias-destacadas","20":"tag-noticiasdestacadas","21":"tag-spain","22":"tag-titulares","23":"tag-ultimas-noticias","24":"tag-ultimasnoticias"},"share_on_mastodon":{"url":"","error":""},"_links":{"self":[{"href":"https:\/\/www.europesays.com\/es\/wp-json\/wp\/v2\/posts\/273177","targetHints":{"allow":["GET"]}}],"collection":[{"href":"https:\/\/www.europesays.com\/es\/wp-json\/wp\/v2\/posts"}],"about":[{"href":"https:\/\/www.europesays.com\/es\/wp-json\/wp\/v2\/types\/post"}],"author":[{"embeddable":true,"href":"https:\/\/www.europesays.com\/es\/wp-json\/wp\/v2\/users\/2"}],"replies":[{"embeddable":true,"href":"https:\/\/www.europesays.com\/es\/wp-json\/wp\/v2\/comments?post=273177"}],"version-history":[{"count":0,"href":"https:\/\/www.europesays.com\/es\/wp-json\/wp\/v2\/posts\/273177\/revisions"}],"wp:featuredmedia":[{"embeddable":true,"href":"https:\/\/www.europesays.com\/es\/wp-json\/wp\/v2\/media\/248356"}],"wp:attachment":[{"href":"https:\/\/www.europesays.com\/es\/wp-json\/wp\/v2\/media?parent=273177"}],"wp:term":[{"taxonomy":"category","embeddable":true,"href":"https:\/\/www.europesays.com\/es\/wp-json\/wp\/v2\/categories?post=273177"},{"taxonomy":"post_tag","embeddable":true,"href":"https:\/\/www.europesays.com\/es\/wp-json\/wp\/v2\/tags?post=273177"}],"curies":[{"name":"wp","href":"https:\/\/api.w.org\/{rel}","templated":true}]}}