{"id":273188,"date":"2025-12-05T21:24:16","date_gmt":"2025-12-05T21:24:16","guid":{"rendered":"https:\/\/www.europesays.com\/es\/273188\/"},"modified":"2025-12-05T21:24:16","modified_gmt":"2025-12-05T21:24:16","slug":"kiko-matamoros-se-somete-a-una-nueva-intervencion-estetica-en-la-cara-este-es-el-resultado","status":"publish","type":"post","link":"https:\/\/www.europesays.com\/es\/273188\/","title":{"rendered":"Kiko Matamoros se somete a una nueva intervenci\u00f3n est\u00e9tica en la cara: este es el resultado"},"content":{"rendered":"<p>                    <img loading=\"lazy\" decoding=\"async\" src=\"https:\/\/www.mundodeportivo.com\/files\/image_449_465\/files\/fp\/uploads\/2025\/12\/05\/6933278689f6d.r_d.455-315-6593.jpeg\" data-full-src=\"https:\/\/www.europesays.com\/es\/wp-content\/uploads\/2025\/12\/6933278689f6d.jpeg\" class=\"nolazy\" width=\"449\" height=\"465\"\/><\/p>\n<p>El televisivo se ha sometido a numerosas operaciones est\u00e9ticas a lo largo de los a\u00f1os\n<\/p>\n<p>                        <img loading=\"lazy\" decoding=\"async\" class=\"swiper-lazy\" alt=\"Kiko Matamoros\" data-full-src=\"https:\/\/www.mundodeportivo.com\/uploads\/2025\/12\/05\/693327f5ef494.jpeg\" src=\"https:\/\/www.europesays.com\/es\/wp-content\/uploads\/2025\/12\/693327f5ef494.jpeg\" width=\"989\" height=\"556\"\/><\/p>\n<p>                        <img loading=\"lazy\" decoding=\"async\" class=\"swiper-lazy\" alt=\"Kiko Matamoros\" data-full-src=\"https:\/\/www.mundodeportivo.com\/uploads\/2025\/12\/05\/693327f6a05b5.jpeg\" src=\"https:\/\/www.europesays.com\/es\/wp-content\/uploads\/2025\/12\/693327f6a05b5.jpeg\" width=\"989\" height=\"556\"\/><\/p>\n<p>                        <img loading=\"lazy\" decoding=\"async\" class=\"swiper-lazy\" alt=\"Kiko Matamoros\" data-full-src=\"https:\/\/www.mundodeportivo.com\/uploads\/2025\/12\/05\/69332828a360c.jpeg\" src=\"https:\/\/www.europesays.com\/es\/wp-content\/uploads\/2025\/12\/69332828a360c.jpeg\" width=\"558\" height=\"558\"\/><\/p>\n<p>                        <img loading=\"lazy\" decoding=\"async\" class=\"swiper-lazy\" alt=\"Primera foto compartida por Kiko Matamoros en Instagram tras su operaci\u00f3n de ves\u00edcula.\" data-full-src=\"https:\/\/www.mundodeportivo.com\/uploads\/2020\/07\/30\/60e7adeeb8c54.jpeg\" src=\"https:\/\/www.europesays.com\/es\/wp-content\/uploads\/2025\/12\/60e7adeeb8c54.jpeg\" width=\"558\" height=\"558\"\/><\/p>\n<p>                        Kiko Matamoros en InstagramOtras Fuentes\n<\/p>\n<p>                        <img loading=\"lazy\" decoding=\"async\" class=\"swiper-lazy\" alt=\"Kiko Matamoros despu\u00e9s de otra intervenci\u00f3n en 2020\" data-full-src=\"https:\/\/www.mundodeportivo.com\/uploads\/2025\/12\/05\/6933295d0f5d8.jpeg\" src=\"https:\/\/www.europesays.com\/es\/wp-content\/uploads\/2025\/12\/6933295d0f5d8.jpeg\" width=\"989\" height=\"556\"\/><\/p>\n<p>                        Kiko Matamoros despu\u00e9s de otra intervenci\u00f3n en 2020Telecinco\n<\/p>\n<p>                        <img loading=\"lazy\" decoding=\"async\" class=\"swiper-lazy\" alt=\"Kiko Matamoros despu\u00e9s de otra intervenci\u00f3n\" data-full-src=\"https:\/\/www.mundodeportivo.com\/uploads\/2025\/12\/05\/6933296172942.jpeg\" src=\"https:\/\/www.europesays.com\/es\/wp-content\/uploads\/2025\/12\/6933296172942.jpeg\" width=\"989\" height=\"556\"\/><\/p>\n<p>                        Kiko Matamoros despu\u00e9s de otra intervenci\u00f3nTelecinco\n<\/p>\n<p>                        <img loading=\"lazy\" decoding=\"async\" class=\"swiper-lazy\" alt=\"Kiko Matamoros despu\u00e9s de otra intervenci\u00f3n\" data-full-src=\"https:\/\/www.mundodeportivo.com\/uploads\/2025\/12\/05\/693329c156e4e.jpeg\" src=\"https:\/\/www.europesays.com\/es\/wp-content\/uploads\/2025\/12\/693329c156e4e.jpeg\" width=\"989\" height=\"556\"\/><\/p>\n<p>                        Kiko Matamoros despu\u00e9s de otra intervenci\u00f3nTelecinco\n<\/p>\n<p>                        <img loading=\"lazy\" decoding=\"async\" class=\"swiper-lazy\" alt=\"Kiko Matamoros despu\u00e9s de otra intervenci\u00f3n\" data-full-src=\"https:\/\/www.mundodeportivo.com\/uploads\/2025\/12\/05\/693329c1e3d97.jpeg\" src=\"https:\/\/www.europesays.com\/es\/wp-content\/uploads\/2025\/12\/693329c1e3d97.jpeg\" width=\"572\" height=\"558\"\/><\/p>\n<p>                        Kiko Matamoros despu\u00e9s de otra intervenci\u00f3nInstagram\n<\/p>\n<p>                        <img loading=\"lazy\" decoding=\"async\" class=\"swiper-lazy\" alt=\"Horizontal\" data-full-src=\"https:\/\/www.mundodeportivo.com\/uploads\/2020\/07\/26\/60e7bcdb6f590.jpeg\" src=\"https:\/\/www.europesays.com\/es\/wp-content\/uploads\/2025\/12\/60e7bcdb6f590.jpeg\" width=\"987\" height=\"558\"\/><\/p>\n<p>                        Kiko Matamoros en &#8216;S\u00e1bado Deluxe&#8217;.Otras Fuentes\n<\/p>\n<p>                        <img loading=\"lazy\" decoding=\"async\" class=\"swiper-lazy\" alt=\"Horizontal\" data-full-src=\"https:\/\/www.mundodeportivo.com\/uploads\/2020\/06\/08\/60e78cc0da0c7.jpeg\" src=\"https:\/\/www.europesays.com\/es\/wp-content\/uploads\/2025\/12\/60e78cc0da0c7.jpeg\" width=\"989\" height=\"557\"\/><\/p>\n<p>                        Kiko Matamoros en &#8216;La escalera de las emociones&#8217;, en &#8216;Viva la vida&#8217;.Otras Fuentes\n<\/p>\n<p>                        <img loading=\"lazy\" decoding=\"async\" class=\"swiper-lazy\" alt=\"Horizontal\" data-full-src=\"https:\/\/www.mundodeportivo.com\/uploads\/2021\/07\/09\/60f3e51151f7f.jpeg\" src=\"https:\/\/www.europesays.com\/es\/wp-content\/uploads\/2025\/12\/60f3e51151f7f.jpeg\" width=\"989\" height=\"557\"\/><\/p>\n<p>                        Kiko MatamorosOtras Fuentes\n<\/p>\n<p>                        <img loading=\"lazy\" decoding=\"async\" class=\"swiper-lazy\" alt=\"Horizontal\" data-full-src=\"https:\/\/www.mundodeportivo.com\/uploads\/2021\/07\/09\/60f3ea984b89b.jpeg\" src=\"https:\/\/www.europesays.com\/es\/wp-content\/uploads\/2025\/12\/60f3ea984b89b.jpeg\" width=\"987\" height=\"558\"\/><\/p>\n<p>                        Kiko MatamorosOtras Fuentes\n<\/p>\n<p data-gtm-element-container=\"modulo-texto-link\" class=\"paragraph\">Si hay algo a lo que nos tiene acostumbrados <strong>Kiko Matamoros <\/strong>es a sus recurrentes intervenciones est\u00e9ticas. Y es que el colaborador nunca ha tenido ning\u00fan reparo en hacer p\u00fablico su aspecto cada vez que se somete a alg\u00fan &#8216;retoquito&#8217; est\u00e9tico. De hecho, <strong>ha sido \u00e9l mismo quien ha hecho p\u00fablico el resultado de su \u00faltima intervenci\u00f3n<\/strong> a trav\u00e9s de su perfil de Instagram.<\/p>\n<p data-gtm-element-container=\"modulo-texto-link\" class=\"paragraph\">Kiko ha publicado la imagen junto a una explicaci\u00f3n de la intervenci\u00f3n: \u00ab<strong>Me han realizado una blefaroplastia en los p\u00e1rpados superiores e inferiores<\/strong>. Le hac\u00eda falta un repaso al &#8216;Gran Torino'\u00bb, ha escrito. Desliza para ver el resto de operaciones del colaborador de &#8216;No somos nadie&#8217;.<\/p>\n<p>\n        Mostrar comentarios\n    <\/p>\n<p>{\u00aballowComment\u00bb:\u00bballowed\u00bb,\u00bbarticleId\u00bb:\u00bbarticle-1002581837&#8243;,\u00bburl\u00bb:\u00bbhttps:\\\/\\\/www.mundodeportivo.com\\\/elotromundo\\\/television\\\/20251205\\\/1002581837\\\/kiko-matamoros-somete-nueva-intervencion-estetica-cara-resultado.html\u00bb,\u00bblivefyre-url\u00bb:\u00bbarticle-1002581837&#8243;}<\/p>\n<p>Cargando siguiente contenido&#8230;\n                <\/p>\n","protected":false},"excerpt":{"rendered":"El televisivo se ha sometido a numerosas operaciones est\u00e9ticas a lo largo de los a\u00f1os Kiko Matamoros en&hellip;\n","protected":false},"author":2,"featured_media":273189,"comment_status":"","ping_status":"","sticky":false,"template":"","format":"standard","meta":{"footnotes":""},"categories":[174],"tags":[255,146,147,25,24,256,23],"class_list":{"0":"post-273188","1":"post","2":"type-post","3":"status-publish","4":"format-standard","5":"has-post-thumbnail","7":"category-famosos","8":"tag-celebrities","9":"tag-entertainment","10":"tag-entretenimiento","11":"tag-es","12":"tag-espana","13":"tag-famosos","14":"tag-spain"},"share_on_mastodon":{"url":"https:\/\/pubeurope.com\/@es\/115669072360790943","error":""},"_links":{"self":[{"href":"https:\/\/www.europesays.com\/es\/wp-json\/wp\/v2\/posts\/273188","targetHints":{"allow":["GET"]}}],"collection":[{"href":"https:\/\/www.europesays.com\/es\/wp-json\/wp\/v2\/posts"}],"about":[{"href":"https:\/\/www.europesays.com\/es\/wp-json\/wp\/v2\/types\/post"}],"author":[{"embeddable":true,"href":"https:\/\/www.europesays.com\/es\/wp-json\/wp\/v2\/users\/2"}],"replies":[{"embeddable":true,"href":"https:\/\/www.europesays.com\/es\/wp-json\/wp\/v2\/comments?post=273188"}],"version-history":[{"count":0,"href":"https:\/\/www.europesays.com\/es\/wp-json\/wp\/v2\/posts\/273188\/revisions"}],"wp:featuredmedia":[{"embeddable":true,"href":"https:\/\/www.europesays.com\/es\/wp-json\/wp\/v2\/media\/273189"}],"wp:attachment":[{"href":"https:\/\/www.europesays.com\/es\/wp-json\/wp\/v2\/media?parent=273188"}],"wp:term":[{"taxonomy":"category","embeddable":true,"href":"https:\/\/www.europesays.com\/es\/wp-json\/wp\/v2\/categories?post=273188"},{"taxonomy":"post_tag","embeddable":true,"href":"https:\/\/www.europesays.com\/es\/wp-json\/wp\/v2\/tags?post=273188"}],"curies":[{"name":"wp","href":"https:\/\/api.w.org\/{rel}","templated":true}]}}