{"id":273198,"date":"2025-12-05T21:31:18","date_gmt":"2025-12-05T21:31:18","guid":{"rendered":"https:\/\/www.europesays.com\/es\/273198\/"},"modified":"2025-12-05T21:31:18","modified_gmt":"2025-12-05T21:31:18","slug":"el-resurgir-de-la-mascarilla-en-valencia","status":"publish","type":"post","link":"https:\/\/www.europesays.com\/es\/273198\/","title":{"rendered":"El resurgir de la mascarilla en Valencia"},"content":{"rendered":"<p>La mascarilla est\u00e1 de vuelta. Como cada invierno, aunque este a\u00f1o se ha adelantado un mes ese aumento de los virus, el protector facial es  &#8230; un elemento de nuevo com\u00fan en la Comunitat. Especialmente en los centros sanitarios, y en su mayor\u00eda entre la gente de edad avanzada. Fuera de hospitales o centros de salud, aunque sean sitios cerrados como transporte p\u00fablico o supermercados, sigue siendo muy poco habitual ver a gente con este elemento, que se resiste a irse del todo desde que lleg\u00f3 en la pandemia de 2020. <\/p>\n<p class=\"v-p\">Por el momento los datos de infecciones respiratorias que maneja Sanidad (una tasa de 923 casos) sit\u00faan a la regi\u00f3n en el segundo escal\u00f3n del nuevo Plan de Contingencia, el Escenario 1, considerado un umbral medio, a\u00fan lejos de los 1.654 casos que har\u00eda pasar al siguiente nivel, el de riesgo alto. Esto implica recomendaci\u00f3n del uso de la mascarilla quir\u00fargica a todas las personas en centros sanitarios, y para personas con s\u00edntomas gripales, que la lleven en cualquier interacci\u00f3n social.<\/p>\n<p class=\"v-p\">El Colegio de Farmac\u00e9uticos de Valencia se\u00f1ala que en los \u00faltimos d\u00edas han detectado \u00abun incremento en la venta de test de gripe y Covid y, sobre todo, de mascarillas\u00bb, aunque no disponen de datos oficiales sobre este aumento. En algunas farmacias como Nova de Patraix o Cortes Valencianas dicen que la venta de mascarillas casi se ha triplicado en dos semanas y que est\u00e1 habiendo algunos problemas de suministro con las del modelo FFP2, pero con las quir\u00fargicas no hay falta de material, y que sobre todo las compran las personas mayores. <\/p>\n<p><a href=\"http:\/\/www.lasprovincias.es\/comunitat\/gripe-desboca-sube-doble-semana-comunitat-20251202160419-nt.html#vtm_modulosEngag=mod-rel:comunitat:noticia:1:cmp:1-not\" class=\"v-a-link\" aria-label=\"Imagen\" rel=\"nofollow noopener\" target=\"_blank\"><\/p>\n<p><img decoding=\"async\" loading=\"lazy\" src=\"https:\/\/www.europesays.com\/es\/wp-content\/uploads\/2025\/12\/1503492546-U46305804417oBg-366x256@Las Provincias.jpg\" class=\"v-a-img\" width=\"258\" height=\"180\" alt=\"\" data-voc-vtm-id=\"in-text-traffic\"\/><\/p>\n<p><\/a><\/p>\n<p class=\"v-p\">No obstante, basta con acercarse a cualquier centro sanitario para comprobar que esta recomendaci\u00f3n ya est\u00e1 empezando a calar entre la poblaci\u00f3n. Los pacientes con problemas respiratorios, con procesos de resfriado o inmunodeprimidos mayoritariamente deciden protegerse, tambi\u00e9n los de edad avanzada, al ser poblaci\u00f3n de riesgo. Pero ese uso de la mascarilla es muy inferior entre los pacientes j\u00f3venes, incluso de mediana edad, y tambi\u00e9n entre muchos profesionales sanitarios, exceptuando los de Urgencias y servicios relacionados con el aparato respiratorio.<\/p>\n<p class=\"v-p\">Rafael, ya jubilado, la llevaba puesta este jueves al visitar el hospital Arnau de Vilanova. \u00abMe la pongo porque estoy constipado, as\u00ed me protejo yo y tambi\u00e9n a los dem\u00e1s. Como no es obligatoria, no la lleva todo el mundo, sobre todo los j\u00f3venes van sin ella. Pero con todo lo que pasamos en la pandemia, y ahora que lo ha recomendado Sanidad, creo que la gente deber\u00eda ser m\u00e1s responsable. Me preocupa que este aumento de casos me afecte m\u00e1s\u00bb, indica el hombre.<\/p>\n<p class=\"v-p\">En cambio Francisco y Nadia, m\u00e1s j\u00f3venes, van sin protector. \u00abNo la llevamos, pero deber\u00edamos. Hemos visto gente que la ten\u00eda, pero muchos iban sin ella. Te sientes m\u00e1s en peligro de contagio si no te la pones, y estar\u00eda bien llevarla en otros sitios, como el metro o el autob\u00fas, que vamos todos amontonados, no s\u00f3lo en el hospital\u00bb. Igual que \u00c1lvaro, de 24 a\u00f1os. \u00abNo suelo llevarla pero es verdad que ahora se ve m\u00e1s gente con ella. Desde luego siempre es positivo pon\u00e9rsela y si est\u00e1n repuntando los casos es mejor prevenir y llevarla\u00bb.<\/p>\n<p class=\"v-p\">Los mayores de 65 a\u00f1os son grupo de riesgo y por ello desde octubre ten\u00edan la opci\u00f3n de vacunarse contra la gripe. Lola y Vicente est\u00e1n en esta franja de edad y acud\u00edan al Arnau para una prueba. \u00abLevamos la mascarilla por protegernos, porque estamos bien. Ten\u00eda una cita en el hospital y no hay mucha gente con mascarilla, s\u00f3lo un 30% he visto yo que la llevara, y los dos m\u00e9dicos que me han atendido iban sin ella. No cuesta nada pon\u00e9rsela y vas m\u00e1s seguro, hay que prevenir\u00bb, comenta.<\/p>\n<p class=\"v-p\">Amparo precisamente se ha contagiado de la gripe y se est\u00e1 tomando antibi\u00f3ticos. Va al centro de salud de Benicalap a una consulta con el m\u00e9dico. \u00abDentro m\u00e1s o menos la mitad de gente estaba con la mascarilla, pero en el transporte o en otros sitios cerrados a\u00fan no la lleva casi nadie\u00bb, apunta la mujer. Y Mar\u00eda Pilar, tambi\u00e9n de la franja de edad avanzada, expresa: \u00bbLa llevo por precauci\u00f3n, no tengo nada pero s\u00ed miedo a contagiarme. S\u00f3lo me la pongo cuando voy al m\u00e9dico. En el centro de salud hab\u00eda bastante gente con ella puesta\u00bb.<\/p>\n<p class=\"v-p\">En cambio Jose, de unos 40 a\u00f1os, que ha acudido al hospital a recoger unos medicamentos, va sin protector. \u00abSe me ha olvidado en casa, porque tengo que llevarla, ya que en unos d\u00edas me van a hacer unas pruebas de ri\u00f1\u00f3n y no debo constiparme. Me la voy a dejar en el coche y en la chaqueta para tenerla a mano siempre. Al aire libre no hace falta, pero en sitios cerrados me parece conveniente\u00bb, apunta.<\/p>\n<p class=\"v-p\">Ante este aumento de contagios, Sanidad ha anunciado que ha contratado a 273 profesionales para reforzar a los departamentos de salud, que podr\u00e1n disponer de m\u00e1s personal en funci\u00f3n de la incidencia de las infecciones respiratorias y la situaci\u00f3n en cada uno de ellos. El presupuesto es de 1,5 millones de euros y tiene como objetivo evitar la sobrecarga en los centros m\u00e1s tensionados.<\/p>\n","protected":false},"excerpt":{"rendered":"La mascarilla est\u00e1 de vuelta. Como cada invierno, aunque este a\u00f1o se ha adelantado un mes ese aumento&hellip;\n","protected":false},"author":2,"featured_media":273199,"comment_status":"","ping_status":"","sticky":false,"template":"","format":"standard","meta":{"footnotes":""},"categories":[92],"tags":[25,24,165,61811,31223,166,23],"class_list":{"0":"post-273198","1":"post","2":"type-post","3":"status-publish","4":"format-standard","5":"has-post-thumbnail","7":"category-salud","8":"tag-es","9":"tag-espana","10":"tag-health","11":"tag-mascarilla","12":"tag-resurgir","13":"tag-salud","14":"tag-spain"},"share_on_mastodon":{"url":"https:\/\/pubeurope.com\/@es\/115669099511949873","error":""},"_links":{"self":[{"href":"https:\/\/www.europesays.com\/es\/wp-json\/wp\/v2\/posts\/273198","targetHints":{"allow":["GET"]}}],"collection":[{"href":"https:\/\/www.europesays.com\/es\/wp-json\/wp\/v2\/posts"}],"about":[{"href":"https:\/\/www.europesays.com\/es\/wp-json\/wp\/v2\/types\/post"}],"author":[{"embeddable":true,"href":"https:\/\/www.europesays.com\/es\/wp-json\/wp\/v2\/users\/2"}],"replies":[{"embeddable":true,"href":"https:\/\/www.europesays.com\/es\/wp-json\/wp\/v2\/comments?post=273198"}],"version-history":[{"count":0,"href":"https:\/\/www.europesays.com\/es\/wp-json\/wp\/v2\/posts\/273198\/revisions"}],"wp:featuredmedia":[{"embeddable":true,"href":"https:\/\/www.europesays.com\/es\/wp-json\/wp\/v2\/media\/273199"}],"wp:attachment":[{"href":"https:\/\/www.europesays.com\/es\/wp-json\/wp\/v2\/media?parent=273198"}],"wp:term":[{"taxonomy":"category","embeddable":true,"href":"https:\/\/www.europesays.com\/es\/wp-json\/wp\/v2\/categories?post=273198"},{"taxonomy":"post_tag","embeddable":true,"href":"https:\/\/www.europesays.com\/es\/wp-json\/wp\/v2\/tags?post=273198"}],"curies":[{"name":"wp","href":"https:\/\/api.w.org\/{rel}","templated":true}]}}