{"id":273217,"date":"2025-12-05T21:46:09","date_gmt":"2025-12-05T21:46:09","guid":{"rendered":"https:\/\/www.europesays.com\/es\/273217\/"},"modified":"2025-12-05T21:46:09","modified_gmt":"2025-12-05T21:46:09","slug":"admitida-la-querella-de-sevillistas-unidos-2020-contra-andres-blazquez","status":"publish","type":"post","link":"https:\/\/www.europesays.com\/es\/273217\/","title":{"rendered":"Admitida la querella de Sevillistas Unidos 2020 contra Andr\u00e9s Bl\u00e1zquez"},"content":{"rendered":"<p style=\"\">La <strong>Audiencia Provincial de Madrid<\/strong>, en el <strong>juzgado n\u00famero 18<\/strong> de la capital de <strong>Espa\u00f1a<\/strong>, <strong>ha admitido a tr\u00e1mite la querella de Sevillistas Unidos 2020 contra Andr\u00e9s Bl\u00e1zquez<\/strong>, exconsejero del Sevilla y actual CEO del Genoa italiano, por un <strong>presunto delito <\/strong> &#8230; <strong>de administraci\u00f3n desleal y estafa<\/strong>. Los &#8216;americanos&#8217; han denunciado a su antiguo representante por sus actuaciones que involucraron al club de la ciudad de <strong>G\u00e9nova<\/strong>, en su momento, sociedad filial de Sevillistas Unidos 2020.<\/p>\n<p class=\"voc-p\" style=\"\"> Dentro de las argumentaciones presentadas por los querellantes, l<strong>a principal es el movimiento que se hac\u00eda entre sociedades vinculadas a 777 Partners<\/strong>, trasladando deuda de una a otra, obligando a que sociedades de la estructura soportasen el peso hasta morir de cantidades que no eran propias de su actividad sin ninguna contraprestaci\u00f3n.<\/p>\n<p class=\"voc-p\" style=\"\"><strong>Sevillistas Unidos 2020 controla un 15% del accionariado nervionense<\/strong>, despu\u00e9s de numerosas compras desde que desembarcaran en la capital andaluza en <strong>2018<\/strong>. El grupo 777 Partners perdi\u00f3 el control de estas acciones en favor de la aseguradora <strong>A-CAP<\/strong>. Y, seg\u00fan ha podido saber ABC de Sevilla, en Madrid s<strong>e han abierto diligencias penales contra Andr\u00e9s Bl\u00e1zquez<\/strong>, antigua cara visible de los americanos en el <strong>Ram\u00f3n S\u00e1nchez-Pizju\u00e1n<\/strong>, por presunta administraci\u00f3n desleal y estafa en el Genoa, <strong>con incidencia a su vez con ella en las cuentas de Sevillistas Unidos 2020<\/strong>.<\/p>\n<p class=\"voc-p\" style=\"\">El caso tiene repercusi\u00f3n en el <strong>Sevilla FC<\/strong>, dado que <strong>las acciones de los americanos est\u00e1n embargadas<\/strong> despu\u00e9s de trasladarle a la sociedad Sevillistas Unidos 2020 unos <strong>12 millones de euros<\/strong> de <strong>deuda del Genoa<\/strong>, con A-CAP controlando desde 2024 esta sociedad y sus activos, lo que equivale a <strong>algo m\u00e1s de 15.000 acciones<\/strong>. Este embargo ya fue paralizado por los abogados de Sevillistas Unidos 2020, pero ahora se da un paso m\u00e1s. El Genoa tuvo una ampliaci\u00f3n de capital a la que Bl\u00e1zquez, en esos momentos representante de 777 Partners, renunci\u00f3 a su derecho de adquisici\u00f3n preferente. Esto facilit\u00f3 el apoderamiento de la mayor\u00eda de los t\u00edtulos, que quedaron en manos de un nuevo propietario. <strong>Este due\u00f1o reclama esa deuda<\/strong>, que anteriormente era meramente interna del grupo Sevillistas Unidos 2020 y, ahora, por la supuesta conducta fraudulenta de Andr\u00e9s Bl\u00e1zquez, pretende reclamar, sin \u00e9xito en Espa\u00f1a.<\/p>\n","protected":false},"excerpt":{"rendered":"La Audiencia Provincial de Madrid, en el juzgado n\u00famero 18 de la capital de Espa\u00f1a, ha admitido a&hellip;\n","protected":false},"author":2,"featured_media":273218,"comment_status":"","ping_status":"","sticky":false,"template":"","format":"standard","meta":{"footnotes":""},"categories":[268],"tags":[56283,66890,2987,54185,168,25,24,280,282,38,66891,281,23,167,6819,4218],"class_list":{"0":"post-273217","1":"post","2":"type-post","3":"status-publish","4":"format-standard","5":"has-post-thumbnail","7":"category-futbol","8":"tag-56283","9":"tag-admitida","10":"tag-andres","11":"tag-blazquez","12":"tag-deportes","13":"tag-es","14":"tag-espana","15":"tag-football","16":"tag-futbol","17":"tag-querella","18":"tag-sevillistas","19":"tag-soccer","20":"tag-spain","21":"tag-sports","22":"tag-tramite","23":"tag-unidos"},"share_on_mastodon":{"url":"https:\/\/pubeurope.com\/@es\/115669158147070309","error":""},"_links":{"self":[{"href":"https:\/\/www.europesays.com\/es\/wp-json\/wp\/v2\/posts\/273217","targetHints":{"allow":["GET"]}}],"collection":[{"href":"https:\/\/www.europesays.com\/es\/wp-json\/wp\/v2\/posts"}],"about":[{"href":"https:\/\/www.europesays.com\/es\/wp-json\/wp\/v2\/types\/post"}],"author":[{"embeddable":true,"href":"https:\/\/www.europesays.com\/es\/wp-json\/wp\/v2\/users\/2"}],"replies":[{"embeddable":true,"href":"https:\/\/www.europesays.com\/es\/wp-json\/wp\/v2\/comments?post=273217"}],"version-history":[{"count":0,"href":"https:\/\/www.europesays.com\/es\/wp-json\/wp\/v2\/posts\/273217\/revisions"}],"wp:featuredmedia":[{"embeddable":true,"href":"https:\/\/www.europesays.com\/es\/wp-json\/wp\/v2\/media\/273218"}],"wp:attachment":[{"href":"https:\/\/www.europesays.com\/es\/wp-json\/wp\/v2\/media?parent=273217"}],"wp:term":[{"taxonomy":"category","embeddable":true,"href":"https:\/\/www.europesays.com\/es\/wp-json\/wp\/v2\/categories?post=273217"},{"taxonomy":"post_tag","embeddable":true,"href":"https:\/\/www.europesays.com\/es\/wp-json\/wp\/v2\/tags?post=273217"}],"curies":[{"name":"wp","href":"https:\/\/api.w.org\/{rel}","templated":true}]}}