{"id":273219,"date":"2025-12-05T21:47:13","date_gmt":"2025-12-05T21:47:13","guid":{"rendered":"https:\/\/www.europesays.com\/es\/273219\/"},"modified":"2025-12-05T21:47:13","modified_gmt":"2025-12-05T21:47:13","slug":"a-xisca-perello-mujer-de-rafa-nadal-le-gusta-el-chocolate-y-lo-ha-demostrado-hoy-en-palma-de-mallorca","status":"publish","type":"post","link":"https:\/\/www.europesays.com\/es\/273219\/","title":{"rendered":"A Xisca Perell\u00f3, mujer de Rafa Nadal, le gusta el chocolate y lo ha demostrado hoy en Palma de Mallorca"},"content":{"rendered":"\n<p> Cuando llega el oto\u00f1o y los tonos c\u00e1lidos empiezan a reclamar su espacio en el armario, Mery Perell\u00f3 suele demostrar que la elegancia no necesita estridencias, solo coherencia, confort y una paleta bien elegida. En su \u00faltima aparici\u00f3n p\u00fablica como presidenta del 10\u00ba aniversario del proyecto \u201cEducaci\u00f3n y Deporte\u201d y de la construcci\u00f3n del primer centro Fundaci\u00f3n Rafa Nadal en Palma de Mallorca, lo volvi\u00f3 a dejar claro: <strong>el <\/strong><a href=\"https:\/\/www.vanitatis.elconfidencial.com\/estilo\/moda\/2025-11-24\/mocasines-zara-marron-chocolate-lista-deseos-navidad-1qrt_4253360\/\" target=\"_self\" rel=\"nofollow noopener\"><strong>chocolate<\/strong><\/a><strong> es el nuevo lenguaje de su estilo.<\/strong> <\/p>\n<p> No es casualidad que este color se haya convertido en uno de los grandes <a href=\"https:\/\/www.vanitatis.elconfidencial.com\/estilo\/moda\/2025-02-24\/tendencias-colores-tonos-primavera-2025-ropa-1qrt_4071886\/\" target=\"_self\" rel=\"nofollow noopener\">protagonistas de la temporada<\/a>. Las pasarelas lo han reivindicado, las prescriptoras de moda lo han adoptado y Xisca, siempre fiel a los c\u00f3digos minimalistas, lo ha hecho propio con una naturalidad desarmante. <\/p>\n<p>TE PUEDE INTERESAR<\/p>\n<p>    <img decoding=\"async\" class=\"inTextNews__img\" alt=\"Foto: Rafa Nadal acompa\u00f1ado de su mujer, Xisca Perell\u00f3, y su madre, Ana Mar\u00eda Parera. (Instagram\/ @frnadal)\" src=\"https:\/\/www.europesays.com\/es\/wp-content\/uploads\/2025\/12\/f.elconfidencial.com\/original\/835\/110\/fff\/835110fff088dba06147ea51f5ce107e.jpg\"  \/>          <a class=\"inTextNews__title\" href=\"https:\/\/www.vanitatis.elconfidencial.com\/estilo\/moda\/2025-10-27\/xisca-perello-mujer-rafa-nadal-look-gala-vestido_4235792\/\" onclick=\"window.ECCO.emit(&#039;amplitude&#039;, { dataEventName: &#039;click_related_article_module&#039;, data: { related_article_url: &#039;https:\/\/www.vanitatis.elconfidencial.com\/estilo\/moda\/2025-10-27\/xisca-perello-mujer-rafa-nadal-look-gala-vestido_4235792\/&#039;, related_article_author: &#039;Paula Mata&#039;, related_article_section: &#039;moda&#039; } })\" rel=\"nofollow noopener\" target=\"_blank\"> El look de gala de Xisca Perell\u00f3 en su vuelta al trabajo tras ser madre por segunda vez: hombros descubiertos y mo\u00f1o de bailarina <\/a>   <\/p>\n<p>    Paula Mata   <\/p>\n<p>            Un traje que redefine la sobriedad           <\/p>\n<p> En las im\u00e1genes, se aprecia un traje de chaqueta y pantal\u00f3n en un tono <a href=\"https:\/\/www.vanitatis.elconfidencial.com\/estilo\/moda\/2025-09-23\/moda-estilo-botines-marca-skechers-color-1qrt_4214600\/\" target=\"_self\" rel=\"nofollow noopener\">marr\u00f3n<\/a> oscuro que suaviza y estiliza al mismo tiempo. El blazer, ligeramente estructurado, pero sin rigidez excesiva, proyecta serenidad y autoridad, una combinaci\u00f3n que encaja con su papel institucional y con su estilo habitual: funcional, depurado y sin rastro de artificio. <\/p>\n<p> El pantal\u00f3n recto, de ca\u00edda amplia, prolonga visualmente la figura y<strong> aporta un dinamismo que evita que el <\/strong><a href=\"https:\/\/www.vanitatis.elconfidencial.com\/estilo\/moda\/2025-10-24\/zara-novedades-abrigo-prendas-otono-estilo-1qrt_4234791\/\" target=\"_self\" rel=\"nofollow noopener\"><strong>look<\/strong><\/a><strong> resulte demasiado formal.<\/strong> Lo interesante de este conjunto es que juega con proporciones actuales \u2014largos generosos, l\u00edneas limpias\u2014 sin renunciar a la atemporalidad. Es la clase de traje que seguir\u00e1 siendo un b\u00e1sico dentro de cinco oto\u00f1os. <\/p>\n<p>                Xisca Perell\u00f3 en el evento (Gtres)            <\/p>\n<p> Debajo, un top claro aporta contraste y luz, rompiendo la densidad crom\u00e1tica del marr\u00f3n y recordando que los looks monocrom\u00e1ticos tambi\u00e9n funcionan cuando incluyen peque\u00f1os respiros visuales. <\/p>\n<p>            Detalles que hablan sin gritar           <\/p>\n<p> Uno de los elementos m\u00e1s atractivos del estilismo es su discreci\u00f3n. La melena suelta, natural y ligeramente ondulada aporta frescura y refuerza ese equilibrio entre naturalidad y cercan\u00eda. <strong>No hay exageraciones ni elementos decorativos superfluos:<\/strong> lo que importa es el conjunto, la armon\u00eda suave de un look pensado para acompa\u00f1ar, no para dominar. <\/p>\n<p>                Xisca Perell\u00f3 (Gtres)            <\/p>\n<p> El <a href=\"https:\/\/www.vanitatis.elconfidencial.com\/estilo\/moda\/2025-10-05\/zapatos-mango-novedades-marron-chocolate-1qrt_4222226\/\" target=\"_self\" rel=\"nofollow noopener\">calzado<\/a>, en un tono tostado que se integra perfectamente con la gama chocolate del traje, demuestra otro principio estil\u00edstico de la mujer de Rafa Nadal: la coherencia por encima del impacto. Los zapatos con punta redondeada y tac\u00f3n moderado no solo suman comodidad \u2014indispensable para un acto largo\u2014 sino que contin\u00faan la est\u00e9tica c\u00e1lida y org\u00e1nica que define su elecci\u00f3n crom\u00e1tica. <\/p>\n<p>                Un oto\u00f1o que apuesta por lo esencial           <\/p>\n<p> La elecci\u00f3n de este look para un acto institucional subraya lo que ya es caracter\u00edstico en Mery Perell\u00f3: su forma de vestir acompa\u00f1a su manera de estar en el mundo. Es discreta, s\u00f3lida y sin necesidad de artificios para transmitir seguridad. El chocolate, lejos de ser un <a href=\"https:\/\/www.vanitatis.elconfidencial.com\/estilo\/moda\/2024-12-11\/zara-vestido-novedades-mocha-mousse-color-2025_4020788\/\" target=\"_self\" rel=\"nofollow noopener\">color de moda<\/a> pasajera, se convierte as\u00ed en una met\u00e1fora de su estilo. <\/p>\n<p> El marr\u00f3n, adem\u00e1s, se ha convertido en uno de los tonos estrella de la temporada por su capacidad para sustituir al negro sin perder sofisticaci\u00f3n. Aporta calidez al rostro, <strong>combina con pr\u00e1cticamente cualquier accesorio y encaja tanto en contextos formales como en otros m\u00e1s relajados<\/strong>. En su caso, no es solo tendencia: es un lenguaje visual coherente con su identidad. <\/p>\n<p> Este oto\u00f1o, la mallorquina confirma que las tendencias no se siguen, se interpretan. Y que cuando un color encaja con tu esencia, puede convertirse en tu mejor aliado. En su caso, el chocolate sabe \u2014y luce\u2014 especialmente bien. <\/p>\n<p> Cuando llega el oto\u00f1o y los tonos c\u00e1lidos empiezan a reclamar su espacio en el armario, Mery Perell\u00f3 suele demostrar que la elegancia no necesita estridencias, solo coherencia, confort y una paleta bien elegida. En su \u00faltima aparici\u00f3n p\u00fablica como presidenta del 10\u00ba aniversario del proyecto \u201cEducaci\u00f3n y Deporte\u201d y de la construcci\u00f3n del primer centro Fundaci\u00f3n Rafa Nadal en Palma de Mallorca, lo volvi\u00f3 a dejar claro: <strong>el <\/strong><a href=\"https:\/\/www.vanitatis.elconfidencial.com\/estilo\/moda\/2025-11-24\/mocasines-zara-marron-chocolate-lista-deseos-navidad-1qrt_4253360\/\" target=\"_self\" rel=\"nofollow noopener\"><strong>chocolate<\/strong><\/a><strong> es el nuevo lenguaje de su estilo.<\/strong> <\/p>\n","protected":false},"excerpt":{"rendered":"Cuando llega el oto\u00f1o y los tonos c\u00e1lidos empiezan a reclamar su espacio en el armario, Mery Perell\u00f3&hellip;\n","protected":false},"author":2,"featured_media":273220,"comment_status":"","ping_status":"","sticky":false,"template":"","format":"standard","meta":{"footnotes":""},"categories":[174],"tags":[255,146,147,25,24,256,23],"class_list":{"0":"post-273219","1":"post","2":"type-post","3":"status-publish","4":"format-standard","5":"has-post-thumbnail","7":"category-famosos","8":"tag-celebrities","9":"tag-entertainment","10":"tag-entretenimiento","11":"tag-es","12":"tag-espana","13":"tag-famosos","14":"tag-spain"},"share_on_mastodon":{"url":"https:\/\/pubeurope.com\/@es\/115669162507854519","error":""},"_links":{"self":[{"href":"https:\/\/www.europesays.com\/es\/wp-json\/wp\/v2\/posts\/273219","targetHints":{"allow":["GET"]}}],"collection":[{"href":"https:\/\/www.europesays.com\/es\/wp-json\/wp\/v2\/posts"}],"about":[{"href":"https:\/\/www.europesays.com\/es\/wp-json\/wp\/v2\/types\/post"}],"author":[{"embeddable":true,"href":"https:\/\/www.europesays.com\/es\/wp-json\/wp\/v2\/users\/2"}],"replies":[{"embeddable":true,"href":"https:\/\/www.europesays.com\/es\/wp-json\/wp\/v2\/comments?post=273219"}],"version-history":[{"count":0,"href":"https:\/\/www.europesays.com\/es\/wp-json\/wp\/v2\/posts\/273219\/revisions"}],"wp:featuredmedia":[{"embeddable":true,"href":"https:\/\/www.europesays.com\/es\/wp-json\/wp\/v2\/media\/273220"}],"wp:attachment":[{"href":"https:\/\/www.europesays.com\/es\/wp-json\/wp\/v2\/media?parent=273219"}],"wp:term":[{"taxonomy":"category","embeddable":true,"href":"https:\/\/www.europesays.com\/es\/wp-json\/wp\/v2\/categories?post=273219"},{"taxonomy":"post_tag","embeddable":true,"href":"https:\/\/www.europesays.com\/es\/wp-json\/wp\/v2\/tags?post=273219"}],"curies":[{"name":"wp","href":"https:\/\/api.w.org\/{rel}","templated":true}]}}