{"id":273241,"date":"2025-12-05T22:08:22","date_gmt":"2025-12-05T22:08:22","guid":{"rendered":"https:\/\/www.europesays.com\/es\/273241\/"},"modified":"2025-12-05T22:08:22","modified_gmt":"2025-12-05T22:08:22","slug":"la-euroliga-traslada-el-partido-entre-el-maccabi-y-el-valencia-basket-a-jerusalen","status":"publish","type":"post","link":"https:\/\/www.europesays.com\/es\/273241\/","title":{"rendered":"La Euroliga traslada el partido entre el Maccabi y el Valencia Basket a Jerusal\u00e9n"},"content":{"rendered":"<p><img fetchpriority=\"high\" class=\"v-a-img\" src=\"https:\/\/www.europesays.com\/es\/wp-content\/uploads\/2025\/12\/54946732606_619a470691_o-RzXKSnt2GTucszxPsC6192J-1200x840@Las Provincias.jpg\" loading=\"eager\" decoding=\"async\" alt=\"Taylor y Thompson se saludan durante un partido en el Roig Arena.\"  width=\"1200\" height=\"840\"\/><\/p>\n<p>Taylor y Thompson se saludan durante un partido en el Roig Arena.          miguel \u00e1ngel polo        <\/p>\n<p>Los taronja ser\u00e1n el primer equipo espa\u00f1ol en jugar en Israel tras la decisi\u00f3n del torneo de permitir el regreso de los partidos a territorio hebreo y lo har\u00e1, adem\u00e1s, a pocos kil\u00f3metros de la frontera de Cisjordania donde ha sido asesinadas 996 personas desde 2023 tal y como dicta un informe de la ONU<\/p>\n<p><a class=\"v-mdl-ath__fig-a\" href=\"https:\/\/www.lasprovincias.es\/autor\/juan-carlos-villena-478.html\" title=\"Juan Carlos Villena\" rel=\"nofollow noopener\" target=\"_blank\"><br \/>\n<img decoding=\"async\" class=\"v-mdl-ath__img\" src=\"https:\/\/www.europesays.com\/es\/wp-content\/uploads\/2025\/08\/autor-478-foto-2.jpeg\" alt=\"Juan Carlos Villena\"\/><br \/>\n<\/a><\/p>\n<p class=\"v-mdl-ath__p v-mdl-ath__p--6\">\nViernes, 5 de diciembre 2025, 16:59<\/p>\n<p class=\"v-p\">A una semana de la Navidad y en pleno coraz\u00f3n de tierra santa. Si no estuvi\u00e9ramos en el actual contexto, que sigue siendo el de  &#8230; un supuesto alto el fuego donde Israel sigue lanzando ataques a Gaza, ser\u00eda un escenario perfecto para que al Valencia Basket le acompa\u00f1aran muchos aficionados en su avi\u00f3n. Como ha ocurrido en el pasado. No ser\u00e1 el caso. La Euroliga obligar\u00e1 a los equipos a viajar a Israel, tras la decisi\u00f3n de permitir el regreso a territorio hebrero de los partidos de la competici\u00f3n, y el primer equipo espa\u00f1ol en viajar a territorio israel\u00ed ser\u00e1 el propio Valencia Basket para jugar el partido contra el Maccabi el jueves 18 de diciembre. Ya de por s\u00ed, la noticia cre\u00f3 preocupaci\u00f3n en el club. Ahora, adem\u00e1s, la presi\u00f3n ser\u00e1 mayor puesto que el partido no se jugar\u00e1 en Tel Aviv sino en Jerusal\u00e9n. <\/p>\n<p><a href=\"http:\/\/www.lasprovincias.es\/deportes\/valencia-bc\/partidos-baloncesto-equipos-israel-solo-juegan-puerta-20251117191700-nt.html#vtm_modulosEngag=mod-rel:deportes:noticia:1:cmp:1-not\" class=\"v-a-link\" aria-label=\"Imagen\" rel=\"nofollow noopener\" target=\"_blank\"><\/p>\n<p><img decoding=\"async\" loading=\"lazy\" src=\"https:\/\/www.europesays.com\/es\/wp-content\/uploads\/2025\/12\/54857626319_d382574a80_o-U86642087638pBd-366x256@Las Provincias.jpg\" class=\"v-a-img\" width=\"258\" height=\"180\" alt=\"\" data-voc-vtm-id=\"in-text-traffic\"\/><\/p>\n<p><\/a><\/p>\n<p class=\"v-p\">El Maccabi solicit\u00f3 el cambio de pabell\u00f3n y, con la decisi\u00f3n de abrir Israel a los partidos, se tramit\u00f3 como se hace siempre. Es decir, autorizando el cambio. Con la opci\u00f3n descartada de jugar en el pabell\u00f3n del eterno rival, el Hapoel Tel Aviv, el partido se ha traslado al Pais Arena de Jerusal\u00e9n. Un recinto para 11.000 espectadores que se abri\u00f3 en 2014. El problema, volvemos al contexto, es que esta decisi\u00f3n ha aumentado la inquietud de ese viaje. Jerusal\u00e9n est\u00e1 pegada a la frontera de Cisjordania, en s\u00f3lo unos kil\u00f3metros se llega al paso fronterizo para poder desplazarse por ejemplo a la ciudad santa de Bel\u00e9n (que se encuentra en territorio palestino) con lo que el dato objetivo es que el Valencia Basket ser\u00e1 obligado no s\u00f3lo a jugar en Israel sino a hacerlo mucho m\u00e1s cerca del foco del conflicto. Aunque toda la atenci\u00f3n de la comunidad internacional ha estado en Gaza, un reciente informe de la Oficina de Asuntos Humanitarios de la ONU (OCHA) se\u00f1al\u00f3 que al menos 996 palestinos han sido asesinados por fuego israel\u00ed en Cisjordania, incluyendo Jerusal\u00e9n Este, desde el 7 de octubre de 2023. Ser\u00e1 por tanto el desplazamiento de la entidad valenciana a Jerusal\u00e9n, donde ha disputado en el pasado partidos contra el Hapoel incluyendo la semifinal de la Eurocup de 2017, con el clima m\u00e1s tenso que nunca ha vivido en uno de esos viajes. La Euroliga sigue asegurando a d\u00eda de hoy que no vislumbra ning\u00fan problema para que se disputen all\u00ed los partidos. <\/p>\n<p class=\"v-crt__t\"> L\u00edmite de sesiones alcanzadas<\/p>\n<p class=\"v-crt__p\">El acceso al contenido Premium est\u00e1 abierto por cortes\u00eda del establecimiento donde te encuentras, pero ahora mismo hay demasiados usuarios conectados a las vez.<\/p>\n<p class=\"v-crt__p\">Por favor, int\u00e9ntalo pasados unos minutos.<\/p>\n<p>\nVolver a intentar\n<\/p>\n<p class=\"v-crt__t\">Sesi\u00f3n cerrada<\/p>\n<p class=\"v-crt__p\">Al iniciar sesi\u00f3n desde un dispositivo distinto, por seguridad, se cerr\u00f3 la \u00faltima sesi\u00f3n en este.<\/p>\n<p class=\"v-crt__p\">Para continuar disfrutando de su suscripci\u00f3n digital, inicie sesi\u00f3n en este dispositivo.<\/p>\n<p>\nEste contenido es exclusivo para suscriptores\n<\/p>\n<p class=\"text\">\u00bfTienes una suscripci\u00f3n? <a href=\"https:\/\/secure.lasprovincias.es\/identidad\/inicio#vca=suscribete&amp;vso=lasprovincias&amp;vmc=on&amp;vli=cdn-ce-link-login\" class=\"login\" data-voc-vtm-id=\"comienzoSuscripcionON\" data-voc-vtm-info=\"cdn-ce-link-login\" rel=\"nofollow noopener\" target=\"_blank\">Inicia sesi\u00f3n<\/a><\/p>\n<p>Reporta un error<\/p>\n","protected":false},"excerpt":{"rendered":"Taylor y Thompson se saludan durante un partido en el Roig Arena. miguel \u00e1ngel polo Los taronja ser\u00e1n&hellip;\n","protected":false},"author":2,"featured_media":273242,"comment_status":"","ping_status":"","sticky":false,"template":"","format":"standard","meta":{"footnotes":""},"categories":[269],"tags":[299,1918,298,168,25,24,833,13860,15139,1045,23,167,13200,235],"class_list":{"0":"post-273241","1":"post","2":"type-post","3":"status-publish","4":"format-standard","5":"has-post-thumbnail","7":"category-baloncesto","8":"tag-baloncesto","9":"tag-basket","10":"tag-basketball","11":"tag-deportes","12":"tag-es","13":"tag-espana","14":"tag-euroliga","15":"tag-jerusalen","16":"tag-maccabi","17":"tag-partido","18":"tag-spain","19":"tag-sports","20":"tag-traslada","21":"tag-valencia"},"share_on_mastodon":{"url":"https:\/\/pubeurope.com\/@es\/115669245247971130","error":""},"_links":{"self":[{"href":"https:\/\/www.europesays.com\/es\/wp-json\/wp\/v2\/posts\/273241","targetHints":{"allow":["GET"]}}],"collection":[{"href":"https:\/\/www.europesays.com\/es\/wp-json\/wp\/v2\/posts"}],"about":[{"href":"https:\/\/www.europesays.com\/es\/wp-json\/wp\/v2\/types\/post"}],"author":[{"embeddable":true,"href":"https:\/\/www.europesays.com\/es\/wp-json\/wp\/v2\/users\/2"}],"replies":[{"embeddable":true,"href":"https:\/\/www.europesays.com\/es\/wp-json\/wp\/v2\/comments?post=273241"}],"version-history":[{"count":0,"href":"https:\/\/www.europesays.com\/es\/wp-json\/wp\/v2\/posts\/273241\/revisions"}],"wp:featuredmedia":[{"embeddable":true,"href":"https:\/\/www.europesays.com\/es\/wp-json\/wp\/v2\/media\/273242"}],"wp:attachment":[{"href":"https:\/\/www.europesays.com\/es\/wp-json\/wp\/v2\/media?parent=273241"}],"wp:term":[{"taxonomy":"category","embeddable":true,"href":"https:\/\/www.europesays.com\/es\/wp-json\/wp\/v2\/categories?post=273241"},{"taxonomy":"post_tag","embeddable":true,"href":"https:\/\/www.europesays.com\/es\/wp-json\/wp\/v2\/tags?post=273241"}],"curies":[{"name":"wp","href":"https:\/\/api.w.org\/{rel}","templated":true}]}}