{"id":273251,"date":"2025-12-05T22:14:10","date_gmt":"2025-12-05T22:14:10","guid":{"rendered":"https:\/\/www.europesays.com\/es\/273251\/"},"modified":"2025-12-05T22:14:10","modified_gmt":"2025-12-05T22:14:10","slug":"mago-de-oz-anuncia-las-primeras-16-fechas-de-su-gira-de-presentacion-de-malicia-la-noche-de-las-brujas-mariskalrock-com","status":"publish","type":"post","link":"https:\/\/www.europesays.com\/es\/273251\/","title":{"rendered":"M\u00e4go de Oz anuncia las primeras 16 fechas de su gira de presentaci\u00f3n de \u201cMalicia: La noche de las brujas\u201d &#8211; MariskalRock.com"},"content":{"rendered":"<ol>\n<li><a href=\"https:\/\/news.google.com\/rss\/articles\/CBMi1gFBVV95cUxONHB0NmJpZEJOU1IxS0N6bHJQeFlidXhRbGxpX3BPRXZsNDItN2N2NmdXRGpyRlk5MjdtOU8yR0oyVFNjeFQtQW51TmtSZTUtelVHNnVxOVhtT0kwRDdCR2kwWHRpY25VLUU3Nk81a3RORmlWclQwRWNrVnNSbl91SFE3aDlpQ0M1ZW9FSGtPN09DbTVUQndoSjhIdXZSUjRrdnAxZ25jZ3JrQ3NkcEpyQzNaRDVBbm1tSVFuRHdXa1dyWllEWHFGUjhpeC0tckZjc1I0S0p3?oc=5\" target=\"_blank\" rel=\"nofollow noopener\">M\u00e4go de Oz anuncia las primeras 16 fechas de su gira de presentaci\u00f3n de \u201cMalicia: La noche de las brujas\u201d<\/a>&nbsp;&nbsp;MariskalRock.com<\/li>\n<li><a href=\"https:\/\/news.google.com\/rss\/articles\/CBMikAFBVV95cUxPaWs4Uk1MbEJBeWEtNndKbF83eElseG94N1BWcXpkQ2htTWpuS0Rna2NMWC1UeUZJMEJIUzRyU2JiMGtyUGlobWZPV0Q5NzFQVm9SRW9qaTVsYndxbmJ4cnFyUE94YnVBVFpldUlNWHJRaU9obVNQUjRRY08tT0d3Szg5OGVKbkNodTJRWUlwSko?oc=5\" target=\"_blank\" rel=\"nofollow noopener\">MAGO DE OZ: Nuevo \u00e9xito en M\u00e9xico y pr\u00f3ximas fechas.<\/a>&nbsp;&nbsp;rafabasa.com<\/li>\n<li><a href=\"https:\/\/news.google.com\/rss\/articles\/CBMijwFBVV95cUxQNDJjWXdxTGhXcFBVc2Zpbnh0QjFrQmREbWtZaW5tcTg5MnJjWVZ6ZjItTm0xYVBjN3ptVkRwZnpGanUxVkxMck5aUEVWemQ3VVVHUzg3YjdPQ3JHaENNSTBEbXExSzJTRzZtN2VaMlR2NWU1aGt1ZkFlajRBc01qTUxPNGxkVjE0MjQ3Rzcxd9IBlwFBVV95cUxQZE1HbkJNZUNoTzk3SjFiVVRaUUdpZnRKTktheHBfcGZ5TG9HU3FBeHJnc2oyUXMtMk53Y0dvVHNLY2hHQ2ZrWnJkeEtKTF9XcGNtSVRhRDUycU1GR1hjWkQ0VzM2Q3VPaEhyMFpJMVFLUkdoT0l4VGtURGh0UVE4RWNYczVhRy1lRjM3VlpjTEplajFYRW53?oc=5\" target=\"_blank\" rel=\"nofollow noopener\">M\u00c4GO DE OZ triunfan en M\u00e9xico con dos conciertos multitudinarios<\/a>&nbsp;&nbsp;Metalcry.com<\/li>\n<li><a href=\"https:\/\/news.google.com\/rss\/articles\/CBMilgJBVV95cUxQUm85YUxrVS0xdXJDQU5ld3pSWjNQRk03eDlsd0lxSkVpMTBEc3RrWnh4ZVdoRWJ1aHFpTGhYNmctUDdrRTRydGZlVWNXbDZ5SlFwSVZiam5iVTk2N3VUM3hCMzMyODRzR3c3d2R2TWdfNHY1akRYUjlfbFgyZklRR0NuVzB4cmpaa2J3VTQ4Z1VTeEZrQkpnMzJmQWpHNHpkekt1Qk45ak4xVUR6dmlJekNORlR6STY4MU9zQWdEZHpGZWVaZ3pqYlhueGVPc3cyRExkMlFiRUxtSk5MT2Q0WHA3VlI2a09WVFNsNGp5M0FWdDBZYms3cTZFaWkwVjZwV29CQkJIZTdCMjFkNXhWTm40a29ZZ9IBsAJBVV95cUxPWEFYb0ZzbHlROTY1S3VRaVhick1IRzduLUhGRXFqZTJUbUY4N1BBX0pWNEV6VzRzUGpMOHpDV0FKZnM0SXZlWWVab2JoSExaN0dXX05oUFByTkxWMmVMMTVNY3lKYTVBVUEyZkF1LWxmMndrVFZZUkEyazJNSXhZOF9EemZWVVV1RW1aSm84RWpGekpUNXVneTdaZjU2Q0hodDlCOXIwdFhjSnEtQnlmVVFiU1VmaWUweTRubWlEYklDcmhGbEdEcy10Ym9nYXl0dks2VjJaMEltRUxmSzVaWkdYT0pfZjlXRTQtenZ6MlRCN1FiaHYtZG5pU1ZqLWhONXZMMXJLLXBJY0ZuZllMdUZFc0NfWDdXTGN2V3RoYXU3dFJkZTFtalc0aktDMjR5?oc=5\" target=\"_blank\" rel=\"nofollow noopener\">M\u00e4go de Oz confirma conciertos en Hermosillo, Tijuana y Mexicali en 2026 con su gira \u201cLa Noche de las Brujas\u201d: fechas y precios de boletos<\/a>&nbsp;&nbsp;El Imparcial<\/li>\n<li><a href=\"https:\/\/news.google.com\/rss\/articles\/CBMi6wFBVV95cUxPZmZ6VWw2X21Pbkw2NGxBc2d5OE1Ra3FSYmc0b1FJdXBmWW52bVZJYjBGVDFOaTY5SllZd3pMTGJPeXJoeE1BT3p0cXNCeFFSVjFDRExjbGhHTVVvVVg5akZCQ3RWVFZnVlAzNTdZLVdDZ1prV01fb1ZVRkprejFrc1hxY0tkaTA0WUJobS0tWV92RUpOempPaTZDMWRLencxOFBXZXBHcmxqVG9kN1h1cGpaZ245MGNlbU5Ld24zQll0azF6a0M2UEtBUVIyOUV0YjVPOGNuSHZVV1BvX0tQQmJhd2VFRmxSY0Fj?oc=5\" target=\"_blank\" rel=\"nofollow noopener\">Mago de Oz anuncia su regreso a Hermosillo en 2026 con \u201cLa Noche de las Brujas\u201d: Fecha y costo de boletos<\/a>&nbsp;&nbsp;El Sol de M\u00e9xico<\/li>\n<\/ol>\n","protected":false},"excerpt":{"rendered":"M\u00e4go de Oz anuncia las primeras 16 fechas de su gira de presentaci\u00f3n de \u201cMalicia: La noche de&hellip;\n","protected":false},"author":2,"featured_media":273252,"comment_status":"","ping_status":"","sticky":false,"template":"","format":"standard","meta":{"footnotes":""},"categories":[170],"tags":[146,147,25,24,56800,66895,66896,4333,56801,4622,184,185,23,66897,66898],"class_list":{"0":"post-273251","1":"post","2":"type-post","3":"status-publish","4":"format-standard","5":"has-post-thumbnail","7":"category-musica","8":"tag-entertainment","9":"tag-entretenimiento","10":"tag-es","11":"tag-espana","12":"tag-la-noche-de-las-brujas","13":"tag-la-noche-de-las-brujas-tour-2026","14":"tag-leyendarian","15":"tag-mago-de-oz","16":"tag-malicia","17":"tag-mr2022","18":"tag-music","19":"tag-musica","20":"tag-spain","21":"tag-transilvania","22":"tag-txus-di-fellatio"},"share_on_mastodon":{"url":"https:\/\/pubeurope.com\/@es\/115669268340320964","error":""},"_links":{"self":[{"href":"https:\/\/www.europesays.com\/es\/wp-json\/wp\/v2\/posts\/273251","targetHints":{"allow":["GET"]}}],"collection":[{"href":"https:\/\/www.europesays.com\/es\/wp-json\/wp\/v2\/posts"}],"about":[{"href":"https:\/\/www.europesays.com\/es\/wp-json\/wp\/v2\/types\/post"}],"author":[{"embeddable":true,"href":"https:\/\/www.europesays.com\/es\/wp-json\/wp\/v2\/users\/2"}],"replies":[{"embeddable":true,"href":"https:\/\/www.europesays.com\/es\/wp-json\/wp\/v2\/comments?post=273251"}],"version-history":[{"count":0,"href":"https:\/\/www.europesays.com\/es\/wp-json\/wp\/v2\/posts\/273251\/revisions"}],"wp:featuredmedia":[{"embeddable":true,"href":"https:\/\/www.europesays.com\/es\/wp-json\/wp\/v2\/media\/273252"}],"wp:attachment":[{"href":"https:\/\/www.europesays.com\/es\/wp-json\/wp\/v2\/media?parent=273251"}],"wp:term":[{"taxonomy":"category","embeddable":true,"href":"https:\/\/www.europesays.com\/es\/wp-json\/wp\/v2\/categories?post=273251"},{"taxonomy":"post_tag","embeddable":true,"href":"https:\/\/www.europesays.com\/es\/wp-json\/wp\/v2\/tags?post=273251"}],"curies":[{"name":"wp","href":"https:\/\/api.w.org\/{rel}","templated":true}]}}