{"id":273253,"date":"2025-12-05T22:15:12","date_gmt":"2025-12-05T22:15:12","guid":{"rendered":"https:\/\/www.europesays.com\/es\/273253\/"},"modified":"2025-12-05T22:15:12","modified_gmt":"2025-12-05T22:15:12","slug":"la-pelicula-de-peaky-blinders-ya-tiene-fecha-de-estreno-titulo-oficial-y-primer-poster-tommy-shelby-es-inmortal","status":"publish","type":"post","link":"https:\/\/www.europesays.com\/es\/273253\/","title":{"rendered":"La pel\u00edcula de \u2018Peaky Blinders\u2019 ya tiene fecha de estreno, t\u00edtulo oficial y primer p\u00f3ster: Tommy Shelby es inmortal"},"content":{"rendered":"<p class=\"\">La historia de Tommy Shelby y compa\u00f1\u00eda continuar\u00e1 en \u2018<b>Peaky Blinders: El Hombre Inmortal<\/b>\u2019, la primera pel\u00edcula de la serie, que se estrenar\u00e1 en cines el<b> 6 de marzo de 2026<\/b>. As\u00ed lo ha confirmado <a href=\"https:\/\/x.com\/NetflixES\/status\/1996957739826790621\" target=\"_blank\" rel=\"noreferrer nofollow\" title=\"https:\/\/x.com\/NetflixES\/status\/1996957739826790621\"><b>Netflix<\/b><\/a><b> <\/b>esta misma tarde a trav\u00e9s de sus canales oficiales, donde adem\u00e1s de confirmar el t\u00edtulo definitivo de la cinta, se comparti\u00f3 el primer p\u00f3ster promocional. En \u00e9l vemos a Thomas Shelby a caballo y lleno de heridas, pero con una postura de lo m\u00e1s estoica.<\/p>\n<p class=\"\">Despu\u00e9s de su debut en cines, la pel\u00edcula de \u2018Peaky Blinders\u2019 <b>se sumar\u00e1 al cat\u00e1logo de Netflix el 20 de marzo<\/b> de ese mismo a\u00f1o. De esta forma, todos los fans conocer\u00e1n qu\u00e9 pasar\u00e1 con Tommy Shelby despu\u00e9s del final de la serie, que se emiti\u00f3 hace cuatro largos a\u00f1os y termin\u00f3 con un gran cliffhanger.<\/p>\n<p><img decoding=\"async\" src=\"https:\/\/www.europesays.com\/es\/wp-content\/uploads\/2025\/12\/EYOILSSQZJDFLE6SO3BCZ2DAWI.jpg\" alt=\"La pel\u00edcula de \u2018Peaky Blinders\u2019 ya tiene fecha de estreno, t\u00edtulo oficial y primer p\u00f3ster: Tommy Shelby es inmortal\" height=\"1350\" width=\"1080\"   loading=\"lazy\"\/><b>\u00bfEl final de \u2018Peaky Blinders\u2019?<\/b><\/p>\n<p class=\"\">Este largometraje nos llevar\u00e1 hasta la Segunda Guerra Mundial, en un momento en el que<b> Thomas Shelby regresa a una Birmingham desolada por los bombardeos alemanes<\/b>. Mientras los fantasmas de su pasado contin\u00faan persigui\u00e9ndolo, tambi\u00e9n deber\u00e1 participar en misiones secretas y lidiar con nuevas amenazas. Tom Harper y Steven Knight, dos de los principales responsables de la serie original lideran el proyecto junto a un reparto lleno de <b>fichajes estrella, como Rebecca Ferguson (\u2019Dune\u2019) y Barry Keoghan<\/b> (\u2019The Batman\u2019).<\/p>\n<p class=\"\">No obstante, \u2018Peaky Blinders: El Hombre Inmortal\u2019 no pondr\u00e1 fin a la historia de los Shelby. Ya est\u00e1 confirmado que<b> en el futuro <\/b><a href=\"https:\/\/as.com\/meristation\/series\/peaky-blinders-tendra-secuela-steven-knight-ya-esta-escribiendo-una-nueva-temporada-n\/\" target=\"_blank\" rel=\"noreferrer nofollow noopener\" title=\"https:\/\/as.com\/meristation\/series\/peaky-blinders-tendra-secuela-steven-knight-ya-esta-escribiendo-una-nueva-temporada-n\/\"><b>se har\u00e1 una serie secuela<\/b><\/a><b> <\/b>en la que Cillian Murphy, el actor que interpreta al protagonista, estar\u00e1 muy involucrado.<\/p>\n<p>Noticias relacionadas<\/p>\n<p class=\"\">Suscr\u00edbete al <a href=\"https:\/\/www.youtube.com\/@meristation\" target=\"_self\" rel=\"nofollow noopener\" title=\"https:\/\/www.youtube.com\/@meristation\">canal de MeriStation en YouTube<\/a>, tu web de videojuegos y entretenimiento para conocer todas las noticias y novedades sobre el mundo del videojuego, cine, series, manga y anime. An\u00e1lisis, entrevistas, tr\u00e1ileres, gameplays, p\u00f3dcast y mucho m\u00e1s. Tambi\u00e9n te animamos a seguir <a href=\"https:\/\/www.tiktok.com\/@meristation\" rel=\"nofollow noopener\" title=\"https:\/\/www.tiktok.com\/@meristation\" target=\"_blank\">nuestra cuenta de TikTok<\/a>. <\/p>\n<p class=\"\">\u00a1S\u00edguenos en ambas y, si est\u00e1s interesado en licenciar este contenido, pincha <a href=\"https:\/\/profesional.elpais.com\/soluciones-sindicacion?utm_medium=interno&amp;utm_source=crosslinking&amp;utm_campaign=sindicacion_as_pie_articulos\" target=\"_blank\" rel=\"nofollow noopener\" title=\"https:\/\/profesional.elpais.com\/soluciones-sindicacion?utm_medium=interno&amp;utm_source=crosslinking&amp;utm_campaign=sindicacion_as_pie_articulos\">aqu\u00ed<\/a>!<\/p>\n<p><script async src=\"\/\/www.tiktok.com\/embed.js\"><\/script><\/p>\n","protected":false},"excerpt":{"rendered":"La historia de Tommy Shelby y compa\u00f1\u00eda continuar\u00e1 en \u2018Peaky Blinders: El Hombre Inmortal\u2019, la primera pel\u00edcula de&hellip;\n","protected":false},"author":2,"featured_media":273254,"comment_status":"","ping_status":"","sticky":false,"template":"","format":"standard","meta":{"footnotes":""},"categories":[169],"tags":[177,146,147,25,24,176,175,23],"class_list":{"0":"post-273253","1":"post","2":"type-post","3":"status-publish","4":"format-standard","5":"has-post-thumbnail","7":"category-cine","8":"tag-cine","9":"tag-entertainment","10":"tag-entretenimiento","11":"tag-es","12":"tag-espana","13":"tag-film","14":"tag-movies","15":"tag-spain"},"share_on_mastodon":{"url":"https:\/\/pubeurope.com\/@es\/115669272690847547","error":""},"_links":{"self":[{"href":"https:\/\/www.europesays.com\/es\/wp-json\/wp\/v2\/posts\/273253","targetHints":{"allow":["GET"]}}],"collection":[{"href":"https:\/\/www.europesays.com\/es\/wp-json\/wp\/v2\/posts"}],"about":[{"href":"https:\/\/www.europesays.com\/es\/wp-json\/wp\/v2\/types\/post"}],"author":[{"embeddable":true,"href":"https:\/\/www.europesays.com\/es\/wp-json\/wp\/v2\/users\/2"}],"replies":[{"embeddable":true,"href":"https:\/\/www.europesays.com\/es\/wp-json\/wp\/v2\/comments?post=273253"}],"version-history":[{"count":0,"href":"https:\/\/www.europesays.com\/es\/wp-json\/wp\/v2\/posts\/273253\/revisions"}],"wp:featuredmedia":[{"embeddable":true,"href":"https:\/\/www.europesays.com\/es\/wp-json\/wp\/v2\/media\/273254"}],"wp:attachment":[{"href":"https:\/\/www.europesays.com\/es\/wp-json\/wp\/v2\/media?parent=273253"}],"wp:term":[{"taxonomy":"category","embeddable":true,"href":"https:\/\/www.europesays.com\/es\/wp-json\/wp\/v2\/categories?post=273253"},{"taxonomy":"post_tag","embeddable":true,"href":"https:\/\/www.europesays.com\/es\/wp-json\/wp\/v2\/tags?post=273253"}],"curies":[{"name":"wp","href":"https:\/\/api.w.org\/{rel}","templated":true}]}}