{"id":273270,"date":"2025-12-05T22:33:08","date_gmt":"2025-12-05T22:33:08","guid":{"rendered":"https:\/\/www.europesays.com\/es\/273270\/"},"modified":"2025-12-05T22:33:08","modified_gmt":"2025-12-05T22:33:08","slug":"borja-jimenez-aclara-el-once-y-destaca-a-queipo-en-este-nivel-si-nos-puede-aportar","status":"publish","type":"post","link":"https:\/\/www.europesays.com\/es\/273270\/","title":{"rendered":"Borja Jim\u00e9nez aclara el once y destaca a Queipo: \u00abEn este nivel s\u00ed nos puede aportar\u00bb"},"content":{"rendered":"<p>La sala de prensa de la Escuela de F\u00fatbol de Mareo mut\u00f3 por la de Areitio. En el b\u00fanker de la SD Eibar ha preparado el <strong>Sporting de Gij\u00f3n<\/strong> el choque de este s\u00e1bado ante <strong>la Real Sociedad B<\/strong>. <strong>Borja Jim\u00e9nez <\/strong>ha aprovechado los d\u00edas en el Pa\u00eds Vasco para ahorrar desplazamientos y realizar un ejercicio de pi\u00f1a con su plantilla antes de encarar el cierre de 2025. Ambicioso el entrenador del Sporting, solo se ir\u00eda satisfecho a las vacaciones con nueve puntos m\u00e1s, Borja Jim\u00e9nez desgran\u00f3 en la previa el duelo ante el filial donostiarra. Mucho nombre propio, valor a Queipo a las puertas del mercado de fichajes y respeto al mejor local de la categor\u00eda. Esta fue la rueda de prensa de Borja Jim\u00e9nez.\u00a0<\/p>\n<p><strong>\u00bfC\u00f3mo est\u00e1 Gaspar?:<\/strong> \u00abEn principio est\u00e1 disponible, probablemente no para jugar 90 minutos, todav\u00eda quedan m\u00e1s de 24 horas para el partido, pero creemos que nos podr\u00e1 ayudar. A ver c\u00f3mo descansa hoy y en funci\u00f3n de eso decidiremos ma\u00f1ana si inicia o si no, iremos viendo. No afecta nada porque si no es Gaspar ser\u00e1 otro nombre que lo pueda hacer en la misma demarcaci\u00f3n\u00bb.\u00a0<\/p>\n<p><strong>Opciones para reemplazar a Gaspar<\/strong>: \u00abJustin, C\u00e9sar, Alex o Queipo, que el otro d\u00eda estuvo muy bien. Tenemos diferentes opciones para jugar ah\u00ed. Tambi\u00e9n est\u00e1 Oscar, es verdad que los que jugaron Copa tienen algo m\u00e1s de fatiga, pero s\u00ed, valoramos distintas opciones, un poco dentro de lo que es el plan de partido\u00bb.\u00a0<\/p>\n<p><strong>Curbelo<\/strong>: \u00abBien, tanto ayer como hoy ha entrenado con normalidad, estamos en \u00e9poca donde mucha gente acusa enfermedades y en principio estar\u00e1 disponible para ma\u00f1ana tambi\u00e9n\u00bb.\u00a0<\/p>\n<p><strong>\u00bfPor qu\u00e9 Justin de extremo?:<\/strong> \u00abLa diferencia es que te permite tener un centrocampista m\u00e1s o te permite tener un atacante m\u00e1s, independientemente de eso lo importante es que el equipo compita bien. Creo que el otro d\u00eda, tanto Dani la primera parte como luego C\u00e9sar la segunda, estuvieron muy bien en ese lado derecho, as\u00ed que sin ning\u00fan problema, la diferencia ser\u00e1 un poco el plan de partido\u00bb.\u00a0<\/p>\n<p><strong>\u00bfHa dado Queipo un paso adelante?<\/strong>: \u00abS\u00ed, la sensaci\u00f3n es positiva, lo hemos notado entrenando. Es verdad que el otro d\u00eda el partido que hace, tanto en Liga como los minutos de Copa son buenos y lo habl\u00e1bamos tambi\u00e9n. Al final depende mucho de niveles de confianza que tengan los futbolistas, \u00e9l ahora se encuentra mucho mejor que hace algunas semanas y eso es importante\u00bb.\u00a0<\/p>\n<p><strong>\u00bfSe le cierra la puerta de salida a Queipo?<\/strong>: \u00abLas puertas de entrar o de salir en este mercado est\u00e1n abiertas y cerradas para todo el mundo. No es solo una decisi\u00f3n del entrenador, ni del propio futbolista, ni de los clubes. Cuando llegue el momento de valorar las situaciones individuales de cada uno de los que est\u00e1n aqu\u00ed, lo haremos. No creo que sea el momento. Ahora Dani viene de hacer un muy buen partido y lo que queremos es que siga en el nivel que est\u00e1 ahora, porque en este nivel s\u00ed que nos puede aportar muchas cosas\u00bb.\u00a0<\/p>\n<p><strong>Cambio de mentalidad tras ganar<\/strong>: \u00abAl final poder ganar, independientemente con los jugadores que lo hagas, es positivo. Entrenamos con ellos en el d\u00eda a d\u00eda, sabemos muy bien lo que nos puede dar cada uno. Lo dije en la previa, tambi\u00e9n es para reivindicarse muchas veces y en ese aspecto estamos contentos, independientemente de c\u00f3mo fuera el resultado del otro d\u00eda, estamos contentos con lo que tenemos. Sab\u00edamos lo que hab\u00eda cuando vinimos y hay que sacarles el m\u00e1ximo rendimiento\u00bb.\u00a0<\/p>\n<p><strong>El paso adelante del filial:<\/strong> \u00abSe nos hab\u00eda juntado el partido de Copa entre semana con algunas lesiones, \u00edbamos m\u00e1s justos en ese aspecto. La plantilla es como cualquier otra, los no profesionales no dejan de ser chicos del filial, tanto \u00c1lex, como Manu, como Iker, que lo hizo de inicio. Los tres estuvieron muy bien, pero no cambia la visi\u00f3n ni antes ni despu\u00e9s del partido. Estamos contentos con lo que tenemos, hay que sacarle el m\u00e1ximo rendimiento y en eso estamos\u00bb.\u00a0<\/p>\n<p><strong>El 4-4-2:<\/strong> \u00abDesde mi llegada, que ten\u00edamos a todos los atacantes disponibles, hicimos 4-4-2, si no recuerdo mal, en Valladolid, en el inicio contra Zaragoza tambi\u00e9n, el otro d\u00eda en casa. Independientemente de qui\u00e9nes sean los nombres, es un poco la idea que tenemos de acumular atacantes en la \u00faltima l\u00ednea para ser verticales, para generar ocasiones de gol, como el otro d\u00eda. Da igual que jueguen delanteros m\u00e1s fijos o con movilidad, como puede ser Otero\u00bb.\u00a0<\/p>\n<p><strong>Juan Otero<\/strong>: \u00abEn principio sin ninguna molestia, pudo descansar en Copa, as\u00ed que ma\u00f1ana estar\u00e1 disponible al 100%\u00bb.\u00a0<\/p>\n<p><strong>La concentraci\u00f3n en Pa\u00eds Vasco:<\/strong> \u00abHemos cre\u00eddo que era lo mejor. Al final tendr\u00edamos que estar hoy otra vez viajando de camino aqu\u00ed. Nos ha permitido tambi\u00e9n hacer dos muy buenos entrenamientos en las instalaciones de Eibar, a los cuales quiero agradecerles la predisposici\u00f3n que han tenido en todo momento por facilitarnos estos d\u00edas sus instalaciones. Hemos estado muy c\u00f3modos. Ahora solo hay que rematar estos tres d\u00edas por el Pa\u00eds Vasco con una victoria ma\u00f1ana y volvernos para Asturias muy contentos\u00bb.\u00a0<\/p>\n<p><strong>La Real Sociedad B:<\/strong> \u00abNos enfrentamos al mejor local, esa es la realidad, est\u00e1 invicto, est\u00e1 haciendo las cosas muy bien en su casa y va a ser un partido muy dif\u00edcil, pero nosotros queremos, despu\u00e9s de Huesca y de Mirand\u00e9s, reivindicar que el volumen de ocasiones. La fuerza que tenemos en casa tenemos que mostrarla fuera tambi\u00e9n. Es un equipo parecido al que tuvimos la semana pasada en casa, que es muy din\u00e1mico, con futbolistas que ya est\u00e1n participando en Primera Divisi\u00f3n, teniendo minutos, como todos los filiales son equipos alegres, muy verticales, tanto sus extremos como sus interiores, es gente que te ataca mucho la \u00faltima l\u00ednea, tienen las cosas de los filiales que tambi\u00e9n pueden cometer errores, pues de juventud, en diferentes fases del juego. El mejor local en lo que va de competici\u00f3n y eso habla muy bien de ellos y de que ma\u00f1ana ser\u00e1 un partido dif\u00edcil\u00bb.\u00a0<\/p>\n<p><strong>\u00bfEn qu\u00e9 has insistido?<\/strong>: \u00abSeguimos insistiendo mucho en dar continuidad a lo que fue la segunda parte de Andorra, lo que fue la segunda parte de Eibar tambi\u00e9n. Que el equipo genere muchas acciones, ser verticales, acabar situaciones cercanas al \u00e1rea. Intentamos siempre exponer al rival a que tenga que defender mucho, sabiendo que eso tambi\u00e9n nos lleva a que nuestra defensa est\u00e9 un poco m\u00e1s abandonada en muchas situaciones de campo abierto. Es lo que queremos, creemos que es la se\u00f1a de identidad que tenemos que tener y en eso hemos trabajado\u00bb.\u00a0<\/p>\n<p><strong>\u00bfSensaci\u00f3n de jugar como local?:<\/strong> \u00abOjal\u00e1 que s\u00ed, yo creo que la Mareona siempre responde. Ser\u00e1 un aliciente m\u00e1s el poder darles una alegr\u00eda, que vuelvan contentos el s\u00e1bado por la noche en su regreso, que la gente hace un esfuerzo por acompa\u00f1ar al equipo y por estar aqu\u00ed. Estoy convencido de que se escuchar\u00e1 bastante m\u00e1s a nuestra gente\u00bb.\u00a0<\/p>\n<p><strong>Con nueve en juego, \u00bfqu\u00e9 te dejar\u00eda satisfecho para acabar el a\u00f1o?: <\/strong>\u00abSatisfecho ganando los tres que nos quedan, por c\u00f3mo soy yo, por cu\u00e1nto me gusta ganar, es la \u00fanica manera que entiendo esto. La realidad puede ser diferente, pero satisfecho me ir\u00eda si ganamos los tres\u00bb.\u00a0<\/p>\n","protected":false},"excerpt":{"rendered":"La sala de prensa de la Escuela de F\u00fatbol de Mareo mut\u00f3 por la de Areitio. En el&hellip;\n","protected":false},"author":2,"featured_media":273271,"comment_status":"","ping_status":"","sticky":false,"template":"","format":"standard","meta":{"footnotes":""},"categories":[268],"tags":[168,25,24,280,282,281,23,167],"class_list":{"0":"post-273270","1":"post","2":"type-post","3":"status-publish","4":"format-standard","5":"has-post-thumbnail","7":"category-futbol","8":"tag-deportes","9":"tag-es","10":"tag-espana","11":"tag-football","12":"tag-futbol","13":"tag-soccer","14":"tag-spain","15":"tag-sports"},"share_on_mastodon":{"url":"https:\/\/pubeurope.com\/@es\/115669343291266203","error":""},"_links":{"self":[{"href":"https:\/\/www.europesays.com\/es\/wp-json\/wp\/v2\/posts\/273270","targetHints":{"allow":["GET"]}}],"collection":[{"href":"https:\/\/www.europesays.com\/es\/wp-json\/wp\/v2\/posts"}],"about":[{"href":"https:\/\/www.europesays.com\/es\/wp-json\/wp\/v2\/types\/post"}],"author":[{"embeddable":true,"href":"https:\/\/www.europesays.com\/es\/wp-json\/wp\/v2\/users\/2"}],"replies":[{"embeddable":true,"href":"https:\/\/www.europesays.com\/es\/wp-json\/wp\/v2\/comments?post=273270"}],"version-history":[{"count":0,"href":"https:\/\/www.europesays.com\/es\/wp-json\/wp\/v2\/posts\/273270\/revisions"}],"wp:featuredmedia":[{"embeddable":true,"href":"https:\/\/www.europesays.com\/es\/wp-json\/wp\/v2\/media\/273271"}],"wp:attachment":[{"href":"https:\/\/www.europesays.com\/es\/wp-json\/wp\/v2\/media?parent=273270"}],"wp:term":[{"taxonomy":"category","embeddable":true,"href":"https:\/\/www.europesays.com\/es\/wp-json\/wp\/v2\/categories?post=273270"},{"taxonomy":"post_tag","embeddable":true,"href":"https:\/\/www.europesays.com\/es\/wp-json\/wp\/v2\/tags?post=273270"}],"curies":[{"name":"wp","href":"https:\/\/api.w.org\/{rel}","templated":true}]}}