{"id":273276,"date":"2025-12-05T22:37:10","date_gmt":"2025-12-05T22:37:10","guid":{"rendered":"https:\/\/www.europesays.com\/es\/273276\/"},"modified":"2025-12-05T22:37:10","modified_gmt":"2025-12-05T22:37:10","slug":"se-un-caballero-y-paga","status":"publish","type":"post","link":"https:\/\/www.europesays.com\/es\/273276\/","title":{"rendered":"\u00abSe un caballero y paga\u00bb"},"content":{"rendered":"<p style=\"\">Hasta la hora de tomar la decisi\u00f3n final nunca se sabe c\u00f3mo puede acabar <a href=\"https:\/\/www.abc.es\/play\/television\/noticias\/carlos-sobera-impactado-revelacion-soltero-sobre-llamativo-20251204214156-nt.html\" target=\"_self\" data-voc-vtm-id=\"in-text-traffic\" title=\"una cita en &#039;First Dates&#039;\" data-mrf-link=\"www.abc.es\" rel=\"nofollow noopener\">una cita en &#8216;First Dates&#8217;<\/a>. M\u00e1s de un &#8216;match&#8217; prometedor se ha arruinado en el momento de pagar la cuenta. El encuentro de <strong>Seraf\u00edn<\/strong> (60) y <strong>Magda<\/strong> (55)  &#8230; ya ven\u00eda tenso de serie, pero la &#8216;dolorosa&#8217; fue el detonante para que se marcharan a casa cada uno por su lado tras enzarzarse en una bronca monumental.<\/p>\n<p class=\"voc-p\" style=\"\"> Seraf\u00edn, funcionario jubilado de Le\u00f3n, lleg\u00f3 al restaurante de citas de<strong> Cuatro<\/strong> harto de no encontrar por s\u00ed mismo a la persona adecuada para formalizar una relaci\u00f3n. \u00abBusco la felicidad\u00bb, le comentaba a <strong>Carlos Sobera<\/strong>.<\/p>\n<p class=\"voc-p\" style=\"\">El &#8216;dating show&#8217; le prepar\u00f3 un encuentro con <strong>Magda<\/strong>, una artista pl\u00e1stica brasile\u00f1a afincada en Granada que buscaba un hombre &#8216;salvaje&#8217;. \u00abMe gustan los hombres altos, grandes, aquel que te da una empotrada buena\u00bb, apunt\u00f3 en los totales. <\/p>\n<p class=\"voc-p\" style=\"\">Ya la velada arranc\u00f3 con mal pie, sobre todo por la valoraci\u00f3n que el soltero realiz\u00f3 de la primera impresi\u00f3n que ella le caus\u00f3. Seg\u00fan \u00e9l, \u00abno entra en mi perfil porque se ve que es una mujer que no hace deporte de ning\u00fan tipo\u00bb. Magda lo consideraba algo bajito para su gusto, si bien valor\u00f3 positivamente que hubiese sido Polic\u00eda. <\/p>\n<p class=\"voc-p\" style=\"\">Una vez sentados a cenar, <strong>Seraf\u00edn<\/strong> le hablaba a su acompa\u00f1ante de lo mucho que adora el deporte, sobre todo montar en bici. Ella se llev\u00f3 la conversaci\u00f3n a su terreno averiguando si su cita es de los que acompa\u00f1an a sus parejas al cine. En ese momento, el leon\u00e9s catalog\u00f3 a su acompa\u00f1ante como una mujer \u00abdominadora\u00bb.<\/p>\n<p>\nLos cinco coches de Seraf\u00edn traen cola\n<\/p>\n<p class=\"voc-p\" style=\"\">La mala opini\u00f3n mutua no hizo m\u00e1s que empeorar. Cuanto m\u00e1s charlaban, peor se ca\u00edan. El siguiente desencuentro ocurri\u00f3 al preguntarle ella por el modelo de coche que ten\u00eda. \u00c9l revel\u00f3 que no tiene un autom\u00f3vil en casa, sino cinco, pero rehus\u00f3 darle m\u00e1s informaci\u00f3n. \u00abYo no me niego a responder a ninguna pregunta\u00bb, replic\u00f3 <strong>Magda<\/strong>. Al reproche de la brasile\u00f1a, su pretendieren la tild\u00f3 de pecar un poco de materialista. \u00abEs que me has dejado de piedra\u00bb, le espet\u00f3, asegurando que solo le interesaba conocer si colecciona coches antiguos. <\/p>\n<p class=\"voc-p\" style=\"\">Contra todo pron\u00f3stico, supieron encarrilar la conversaci\u00f3n, e incluso compartir alguna indirecta picante. Durante un rato incluso pareci\u00f3 factible que desearan seguir conoci\u00e9ndose. Pero esa remota posibilidad salt\u00f3 por los aires al terminar la cena. Seraf\u00edn propuso pagarla a medias, para disgusto de <strong>Magda<\/strong>. \u00abMe est\u00e1 preguntando si yo quiero pagar o no. \u00bfQu\u00e9 mujer quiere pagar una cuenta?\u00bb, aleg\u00f3 indignada ante el equipo. <\/p>\n<p class=\"voc-p\" style=\"\">A\u00fan a rega\u00f1adientes, aceptaba los deseos del jubilado. Y justo despu\u00e9s, volv\u00eda a cambiar de opini\u00f3n ech\u00e1ndole en cara que no quer\u00eda hacerlo. \u00abPienso que es bastante narcisista y que no sabe c\u00f3mo tratar a una mujer. No sabe c\u00f3mo tratar a una mujer. Todo esto por cuesti\u00f3n de 20 euros, pero si tienes cinco coches. T\u00fa no preguntes, se un caballero y paga\u2026\u00bb. \u00abYo lo soy siempre, no por pagar la cuenta\u00bb, se defend\u00eda \u00e9l. <\/p>\n<p class=\"voc-p\" style=\"\">La brasile\u00f1a se cabre\u00f3 de tal manera que tom\u00f3 una dr\u00e1stica decisi\u00f3n. \u00abVoy a ser diferente, guarda lo tuyo y yo lo voy a pagar todo. Eso no se pregunta, p\u00e1galo y ya est\u00e1, no es por el dinero, es por la actitud y la seducci\u00f3n\u00bb, aseveraba. Pero <strong>Seraf\u00edn<\/strong> se negaba a que ella abonase los 40 euros dela cena. \u00abT\u00fa dijiste que lo pag\u00e1bamos a medias y no puedes volver atr\u00e1s\u00bb, la contradec\u00eda. <\/p>\n<p class=\"voc-p\" style=\"\">Hab\u00edan alcanzado el punto de no retorno y despu\u00e9s de varios improperios m\u00e1s, se reencontraban para decidir si quer\u00edan o no una segunda cita. Ni siquiera entonces se pusieron de acuerdo. <strong>Magda<\/strong>, con mucha retranca, aceptaba arguyendo que \u00abme gustar\u00eda tener una segunda cita contigo para darte la oportunidad de ser mejor, de c\u00f3mo tratar a una mujer\u00bb. Algo a lo que <strong>Seraf\u00edn<\/strong> se negaba en rotundo. \u00abYo no tendr\u00eda una segunda cita contigo porque no veo el &#8216;feeling&#8217; correspondiente, tanto f\u00edsico como mental\u00bb.<\/p>\n","protected":false},"excerpt":{"rendered":"Hasta la hora de tomar la decisi\u00f3n final nunca se sabe c\u00f3mo puede acabar una cita en &#8216;First&hellip;\n","protected":false},"author":2,"featured_media":273277,"comment_status":"","ping_status":"","sticky":false,"template":"","format":"standard","meta":{"footnotes":""},"categories":[171],"tags":[15692,2196,16395,12292,1563,146,147,25,24,24575,4696,3556,26099,23,214],"class_list":{"0":"post-273276","1":"post","2":"type-post","3":"status-publish","4":"format-standard","5":"has-post-thumbnail","7":"category-tv","8":"tag-caballero","9":"tag-cuenta","10":"tag-culpa","11":"tag-discusion","12":"tag-dos","13":"tag-entertainment","14":"tag-entretenimiento","15":"tag-es","16":"tag-espana","17":"tag-monumental","18":"tag-paga","19":"tag-protagonizan","20":"tag-solteros","21":"tag-spain","22":"tag-tv"},"share_on_mastodon":{"url":"","error":""},"_links":{"self":[{"href":"https:\/\/www.europesays.com\/es\/wp-json\/wp\/v2\/posts\/273276","targetHints":{"allow":["GET"]}}],"collection":[{"href":"https:\/\/www.europesays.com\/es\/wp-json\/wp\/v2\/posts"}],"about":[{"href":"https:\/\/www.europesays.com\/es\/wp-json\/wp\/v2\/types\/post"}],"author":[{"embeddable":true,"href":"https:\/\/www.europesays.com\/es\/wp-json\/wp\/v2\/users\/2"}],"replies":[{"embeddable":true,"href":"https:\/\/www.europesays.com\/es\/wp-json\/wp\/v2\/comments?post=273276"}],"version-history":[{"count":0,"href":"https:\/\/www.europesays.com\/es\/wp-json\/wp\/v2\/posts\/273276\/revisions"}],"wp:featuredmedia":[{"embeddable":true,"href":"https:\/\/www.europesays.com\/es\/wp-json\/wp\/v2\/media\/273277"}],"wp:attachment":[{"href":"https:\/\/www.europesays.com\/es\/wp-json\/wp\/v2\/media?parent=273276"}],"wp:term":[{"taxonomy":"category","embeddable":true,"href":"https:\/\/www.europesays.com\/es\/wp-json\/wp\/v2\/categories?post=273276"},{"taxonomy":"post_tag","embeddable":true,"href":"https:\/\/www.europesays.com\/es\/wp-json\/wp\/v2\/tags?post=273276"}],"curies":[{"name":"wp","href":"https:\/\/api.w.org\/{rel}","templated":true}]}}