{"id":273292,"date":"2025-12-05T22:46:08","date_gmt":"2025-12-05T22:46:08","guid":{"rendered":"https:\/\/www.europesays.com\/es\/273292\/"},"modified":"2025-12-05T22:46:08","modified_gmt":"2025-12-05T22:46:08","slug":"el-presidente-del-grupo-que-gestiona-el-hospital-de-torrejon-pide-a-sus-trabajadores-mantener-la-calma-y-tomar-distancia-sociedad","status":"publish","type":"post","link":"https:\/\/www.europesays.com\/es\/273292\/","title":{"rendered":"El presidente del grupo que gestiona el hospital de Torrej\u00f3n pide a sus trabajadores \u201cmantener la calma y tomar distancia\u201d | Sociedad"},"content":{"rendered":"<p class=\"\">Emmanuel de Geuser, presidente del grupo sanitario Ribera, que gestiona el hospital de Torrej\u00f3n de Ardoz, ha mandado un comunicado interno a sus trabajadores en el que les pide \u201cmantener la calma y tomar distancia frente a lo que aparece en los medios de comunicaci\u00f3n\u201d. \u201cSabemos que algunas informaciones publicadas pueden generar inquietud\u201d, confiesa.<\/p>\n<p class=\"\">Se refiere Geuser a <a href=\"https:\/\/elpais.com\/sociedad\/2025-12-03\/la-empresa-gestora-del-hospital-publico-de-torrejon-ordena-rechazar-pacientes-para-ganar-mas-hacemos-actividad-que-nos-perjudica.html\" target=\"_blank\" rel=\"noreferrer nofollow noopener\" title=\"https:\/\/elpais.com\/sociedad\/2025-12-03\/la-empresa-gestora-del-hospital-publico-de-torrejon-ordena-rechazar-pacientes-para-ganar-mas-hacemos-actividad-que-nos-perjudica.html\">los planes destapados por EL PA\u00cdS<\/a> de aumentar los beneficios en el hospital de Torrej\u00f3n a base de seleccionar procesos rentables e incrementar las listas de espera, tal y como les orden\u00f3 el CEO del grupo, Pablo Gallart, a una veintena de mandos. <\/p>\n<p class=\"\">El presidente de Ribera, que en ning\u00fan momento niega la veracidad de las informaciones que ha ido publicando este peri\u00f3dico, reconoce que la compa\u00f1\u00eda se encuentra \u201cen una situaci\u00f3n medi\u00e1tica sensible\u201d y manda el comunicado para trasladar un mensaje de \u201cserenidad y confianza\u201d.<\/p>\n<p class=\"\">\u201cLa prioridad m\u00e1xima del grupo Ribera son y seguir\u00e1n siendo sus pacientes en todos y cada uno de los centros que gestiona, tanto p\u00fablicos como privados. Vuestra \u00e9tica profesional es incuestionable y siempre hab\u00e9is demostrado que vuestra pr\u00e1ctica diaria responde a un solo objetivo: cuidar de la salud de los pacientes con vocaci\u00f3n de servicio\u201d, les dice Geuser.<\/p>\n<p class=\"\">Les comunica a sus trabajadores que el Consejo de Administraci\u00f3n est\u00e1 en proceso de elaborar una informaci\u00f3n m\u00e1s amplia sobre \u201clos puntos clave de la situaci\u00f3n\u201d que respaldar\u00e1 \u201clas acciones realizadas por Ribera\u201d. Y que cuando est\u00e9 aprobada, la transmitir\u00e1 a los trabajadores y colaboradores del grupo. <\/p>\n<p class=\"\">\u201cMientras tanto, os reiteramos nuestra confianza en todo el personal de Ribera, que s\u00e9 est\u00e1 plenamente comprometido con la atenci\u00f3n a los pacientes\u201d, a\u00f1ade Geuser, que contin\u00faa as\u00ed: \u201cSigamos adelante, juntos\u201d. Y termina con el lema del grupo en forma de hashtag: #SaludResponsable.<\/p>\n<p class=\"\">Emmanuel de Geuser es consejero delegado de Vivalt\u00f3 Sant\u00e9, la matriz del grupo sanitario Ribera, de la que posee un 75%. En mayo, despidi\u00f3 al que hasta entonces hab\u00eda sido presidente y alma mater de la compa\u00f1\u00eda, Alberto de Rosa, y a su mano derecha, Elisa Tarazona. Entonces, Geuser pas\u00f3 a ser presidente de Ribera y ascendi\u00f3 a Pablo Gallart, que era director financiero, a CEO. <\/p>\n<p class=\"\">Tras las informaciones publicadas por este diario, <a href=\"https:\/\/elpais.com\/sociedad\/2025-12-03\/el-ceo-de-ribera-salud-se-desvincula-del-hospital-de-torrejon-y-la-compania-anuncia-una-auditoria-en-profundidad.html\" target=\"_blank\" rel=\"noreferrer nofollow noopener\" title=\"https:\/\/elpais.com\/sociedad\/2025-12-03\/el-ceo-de-ribera-salud-se-desvincula-del-hospital-de-torrejon-y-la-compania-anuncia-una-auditoria-en-profundidad.html\">Gallart pidi\u00f3 apartarse de la gesit\u00f3n del Hospital de Torrej\u00f3n<\/a>, pero se mantiene como n\u00famero dos de Ribera salud.<\/p>\n<p class=\"\">Adem\u00e1s de los audios de la reuni\u00f3n que Gallart mantuvo con una veintena de mandos del grupo y del hospital, esta semana EL PA\u00cdS ha revelado que <a href=\"https:\/\/elpais.com\/sociedad\/2025-12-04\/ribera-despidio-a-cuatro-directivos-que-denunciaron-internamente-los-recortes-en-el-hospital-de-torrejon.html\" target=\"_blank\" rel=\"noreferrer nofollow noopener\" title=\"https:\/\/elpais.com\/sociedad\/2025-12-04\/ribera-despidio-a-cuatro-directivos-que-denunciaron-internamente-los-recortes-en-el-hospital-de-torrejon.html\">cuatro directivos que denunciaron sus instrucciones por el canal interno<\/a> de comunicaci\u00f3n fueron despedidos y que trabajadores del centro <a href=\"https:\/\/elpais.com\/sociedad\/2025-12-05\/empleados-del-hospital-de-torrejon-recibieron-la-orden-de-reutilizar-material-sanitario-de-un-solo-uso.html\" target=\"_blank\" rel=\"noreferrer nofollow noopener\" title=\"https:\/\/elpais.com\/sociedad\/2025-12-05\/empleados-del-hospital-de-torrejon-recibieron-la-orden-de-reutilizar-material-sanitario-de-un-solo-uso.html\">recibieron la orden de reutilizar material sanitario de un solo uso<\/a>. <\/p>\n<p class=\"\">El hospital de Torrej\u00f3n tiene gesti\u00f3n privada, pero es p\u00fablico, y presta servicio a m\u00e1s de 150.000 personas que viven en el Corredor del Henares, adem\u00e1s de los pacientes del resto de Madrid que lo soliciten, en funci\u00f3n de la ley de libre elecci\u00f3n que rige en la Comunidad. El gobierno madrile\u00f1o paga un canon fijo por los servicios que presta a su \u00e1rea de influencia, de forma que cuanto menos gasta, m\u00e1s beneficio saca. El CEO pidi\u00f3 a sus subordinados hacer ajustes para alcanzar un EBITDA (Beneficio antes de Intereses, Impuestos, Depreciaciones y Amortizaciones) de cuatro o cinco millones de euros.<\/p>\n<p class=\"\">La Comunidad de Madrid <a href=\"https:\/\/elpais.com\/sociedad\/2025-12-05\/la-comunidad-de-madrid-niega-malas-practicas-en-el-hospital-de-torrejon-y-atribuye-el-escandalo-a-rencillas-internas.html\" target=\"_blank\" rel=\"noreferrer nofollow noopener\" title=\"https:\/\/elpais.com\/sociedad\/2025-12-05\/la-comunidad-de-madrid-niega-malas-practicas-en-el-hospital-de-torrejon-y-atribuye-el-escandalo-a-rencillas-internas.html\">est\u00e1 investigando los procesos del hospital<\/a> para comprobar si hay irregularidades pero, por el momento, asegura no haber encontrado ninguna. <\/p>\n<p class=\"\"><b>\u00bfTiene algo que contar? Escriba al autor a <\/b><a href=\"https:\/\/elpais.com\/sociedad\/2025-12-05\/mailto:plinde@elpais.es\" rel=\"nofollow noopener\" title=\"https:\/\/elpais.com\/sociedad\/2025-12-05\/mailto:plinde@elpais.es\" target=\"_blank\"><b>plinde@elpais.es<\/b><\/a><\/p>\n","protected":false},"excerpt":{"rendered":"Emmanuel de Geuser, presidente del grupo sanitario Ribera, que gestiona el hospital de Torrej\u00f3n de Ardoz, ha mandado&hellip;\n","protected":false},"author":2,"featured_media":273293,"comment_status":"","ping_status":"","sticky":false,"template":"","format":"standard","meta":{"footnotes":""},"categories":[8],"tags":[17,18,1467,25,24,13,14,11,6138,19,20,9,10,15,16,66347,1811,26164,17109,492,23,12,65845,21,22],"class_list":{"0":"post-273292","1":"post","2":"type-post","3":"status-publish","4":"format-standard","5":"has-post-thumbnail","7":"category-espana","8":"tag-breaking-news","9":"tag-breakingnews","10":"tag-comunidad-de-madrid","11":"tag-es","12":"tag-espana","13":"tag-featured-news","14":"tag-featurednews","15":"tag-headlines","16":"tag-hospitales","17":"tag-latest-news","18":"tag-latestnews","19":"tag-news","20":"tag-noticias","21":"tag-noticias-destacadas","22":"tag-noticiasdestacadas","23":"tag-ribera-salud","24":"tag-sanidad","25":"tag-sanidad-privada","26":"tag-sanidad-publica","27":"tag-sociedad","28":"tag-spain","29":"tag-titulares","30":"tag-torrejon-de-ardoz","31":"tag-ultimas-noticias","32":"tag-ultimasnoticias"},"share_on_mastodon":{"url":"https:\/\/pubeurope.com\/@es\/115669394076674127","error":""},"_links":{"self":[{"href":"https:\/\/www.europesays.com\/es\/wp-json\/wp\/v2\/posts\/273292","targetHints":{"allow":["GET"]}}],"collection":[{"href":"https:\/\/www.europesays.com\/es\/wp-json\/wp\/v2\/posts"}],"about":[{"href":"https:\/\/www.europesays.com\/es\/wp-json\/wp\/v2\/types\/post"}],"author":[{"embeddable":true,"href":"https:\/\/www.europesays.com\/es\/wp-json\/wp\/v2\/users\/2"}],"replies":[{"embeddable":true,"href":"https:\/\/www.europesays.com\/es\/wp-json\/wp\/v2\/comments?post=273292"}],"version-history":[{"count":0,"href":"https:\/\/www.europesays.com\/es\/wp-json\/wp\/v2\/posts\/273292\/revisions"}],"wp:featuredmedia":[{"embeddable":true,"href":"https:\/\/www.europesays.com\/es\/wp-json\/wp\/v2\/media\/273293"}],"wp:attachment":[{"href":"https:\/\/www.europesays.com\/es\/wp-json\/wp\/v2\/media?parent=273292"}],"wp:term":[{"taxonomy":"category","embeddable":true,"href":"https:\/\/www.europesays.com\/es\/wp-json\/wp\/v2\/categories?post=273292"},{"taxonomy":"post_tag","embeddable":true,"href":"https:\/\/www.europesays.com\/es\/wp-json\/wp\/v2\/tags?post=273292"}],"curies":[{"name":"wp","href":"https:\/\/api.w.org\/{rel}","templated":true}]}}