{"id":273322,"date":"2025-12-05T23:10:10","date_gmt":"2025-12-05T23:10:10","guid":{"rendered":"https:\/\/www.europesays.com\/es\/273322\/"},"modified":"2025-12-05T23:10:10","modified_gmt":"2025-12-05T23:10:10","slug":"comunicado-oficial-sobre-la-reposicion-al-culto-de-la-sagrada-imagen-de-maria-santisima-de-la-esperanza-macarena","status":"publish","type":"post","link":"https:\/\/www.europesays.com\/es\/273322\/","title":{"rendered":"Comunicado oficial sobre la reposici\u00f3n al culto de la Sagrada Imagen de Mar\u00eda Sant\u00edsima de la Esperanza Macarena"},"content":{"rendered":"<p>\t    \t  <img loading=\"lazy\" decoding=\"async\" width=\"399\" height=\"221\" src=\"https:\/\/www.europesays.com\/es\/wp-content\/uploads\/2025\/08\/Escudo-e1571998368744.jpg\" class=\"attachment- size- wp-post-image\" alt=\"\"  \/>            <\/p>\n<p>Mar\u00eda Sant\u00edsima de la Esperanza Macarena ser\u00e1 repuesta al culto el pr\u00f3ximo lunes 8 de diciembre a las 6:00 horas una vez finalizado el proceso de restauraci\u00f3n por parte de Pedro Manzano, refrendado el resultado final por la comisi\u00f3n de seguimiento y aprobado por la Junta de Gobierno.\u00a0<\/p>\n<p>El horario para que los hermanos y devotos puedan venerar a la Sant\u00edsima Virgen en la cercan\u00eda ser\u00e1:\u00a0<\/p>\n<ul>\n<li style=\"list-style-type: none;\">\n<ul>\n<li style=\"list-style-type: none;\">\n<ul>\n<li>Lunes 8 de diciembre, de 6:00 a 23:00 horas<\/li>\n<li>Martes y mi\u00e9rcoles 9 y 10 de diciembre, de 7:00 a 21:00 horas<\/li>\n<\/ul>\n<\/li>\n<\/ul>\n<\/li>\n<\/ul>\n<p>La Junta de Gobierno ha determinado estos horarios para que todos los hermanos y devotos puedan reencontrarse con la Sant\u00edsima Virgen una vez repuesta al culto confort\u00e1ndoles de nuevo con su bendita presencia.\u00a0<\/p>\n<p><\/p>\n","protected":false},"excerpt":{"rendered":"Mar\u00eda Sant\u00edsima de la Esperanza Macarena ser\u00e1 repuesta al culto el pr\u00f3ximo lunes 8 de diciembre a las&hellip;\n","protected":false},"author":2,"featured_media":74388,"comment_status":"","ping_status":"","sticky":false,"template":"","format":"standard","meta":{"footnotes":""},"categories":[8],"tags":[66903,17,18,25,24,13,14,11,29052,19,20,9,10,15,16,23,12,21,22,29053],"class_list":{"0":"post-273322","1":"post","2":"type-post","3":"status-publish","4":"format-standard","5":"has-post-thumbnail","7":"category-espana","8":"tag-comunicado-oficial-sobre-la-reposicion-al-culto-de-la-sagrada-imagen-de-maria-santisima-de-la-esperanza-macarena","9":"tag-breaking-news","10":"tag-breakingnews","11":"tag-es","12":"tag-espana","13":"tag-featured-news","14":"tag-featurednews","15":"tag-headlines","16":"tag-hermandad-de-la-macarena","17":"tag-latest-news","18":"tag-latestnews","19":"tag-news","20":"tag-noticias","21":"tag-noticias-destacadas","22":"tag-noticiasdestacadas","23":"tag-spain","24":"tag-titulares","25":"tag-ultimas-noticias","26":"tag-ultimasnoticias","27":"tag-web-oficial-de-la-hermandad-de-la-macarena"},"share_on_mastodon":{"url":"","error":"Validation failed: Text character limit of 500 exceeded"},"_links":{"self":[{"href":"https:\/\/www.europesays.com\/es\/wp-json\/wp\/v2\/posts\/273322","targetHints":{"allow":["GET"]}}],"collection":[{"href":"https:\/\/www.europesays.com\/es\/wp-json\/wp\/v2\/posts"}],"about":[{"href":"https:\/\/www.europesays.com\/es\/wp-json\/wp\/v2\/types\/post"}],"author":[{"embeddable":true,"href":"https:\/\/www.europesays.com\/es\/wp-json\/wp\/v2\/users\/2"}],"replies":[{"embeddable":true,"href":"https:\/\/www.europesays.com\/es\/wp-json\/wp\/v2\/comments?post=273322"}],"version-history":[{"count":0,"href":"https:\/\/www.europesays.com\/es\/wp-json\/wp\/v2\/posts\/273322\/revisions"}],"wp:featuredmedia":[{"embeddable":true,"href":"https:\/\/www.europesays.com\/es\/wp-json\/wp\/v2\/media\/74388"}],"wp:attachment":[{"href":"https:\/\/www.europesays.com\/es\/wp-json\/wp\/v2\/media?parent=273322"}],"wp:term":[{"taxonomy":"category","embeddable":true,"href":"https:\/\/www.europesays.com\/es\/wp-json\/wp\/v2\/categories?post=273322"},{"taxonomy":"post_tag","embeddable":true,"href":"https:\/\/www.europesays.com\/es\/wp-json\/wp\/v2\/tags?post=273322"}],"curies":[{"name":"wp","href":"https:\/\/api.w.org\/{rel}","templated":true}]}}