{"id":273331,"date":"2025-12-05T23:21:11","date_gmt":"2025-12-05T23:21:11","guid":{"rendered":"https:\/\/www.europesays.com\/es\/273331\/"},"modified":"2025-12-05T23:21:11","modified_gmt":"2025-12-05T23:21:11","slug":"marilo-montero-se-corona-con-su-mejor-look-de-fiesta-con-conjunto-satinado","status":"publish","type":"post","link":"https:\/\/www.europesays.com\/es\/273331\/","title":{"rendered":"Maril\u00f3 Montero se corona con su mejor look de fiesta con conjunto satinado"},"content":{"rendered":"<p data-journey-content=\"true\" data-node-id=\"3\" class=\"css-6wxqfj emevuu60\"><strong data-node-id=\"3.0\"\/>Isabel D\u00edaz Ayuso no fue la \u00fanica protagonista del <strong data-node-id=\"3.2\">47\u00ba aniversario de la Constituci\u00f3n Espa\u00f1ola <\/strong>en Madrid, <strong data-node-id=\"3.4\"><a href=\"https:\/\/www.elle.com\/es\/star-style\/el-estilo-de\/a69580738\/marilo-montero-pantalones-negros-vestir-mas-favorecedores-todas-las-tallas\/\" data-vars-ga-outbound-link=\"https:\/\/www.elle.com\/es\/star-style\/el-estilo-de\/a69580738\/marilo-montero-pantalones-negros-vestir-mas-favorecedores-todas-las-tallas\/\" data-vars-ga-ux-element=\"Hyperlink\" data-vars-ga-call-to-action=\"Maril\u00f3 Montero\" data-node-id=\"3.4.0\" class=\"body-link css-103hk4r emevuu60\" rel=\"nofollow noopener\" target=\"_blank\">Maril\u00f3 Montero<\/a><\/strong> tambi\u00e9n acapar\u00f3 gran parte de los focos, y con raz\u00f3n.<\/p>\n<p data-journey-content=\"true\" data-node-id=\"6\" class=\"css-6wxqfj emevuu60\">La presidenta de la Comunidad de Madrid y la periodista espa\u00f1ola tuvieron el honor de presidir la ceremonia juntas. Y s\u00ed, la propuesta estil\u00edstica de la pol\u00edtica consigui\u00f3 conquistar nuestros corazones. Sobre todo por su elegancia, versatilidad y su valor &#8216;made in Spain&#8217;, pues se trataba de un <a href=\"https:\/\/www.elle.com\/es\/star-style\/el-estilo-de\/a69644917\/isabel-diaz-ayuso-conjunto-satinado-burdeos-firma-espanola-victoria-looks-navidad\/\" data-vars-ga-outbound-link=\"https:\/\/www.elle.com\/es\/star-style\/el-estilo-de\/a69644917\/isabel-diaz-ayuso-conjunto-satinado-burdeos-firma-espanola-victoria-looks-navidad\/\" data-vars-ga-ux-element=\"Hyperlink\" data-vars-ga-call-to-action=\"conjunto satinado obra de Victoria Colecci\u00f3n\" data-node-id=\"6.1\" class=\"body-link css-103hk4r emevuu60\" rel=\"nofollow noopener\" target=\"_blank\"><strong data-node-id=\"6.1.0\">conjunto satinado<\/strong> obra de Victoria Colecci\u00f3n<\/a>, la marca espa\u00f1ola de Vicky Mart\u00edn Berrocal.<\/p>\n<p data-journey-content=\"true\" data-node-id=\"9\" class=\"css-6wxqfj emevuu60\">Ahora bien, Ayuso no fue la \u00fanica que se atrevi\u00f3 con la viral tendencia de los dise\u00f1os satinados, Montero tambi\u00e9n se decant\u00f3 por la misma moda. Eso s\u00ed, en su caso, con un <strong data-node-id=\"9.1\"><a href=\"https:\/\/www.elle.com\/es\/moda\/compras-elle\/a64564348\/conjuntos-coordinados-comodos-elegantes\/\" data-vars-ga-outbound-link=\"https:\/\/www.elle.com\/es\/moda\/compras-elle\/a64564348\/conjuntos-coordinados-comodos-elegantes\/\" data-vars-ga-ux-element=\"Hyperlink\" data-vars-ga-call-to-action=\"conjunto coordinado\" data-node-id=\"9.1.0\" class=\"body-link css-103hk4r emevuu60\" rel=\"nofollow noopener\" target=\"_blank\">conjunto coordinado<\/a> con pantal\u00f3n en un elegante color azul Klein <\/strong>que, seguro, fascinar\u00e1 a todas sus seguidoras. <\/p>\n<p>Maril\u00f3 Montero sorprende en Madrid con su mejor look de fiesta para la Navidad 2025<\/p>\n<p data-journey-content=\"true\" data-node-id=\"13\" class=\"css-6wxqfj emevuu60\">Si Isabel D\u00edaz Ayuso nos sorprendi\u00f3 a todos con un &#8216;total look&#8217; satinado de blusa y falda en color burdeos, Maril\u00f3 Montero hizo lo mismo con un <strong data-node-id=\"13.1\">conjunto de chaqueta y pantal\u00f3n satinado en azul el\u00e9ctrico.<\/strong><\/p>\n<p><img draggable=\"true\" alt=\"isabel d\u00edaz ayuso conjunto satinado burdeos\" title=\"Isabel D\u00edaz Ayuso conjunto satinado burdeos\" loading=\"lazy\" width=\"4000\" height=\"2660\" decoding=\"async\" data-nimg=\"1\" style=\"color:transparent;width:100%;height:auto;\"   src=\"https:\/\/www.europesays.com\/es\/wp-content\/uploads\/2025\/12\/isabel-diaz-ayuso-conjunto-satinado-firma-espanola-victoria-coleccion-elle-2-693301c87ec06.jpg\" class=\"css-0 e1g79fud0\"\/><a target=\"_blank\" rel=\"noopener nofollow\" data-theme-key=\"base-link\" href=\"https:\/\/pinterest.com\/pin\/create\/button\/?url=https:\/\/www.elle.com\/es\/star-style\/el-estilo-de\/a69645697\/marilo-montero-conjunto-satinado-pantalon-azul-look-fiesta-aniversario-constitucion-madrid\/&amp;description=- ElleSpain&amp;media=https:\/\/hips.hearstapps.com\/hmg-prod\/images\/isabel-diaz-ayuso-conjunto-satinado-firma-espanola-victoria-coleccion-elle-2-693301c87ec06.jpg?resize=1600:*\" class=\"pinterest css-on9hn5 e1c1bym14\"><img decoding=\"async\" data-dynamic-svg=\"true\" src=\"https:\/\/www.elle.com\/_assets\/design-tokens\/fre\/static\/icons\/social\/pinterest.e8cf655.svg?primary=%2523ffffff\" loading=\"lazy\" data-testid=\"dynamic-svg-base\" height=\"auto\" width=\"auto\" alt=\"pinterest\" class=\"css-4lml0h e1mlxuuw1\"\/><\/a><\/p>\n<p>Gtres\u200b<\/p>\n<p><img draggable=\"true\" alt=\"maril\u00f3 montero conjunto satinado azul\" title=\"Maril\u00f3 Montero conjunto satinado azul\" loading=\"lazy\" width=\"4000\" height=\"2660\" decoding=\"async\" data-nimg=\"1\" style=\"color:transparent;width:100%;height:auto;\"   src=\"https:\/\/www.europesays.com\/es\/wp-content\/uploads\/2025\/12\/marilo-montero-conjunto-satinado-pantalon-elle-1-6933148fe44b5.jpg\" class=\"css-0 e1g79fud0\"\/><a target=\"_blank\" rel=\"noopener nofollow\" data-theme-key=\"base-link\" href=\"https:\/\/pinterest.com\/pin\/create\/button\/?url=https:\/\/www.elle.com\/es\/star-style\/el-estilo-de\/a69645697\/marilo-montero-conjunto-satinado-pantalon-azul-look-fiesta-aniversario-constitucion-madrid\/&amp;description=- ElleSpain&amp;media=https:\/\/hips.hearstapps.com\/hmg-prod\/images\/marilo-montero-conjunto-satinado-pantalon-elle-1-6933148fe44b5.jpg?resize=1600:*\" class=\"pinterest css-on9hn5 e1c1bym14\"><img decoding=\"async\" data-dynamic-svg=\"true\" src=\"https:\/\/www.elle.com\/_assets\/design-tokens\/fre\/static\/icons\/social\/pinterest.e8cf655.svg?primary=%2523ffffff\" loading=\"lazy\" data-testid=\"dynamic-svg-base\" height=\"auto\" width=\"auto\" alt=\"pinterest\" class=\"css-4lml0h e1mlxuuw1\"\/><\/a><\/p>\n<p>Garcia\/SOPA Images\/Shutterstock<\/p>\n<p data-journey-content=\"true\" data-node-id=\"17\" class=\"css-6wxqfj emevuu60\">La propuesta de Maril\u00f3 fue m\u00e1s original y vistosa. Sobre todo por su chaqueta tipo japonesa con cuello mao y botones de inspiraci\u00f3n oriental.<\/p>\n<p data-journey-content=\"true\" data-node-id=\"19\" class=\"css-6wxqfj emevuu60\">\u00bfCon qu\u00e9 calzado lo combin\u00f3? Resulta dif\u00edcil saberlo por la perspectiva de las im\u00e1genes. No obstante, apostar\u00edamos que se decant\u00f3 por unos salones negros de tac\u00f3n con puntera pronunciada. <\/p>\n<p data-journey-content=\"true\" data-node-id=\"21\" class=\"css-6wxqfj emevuu60\">Adem\u00e1s, remat\u00f3 el &#8216;outfit&#8217; con un recogido pulido, joyas minimalistas y un maquillaje en tonos &#8216;nude&#8217; de lo m\u00e1s elegante. Estaba radiante. <\/p>\n","protected":false},"excerpt":{"rendered":"Isabel D\u00edaz Ayuso no fue la \u00fanica protagonista del 47\u00ba aniversario de la Constituci\u00f3n Espa\u00f1ola en Madrid, Maril\u00f3&hellip;\n","protected":false},"author":2,"featured_media":273332,"comment_status":"","ping_status":"","sticky":false,"template":"","format":"standard","meta":{"footnotes":""},"categories":[174],"tags":[255,253,146,147,25,24,256,23],"class_list":{"0":"post-273331","1":"post","2":"type-post","3":"status-publish","4":"format-standard","5":"has-post-thumbnail","7":"category-famosos","8":"tag-celebrities","9":"tag-discover","10":"tag-entertainment","11":"tag-entretenimiento","12":"tag-es","13":"tag-espana","14":"tag-famosos","15":"tag-spain"},"share_on_mastodon":{"url":"https:\/\/pubeurope.com\/@es\/115669532062513822","error":""},"_links":{"self":[{"href":"https:\/\/www.europesays.com\/es\/wp-json\/wp\/v2\/posts\/273331","targetHints":{"allow":["GET"]}}],"collection":[{"href":"https:\/\/www.europesays.com\/es\/wp-json\/wp\/v2\/posts"}],"about":[{"href":"https:\/\/www.europesays.com\/es\/wp-json\/wp\/v2\/types\/post"}],"author":[{"embeddable":true,"href":"https:\/\/www.europesays.com\/es\/wp-json\/wp\/v2\/users\/2"}],"replies":[{"embeddable":true,"href":"https:\/\/www.europesays.com\/es\/wp-json\/wp\/v2\/comments?post=273331"}],"version-history":[{"count":0,"href":"https:\/\/www.europesays.com\/es\/wp-json\/wp\/v2\/posts\/273331\/revisions"}],"wp:featuredmedia":[{"embeddable":true,"href":"https:\/\/www.europesays.com\/es\/wp-json\/wp\/v2\/media\/273332"}],"wp:attachment":[{"href":"https:\/\/www.europesays.com\/es\/wp-json\/wp\/v2\/media?parent=273331"}],"wp:term":[{"taxonomy":"category","embeddable":true,"href":"https:\/\/www.europesays.com\/es\/wp-json\/wp\/v2\/categories?post=273331"},{"taxonomy":"post_tag","embeddable":true,"href":"https:\/\/www.europesays.com\/es\/wp-json\/wp\/v2\/tags?post=273331"}],"curies":[{"name":"wp","href":"https:\/\/api.w.org\/{rel}","templated":true}]}}