{"id":273341,"date":"2025-12-05T23:31:18","date_gmt":"2025-12-05T23:31:18","guid":{"rendered":"https:\/\/www.europesays.com\/es\/273341\/"},"modified":"2025-12-05T23:31:18","modified_gmt":"2025-12-05T23:31:18","slug":"murtra-telefonica-reconoce-conversaciones-sobre-operaciones-de-ma-en-cada-uno-de-sus-mercados","status":"publish","type":"post","link":"https:\/\/www.europesays.com\/es\/273341\/","title":{"rendered":"Murtra (Telef\u00f3nica) reconoce conversaciones sobre operaciones de M&#038;A en \u00abcada uno\u00bb de sus mercados"},"content":{"rendered":"<p><img id=\"fotoPrincipalNoticia\" src=\"https:\/\/www.europesays.com\/es\/wp-content\/uploads\/2025\/12\/fotonoticia_20251205134921_690.jpg\" loading=\"eager\" decoding=\"async\" style=\"view-transition-name: fechor_20251205134921;\" border=\"0\" alt=\"Archivo - El presidente de Telef\u00f3nica, Marc Murtra, presenta el nuevo plan estrat\u00e9gico de Telef\u00f3nica, a 4 de noviembre de 2025, en Madrid (Espa\u00f1a). Telef\u00f3nica reducir\u00e1 a la mitad el dividendo que abonar\u00e1 con cargo a los resultados de 2026, hasta 0,15 euro\" fetchpriority=\"high\" title=\"Murtra (Telef\u00f3nica) reconoce conversaciones sobre operaciones de M&amp;A en &quot;cada uno&quot; de sus mercados\" width=\"690\" height=\"460\" itemprop=\"image\"\/><\/p>\n<p>Archivo &#8211; El presidente de Telef\u00f3nica, Marc Murtra, presenta el nuevo plan estrat\u00e9gico de Telef\u00f3nica, a 4 de noviembre de 2025, en Madrid (Espa\u00f1a). Telef\u00f3nica reducir\u00e1 a la mitad el dividendo que abonar\u00e1 con cargo a los resultados de 2026, hasta 0,15 euro &#8211; Diego Radam\u00e9s &#8211; Europa Press &#8211; Archivo<\/p>\n<p>    MADRID 5 Dic. (EUROPA PRESS) &#8211; <\/p>\n<p>   El presidente de Telefonica, Marc Murtra, ha reconocido que la compa\u00f1\u00eda mantiene conversaciones sobre posibles operaciones de fusi\u00f3n y adquisici\u00f3n (M&amp;A) en \u00abcada uno\u00bb de los mercados en los que opera.<\/p>\n<p>    \u00abEs seguro suponer que tenemos conversaciones (sobre fusiones y adquisiciones) en todos nuestros mercados\u00bb, ha destacado en una entrevista con el diario brit\u00e1nico &#8216;The Times&#8217;.<\/p>\n<p>   Estos comentarios se producen en un contexto en el que la estrategia de crecimiento de la teleco se centra en Espa\u00f1a, Alemania, Reino Unido y Brasil, mientras que, en paralelo, el proceso para su salida de Am\u00e9rica Latina sigue su curso.<\/p>\n<p>   Cabe recordar que el pasado 4 de noviembre la teleco present\u00f3 su nuevo plan estrat\u00e9gico, en el que confirm\u00f3 que la compa\u00f1\u00eda est\u00e1 trabajando para salir de todos sus mercados en Am\u00e9rica Latina &#8211;a excepci\u00f3n de Brasil&#8211;, una estrategia que, hasta el momento, se ha concretado en la venta de sus filiales en Argentina, Per\u00fa, Ecuador, Uruguay y Colombia.<\/p>\n<p>   De este modo, Telef\u00f3nica todav\u00eda tiene que desprenderse de sus subsidiarias en M\u00e9xico, Venezuela &#8211;la operaci\u00f3n m\u00e1s complicada por la situaci\u00f3n pol\u00edtica del pa\u00eds&#8211; y Chile, donde este pasado mi\u00e9rcoles se ha dado a conocer que Entel y Am\u00e9rica M\u00f3vil han roto su acuerdo para pujar de forma conjunta por esta filial, si bien se mantiene el inter\u00e9s individual de las se\u00f1aladas empresas.<\/p>\n<p>   En cuanto a los mercados principales de Telef\u00f3nica, en los \u00faltimos meses han surgido informaciones que apuntan al supuesto inter\u00e9s de la teleco en hacerse con Vodafone Espa\u00f1a (propiedad de la firma de inversi\u00f3n brit\u00e1nica Zegona) o, incluso, con el negocio de Digi.<\/p>\n<p>   A ello se suma un potencial inter\u00e9s en la compra de Netomnia en Reino Unido, una operaci\u00f3n que estar\u00eda valorada en unos 2.000 millones de libras (alrededor de 2.300 millones de euros) y que supondr\u00eda la adquisici\u00f3n del cuarto mayor operador de red de banda ancha del pa\u00eds.<\/p>\n<p>   De hecho, otra de las opciones con las que se ha especulado para su negocio en el Reino Unido &#8211;donde opera con Virgin Media O2 (VMO2), la &#8216;joint venture&#8217; a partes iguales con Liberty&#8211; es la opci\u00f3n de que Telef\u00f3nica se haga con el control total de VMO2, es decir, que le compre su parte a Liberty.<\/p>\n<p>   Sobre este \u00faltimo punto, cabe recordar que a finales de mayo de 2026 expiran determinados aspectos de permanencia contemplados en el acuerdo para la creaci\u00f3n de la &#8216;joint venture&#8217;, por lo que tanto Telef\u00f3nica como Liberty podr\u00e1n vender de forma total o parcial su participaci\u00f3n en VMO2 a un tercero, si bien los dos socios tienen un derecho de adquisici\u00f3n preferente.<\/p>\n<p>   As\u00ed, en cuanto a la situaci\u00f3n de la &#8216;joint venture en el Reino Unido, Murtra ha subrayado en la entrevista la \u00abexcelente relaci\u00f3n\u00bb que Telef\u00f3nica tiene con Liberty. \u00abTodos podemos considerar la fusi\u00f3n un gran \u00e9xito\u00bb, ha a\u00f1adido.<\/p>\n<p>   En tanto, en Alemania la posibilidad que se baraja es la compra de 1&amp;1, una alternativa en la que estar\u00eda trabajando Telef\u00f3nica para reconducir su relaci\u00f3n con la operadora, que hasta agosto de 2023 era uno de sus principales clientes mayoristas.<\/p>\n<p>   En la entrevista con &#8216;The Times&#8217;, el presidente de Telef\u00f3nica tambi\u00e9n ha recalcado, al igual que ha hecho en numeros ocasiones en los \u00faltimos meses, la necesidad de que Europa flexibilice las normas sobre fusiones para facilitar que las compa\u00f1\u00edas del Viejo Continente ganen la escala suficiente para poder competir con las grandes tecnol\u00f3gicas de China y Estados Unidos.<\/p>\n<p>LLEGADA A TELEF\u00d3NCA<\/p>\n<p>   Murtra desembarc\u00f3 el pasado 18 de enero en la presidencia de Telef\u00f3nica, donde sustituy\u00f3 a Jos\u00e9 Mar\u00eda \u00c1lvarez-Pallete, y al ser preguntado sobre ello en la entrevista, el directivo ha reconocido que \u00abhubo algo de ruido\u00bb, si bien lo achaca a que \u00abTelef\u00f3nica es una empresa emblem\u00e1tica\u00bb.<\/p>\n<p>    \u00abAcudo a las empresas cuando hay un problema profundo que cambiar (&#8230;) Me fijo un objetivo y lo logro con una determinaci\u00f3n muy fuerte y eso a veces causa dolor. Creo que es por el bien com\u00fan\u00bb, ha subrayado Murtra.<\/p>\n<p>   En esa l\u00ednea, la semana pasada defendi\u00f3 el nuevo plan estrat\u00e9gico de la compa\u00f1\u00eda, con el cual la teleco busca mejorar su eficiencia para \u00abpoder invertir m\u00e1s\u00bb y generar retornos a futuro a pesar de \u00absacrificar caja a corto plazo\u00bb.<\/p>\n<p>   Entre las medidas de eficiencia se encuentra la implementaci\u00f3n de un expediente de regulaci\u00f3n de empleo (ERE) para alrededor de 6.000 personas en siete sociedades del grupo y la reducci\u00f3n a la mitad del dividendo para 2026 (hasta 0,15 euros por t\u00edtulo), que son dos de las principales iniciativas con las que la teleco prev\u00e9 un ahorro de en torno a 2.300 millones de euros hasta 2028 y de 3.000 euros para finales de d\u00e9cada.<\/p>\n<p>   Por otro lado, en la entrevista publicada por &#8216;The Times&#8217; Murtra tambi\u00e9n reconoce el \u00abgran respeto\u00bb que tiene por la \u00abhabilidad pol\u00edtica\u00bb, el \u00abcoraje\u00bb y la \u00abcapacidad para lograr cosas\u00bb de su \u00abamigo\u00bb, el presidente del Gobierno, Pedro S\u00e1nchez, seg\u00fan se refleja en el texto.<\/p>\n<p>    En este contexto, cabe recordar que el v\u00ednculo del directivo con el PSOE se remonta a la etapa de Jos\u00e9 Luis Rodr\u00edguez Zapatero como presidente del Gobierno, dado que Marc Murtra ejerci\u00f3 como jefe de gabinete del que fuera ministro de Industria entre 2006 y 2008, Joan Clos, quien tambi\u00e9n fue alcalde de Barcelona por el Partido de los Socialistas de Catalu\u00f1a (PSC).<\/p>\n","protected":false},"excerpt":{"rendered":"Archivo &#8211; El presidente de Telef\u00f3nica, Marc Murtra, presenta el nuevo plan estrat\u00e9gico de Telef\u00f3nica, a 4 de&hellip;\n","protected":false},"author":2,"featured_media":273342,"comment_status":"","ping_status":"","sticky":false,"template":"","format":"standard","meta":{"footnotes":""},"categories":[80],"tags":[82,95,94,25,24,23],"class_list":{"0":"post-273341","1":"post","2":"type-post","3":"status-publish","4":"format-standard","5":"has-post-thumbnail","7":"category-economia","8":"tag-business","9":"tag-economia","10":"tag-economy","11":"tag-es","12":"tag-espana","13":"tag-spain"},"share_on_mastodon":{"url":"https:\/\/pubeurope.com\/@es\/115669571290537018","error":""},"_links":{"self":[{"href":"https:\/\/www.europesays.com\/es\/wp-json\/wp\/v2\/posts\/273341","targetHints":{"allow":["GET"]}}],"collection":[{"href":"https:\/\/www.europesays.com\/es\/wp-json\/wp\/v2\/posts"}],"about":[{"href":"https:\/\/www.europesays.com\/es\/wp-json\/wp\/v2\/types\/post"}],"author":[{"embeddable":true,"href":"https:\/\/www.europesays.com\/es\/wp-json\/wp\/v2\/users\/2"}],"replies":[{"embeddable":true,"href":"https:\/\/www.europesays.com\/es\/wp-json\/wp\/v2\/comments?post=273341"}],"version-history":[{"count":0,"href":"https:\/\/www.europesays.com\/es\/wp-json\/wp\/v2\/posts\/273341\/revisions"}],"wp:featuredmedia":[{"embeddable":true,"href":"https:\/\/www.europesays.com\/es\/wp-json\/wp\/v2\/media\/273342"}],"wp:attachment":[{"href":"https:\/\/www.europesays.com\/es\/wp-json\/wp\/v2\/media?parent=273341"}],"wp:term":[{"taxonomy":"category","embeddable":true,"href":"https:\/\/www.europesays.com\/es\/wp-json\/wp\/v2\/categories?post=273341"},{"taxonomy":"post_tag","embeddable":true,"href":"https:\/\/www.europesays.com\/es\/wp-json\/wp\/v2\/tags?post=273341"}],"curies":[{"name":"wp","href":"https:\/\/api.w.org\/{rel}","templated":true}]}}