{"id":273354,"date":"2025-12-05T23:43:14","date_gmt":"2025-12-05T23:43:14","guid":{"rendered":"https:\/\/www.europesays.com\/es\/273354\/"},"modified":"2025-12-05T23:43:14","modified_gmt":"2025-12-05T23:43:14","slug":"soy-un-gran-fan-me-encanta-el-pais","status":"publish","type":"post","link":"https:\/\/www.europesays.com\/es\/273354\/","title":{"rendered":"Soy un gran fan. Me encanta el pa\u00eds"},"content":{"rendered":"<p class=\"ft-text\"><strong>Estados Unidos albergar\u00e1 este verano el <\/strong><strong>Mundial de F\u00fatbol de 2026<\/strong>, un torneo que comparten con M\u00e9xico y Canad\u00e1. El presidente Donald Trump ha acudido este viernes al sorteo, donde ha asegurado que su<strong> pa\u00eds est\u00e1 \u00abpreparado\u00bb para este gran evento. <\/strong><\/p>\n<p class=\"ft-text\">\u00abEstamos preparados para esto\u00bb, dijo Trump preguntado por los periodistas en la <strong>alfombra roja del Centro Kennedy de Washington<\/strong>, donde tendr\u00e1 lugar la ceremonia. El mandatario asegur\u00f3 que es \u00abun gran d\u00eda\u00bb, tanto para el deporte como para su pa\u00eds, y avanz\u00f3 que el <strong>Mundial va a ser \u00abfant\u00e1stico\u00bb.<\/strong><\/p>\n<p class=\"ft-text\"><strong>Trump recibi\u00f3 un premio<\/strong><strong> que la <\/strong><a class=\"ft-link ft-link--decoration\" href=\"https:\/\/www.sport.es\/es\/temas\/fifa-1837338\" rel=\"nofollow noopener\" target=\"_blank\"><strong>FIFA <\/strong><\/a><strong>se invent\u00f3 oportunamente <\/strong>justo antes del Mundial de Estados Unidos, M\u00e9xico y Canad\u00e1, para rendir homenaje a una personalidad que opere en favor de la concordia mundial. Adem\u00e1s, a<strong>dmiti\u00f3 que Espa\u00f1a es una de las candidatas a ganar el Mundial.<\/strong><\/p>\n<p class=\"ft-text\"><strong>\u00abEspa\u00f1a es sin duda una de las favoritas<\/strong>\u00ab, ha asegurado Trump al ser preguntado en la alfombra roja. \u00abSon un gran equipo, siempre lo han sido. <strong>Soy un gran fan de Espa\u00f1a. Me encanta el pa\u00eds. Dir\u00eda que tiene una muy buena oportunidad\u00bb,<\/strong> ha a\u00f1adido.<\/p>\n<p class=\"ft-text\">Aunque el f\u00fatbol, o \u00absoccer\u00bb como se le conoce en Estados Unidos, no es uno de los deportes favoritos de Trump, el mandatario de 79 a\u00f1os no pod\u00eda desperdiciar la <strong>ocasi\u00f3n de codearse con estrellas y recibir un homenaje en su propia casa.<\/strong><\/p>\n","protected":false},"excerpt":{"rendered":"Estados Unidos albergar\u00e1 este verano el Mundial de F\u00fatbol de 2026, un torneo que comparten con M\u00e9xico y&hellip;\n","protected":false},"author":2,"featured_media":273355,"comment_status":"","ping_status":"","sticky":false,"template":"","format":"standard","meta":{"footnotes":""},"categories":[268],"tags":[168,352,25,24,2501,629,22473,280,282,2000,32463,1988,281,23,167,936],"class_list":{"0":"post-273354","1":"post","2":"type-post","3":"status-publish","4":"format-standard","5":"has-post-thumbnail","7":"category-futbol","8":"tag-deportes","9":"tag-donald-trump","10":"tag-es","11":"tag-espana","12":"tag-espanola","13":"tag-estados-unidos","14":"tag-favorita","15":"tag-football","16":"tag-futbol","17":"tag-ganar","18":"tag-mundial-2026","19":"tag-seleccion","20":"tag-soccer","21":"tag-spain","22":"tag-sports","23":"tag-trump"},"share_on_mastodon":{"url":"https:\/\/pubeurope.com\/@es\/115669618148970006","error":""},"_links":{"self":[{"href":"https:\/\/www.europesays.com\/es\/wp-json\/wp\/v2\/posts\/273354","targetHints":{"allow":["GET"]}}],"collection":[{"href":"https:\/\/www.europesays.com\/es\/wp-json\/wp\/v2\/posts"}],"about":[{"href":"https:\/\/www.europesays.com\/es\/wp-json\/wp\/v2\/types\/post"}],"author":[{"embeddable":true,"href":"https:\/\/www.europesays.com\/es\/wp-json\/wp\/v2\/users\/2"}],"replies":[{"embeddable":true,"href":"https:\/\/www.europesays.com\/es\/wp-json\/wp\/v2\/comments?post=273354"}],"version-history":[{"count":0,"href":"https:\/\/www.europesays.com\/es\/wp-json\/wp\/v2\/posts\/273354\/revisions"}],"wp:featuredmedia":[{"embeddable":true,"href":"https:\/\/www.europesays.com\/es\/wp-json\/wp\/v2\/media\/273355"}],"wp:attachment":[{"href":"https:\/\/www.europesays.com\/es\/wp-json\/wp\/v2\/media?parent=273354"}],"wp:term":[{"taxonomy":"category","embeddable":true,"href":"https:\/\/www.europesays.com\/es\/wp-json\/wp\/v2\/categories?post=273354"},{"taxonomy":"post_tag","embeddable":true,"href":"https:\/\/www.europesays.com\/es\/wp-json\/wp\/v2\/tags?post=273354"}],"curies":[{"name":"wp","href":"https:\/\/api.w.org\/{rel}","templated":true}]}}