{"id":273364,"date":"2025-12-05T23:51:13","date_gmt":"2025-12-05T23:51:13","guid":{"rendered":"https:\/\/www.europesays.com\/es\/273364\/"},"modified":"2025-12-05T23:51:13","modified_gmt":"2025-12-05T23:51:13","slug":"el-pico-de-la-gripe-amenaza-las-navidades-en-valencia","status":"publish","type":"post","link":"https:\/\/www.europesays.com\/es\/273364\/","title":{"rendered":"El pico de la gripe amenaza las Navidades en Valencia"},"content":{"rendered":"<p>La progresi\u00f3n de los contagios de gripe sigue completamente al alza en Valencia, y el gr\u00e1fico es todav\u00eda m\u00e1s agresivo que el de la campa\u00f1a  &#8230; pasada. Pero con la diferencia que esta vez se ha adelantado un mes. El pico se alcanz\u00f3 a finales de enero, por lo que en esta ocasi\u00f3n puede llegar en los \u00faltimos d\u00edas de diciembre. Viendo <a href=\"https:\/\/www.lasprovincias.es\/comunitat\/virus-disparan-ninos-dos-semanas-sobrepasan-pediatras-20251203150051-nt.html\" title=\"www.lasprovincias.es\" data-voc-vtm-id=\"in-text-traffic\" data-mrf-link=\"www.lasprovincias.es\" rel=\"nofollow noopener\" target=\"_blank\">la evoluci\u00f3n de las infecciones en la Comunitat<\/a>, los expertos avisan de que es muy previsible que las cifras m\u00e1s altas de incidencia de la gripe lleguen en plenas Navidades, y que se mantengan m\u00e1s tiempo o incluso superen a las de la temporada pasada.<\/p>\n<p class=\"v-p\">En los \u00faltimos d\u00edas de enero de 2025 se lleg\u00f3 a una tasa de 400 casos por 100.000 habitantes, y para encontrar unas cifras similares a las actuales (110 esta semana) hay que buscarlas entre el final de 2024 y la primera semana de este a\u00f1o. Es decir, la gripe tard\u00f3 un mes en alcanzar su pico. En esta ocasi\u00f3n los datos actuales pertenecen a la semana 48, del 24 al 30 de noviembre, por lo que un mes despu\u00e9s, ese apogeo de contagios coincidir\u00eda con el pleno periodo navide\u00f1o, si la curva se comporta igual que la temporada pasada.<\/p>\n<p><a href=\"http:\/\/www.lasprovincias.es\/comunitat\/resurgir-mascarilla-20251204152523-nt.html#vtm_modulosEngag=mod-rel:comunitat:noticia:1:cmp:1-not\" class=\"v-a-link\" aria-label=\"Imagen\" rel=\"nofollow noopener\" target=\"_blank\"><\/p>\n<p><img decoding=\"async\" loading=\"lazy\" src=\"https:\/\/www.europesays.com\/es\/wp-content\/uploads\/2025\/12\/1503717716-U64452531483ALm-366x256@Las Provincias.jpg\" class=\"v-a-img\" width=\"258\" height=\"180\" alt=\"\" data-voc-vtm-id=\"in-text-traffic\"\/><\/p>\n<p><\/a><\/p>\n<p class=\"v-p\">Para la presidenta de la Sociedad Valenciana de Medicina Familiar y Comunitaria (SoVaMFiC), Mar\u00eda \u00c1ngeles Medina, \u00abno es algo exacto pero es muy previsible que as\u00ed ocurra\u00bb, se\u00f1ala, por lo que apunta: \u00abHay que ser precavidos, porque podemos alterar esta curva ascendente si ahora extremamos la prevenci\u00f3n\u00bb. En la misma l\u00ednea, Fernando Navarro, experto en infecciones respiratorias y m\u00e9dico de familia del centro de salud Plaza Segovia de Valencia, considera tambi\u00e9n que \u00abes previsible que la gripe se mantenga en cifras muy altas en Navidades y que incluso superemos las del a\u00f1o pasado en cuanto a contagios\u00bb, expresa.<\/p>\n<p class=\"v-p\">Hay muchos factores que pueden hacer que esa evoluci\u00f3n de la curva se frene o en cambio siga dispar\u00e1ndose. Se trata de medidas muy presentes entre la poblaci\u00f3n desde la pandemia del Covid. \u00abLo podemos hacer estimulando hacia la vacunaci\u00f3n y con el uso de las mascarillas, lavado de manos, distancia social, ventilaci\u00f3n de sitios cerrados y el resto de medidas que aprendimos en 2020. Parece que se nos ha olvidado pero los virus respiratorios funcionan igual\u00bb, indica Medina. \u00abSi estamos enfermos es mejor no ir a visitar a una persona vulnerable, ponerse la mascarilla para entrar a un centro sanitario, porque en la sala de espera puedo contagiar a personas vulnerables que han ido a su m\u00e9dico por otra cosa. Al final es sentido com\u00fan y solidaridad y entre todos podemos frenar un poco este ascenso\u00bb, destaca la facultativa.<\/p>\n<p class=\"v-p\">Adem\u00e1s, Navarro a\u00f1ade que con la actual curva \u00abno significa que los contagios cuando lleguen a su punto m\u00e1ximo no se mantengan, incluso pueden superar los del a\u00f1o pasado. Por eso es importante completar la vacunaci\u00f3n para evitar casos graves, proteger a los vulnerables, si se tienen s\u00edntomas evitar los contactos y colocarse la mascarilla\u00bb, destaca el m\u00e9dico del departamento Doctor Peset. \u00abAunque la curva del a\u00f1o pasado fuese un pico, este a\u00f1o puede ser m\u00e1s alto o una meseta, en la que se estabilicen los contagios en un punto muy alto, y eso tensionar\u00eda mucho la situaci\u00f3n\u00bb, alerta.<\/p>\n<p>Nueva variante de gripe<\/p>\n<p class=\"v-p\">De hecho, el facultativo detalla que la novedad de esta ocasi\u00f3n est\u00e1 siendo la subvariante K de la gripe A, que es la que m\u00e1s se est\u00e1 desarrollando ahora. \u00abVeremos c\u00f3mo impacta, porque no est\u00e1 formulada en las vacunas antigripales actuales, quiz\u00e1 est\u00e1 siendo m\u00e1s contagiosa por eso. Hay cierta inmunidad pero no tanto como en las variantes cl\u00e1sicas\u00bb, asegura. \u00abTiene mayor capacidad de propagaci\u00f3n, aunque de momento no se ha visto que sea m\u00e1s grave que las otras, pero s\u00ed produce m\u00e1s contagios\u00bb, a\u00f1ade.<\/p>\n<p class=\"v-p\">Por su parte \u00c1ngel Valls, facultativo del centro de salud Rep\u00fablica Argentina de Valencia, considera que este a\u00f1o \u00abha pillado a mucha gente desprevenida que no se ha vacunado porque se ha adelantado la gripe, lo normal es a finales de diciembre y este a\u00f1o ha venido a mediados de noviembre\u00bb y pronostica que quedan al menos dos semanas para llegar a ese pico. \u00abEntre los ni\u00f1os se ha disparado, y como secretan el virus m\u00e1s tiempo, eso significa que en dos o tres semanas lo van a contagiar y va a haber un aumento en adultos, sobre todo hay que tener cuidado con los mayores de 65 a\u00f1os, que tienen m\u00e1s riego de hospitalizaci\u00f3n\u00bb, asegura.<\/p>\n<p class=\"v-p\">Medina insiste en las medidas de prevenci\u00f3n para revertir esta din\u00e1mica. \u00abSi la ciudadan\u00eda toma conciencia del fen\u00f3meno que supone una epidemia de gripe, como son d\u00edas perdidos de trabajo, de poder estar con la familia en Navidades, hospitalizaciones, ingresos, tener que acudir a Urgencias, tal vez entre todos podamos parar un poco la curva y que pasemos tranquilos las fiestas\u00bb, indica. <\/p>\n","protected":false},"excerpt":{"rendered":"La progresi\u00f3n de los contagios de gripe sigue completamente al alza en Valencia, y el gr\u00e1fico es todav\u00eda&hellip;\n","protected":false},"author":2,"featured_media":273365,"comment_status":"","ping_status":"","sticky":false,"template":"","format":"standard","meta":{"footnotes":""},"categories":[92],"tags":[4213,25,24,7749,165,34095,11658,166,23,235],"class_list":{"0":"post-273364","1":"post","2":"type-post","3":"status-publish","4":"format-standard","5":"has-post-thumbnail","7":"category-salud","8":"tag-amenaza","9":"tag-es","10":"tag-espana","11":"tag-gripe","12":"tag-health","13":"tag-navidades","14":"tag-pico","15":"tag-salud","16":"tag-spain","17":"tag-valencia"},"share_on_mastodon":{"url":"https:\/\/pubeurope.com\/@es\/115669650469646301","error":""},"_links":{"self":[{"href":"https:\/\/www.europesays.com\/es\/wp-json\/wp\/v2\/posts\/273364","targetHints":{"allow":["GET"]}}],"collection":[{"href":"https:\/\/www.europesays.com\/es\/wp-json\/wp\/v2\/posts"}],"about":[{"href":"https:\/\/www.europesays.com\/es\/wp-json\/wp\/v2\/types\/post"}],"author":[{"embeddable":true,"href":"https:\/\/www.europesays.com\/es\/wp-json\/wp\/v2\/users\/2"}],"replies":[{"embeddable":true,"href":"https:\/\/www.europesays.com\/es\/wp-json\/wp\/v2\/comments?post=273364"}],"version-history":[{"count":0,"href":"https:\/\/www.europesays.com\/es\/wp-json\/wp\/v2\/posts\/273364\/revisions"}],"wp:featuredmedia":[{"embeddable":true,"href":"https:\/\/www.europesays.com\/es\/wp-json\/wp\/v2\/media\/273365"}],"wp:attachment":[{"href":"https:\/\/www.europesays.com\/es\/wp-json\/wp\/v2\/media?parent=273364"}],"wp:term":[{"taxonomy":"category","embeddable":true,"href":"https:\/\/www.europesays.com\/es\/wp-json\/wp\/v2\/categories?post=273364"},{"taxonomy":"post_tag","embeddable":true,"href":"https:\/\/www.europesays.com\/es\/wp-json\/wp\/v2\/tags?post=273364"}],"curies":[{"name":"wp","href":"https:\/\/api.w.org\/{rel}","templated":true}]}}