{"id":273372,"date":"2025-12-05T23:56:08","date_gmt":"2025-12-05T23:56:08","guid":{"rendered":"https:\/\/www.europesays.com\/es\/273372\/"},"modified":"2025-12-05T23:56:08","modified_gmt":"2025-12-05T23:56:08","slug":"asociaciones-ganaderas-confirman-el-inicio-del-sacrificio-de-cerdos-sanos-de-las-granjas-cerca-del-foco-de-la-peste-porcina","status":"publish","type":"post","link":"https:\/\/www.europesays.com\/es\/273372\/","title":{"rendered":"Asociaciones ganaderas confirman el inicio del sacrificio de cerdos sanos de las granjas cerca del foco de la peste porcina"},"content":{"rendered":"<p>El Gobierno catal\u00e1n ha llegado a un acuerdo con representantes del sector porcino para empezar a sacrificar a partir de la pr\u00f3xima semana los cerdos sanos de las granjas situadas en la zona de vigilancia del foco de la peste porcina africana (PPA) en Barcelona, han informado fuentes del sector.<\/p>\n<p>La medida <strong>afecta a unos 30.000 cerdos de las 39 granjas<\/strong> que se encuentran en el per\u00edmetro de vigilancia de 20 kil\u00f3metros para evitar la expansi\u00f3n del <a href=\"https:\/\/www.rtve.es\/noticias\/20251202\/gobierno-eleva-a-nueve-jabalies-contagiados-por-peste-porcina-africana-barcelona\/16841769.shtml\" target=\"_blank\" rel=\"nofollow noopener\">foco de PPA detectado en jabal\u00edes en la sierra de Collserola<\/a>, en Barcelona.<\/p>\n<p>Seg\u00fan han informado representantes del sindicato agrario Asaja y de la Federaci\u00f3n de Cooperativas Agrarias de Catalu\u00f1a al t\u00e9rmino de una reuni\u00f3n con representantes del Govern, <strong>se ha encontrado ya un matadero para sacrificar estos cerdos<\/strong>.<\/p>\n<p>En la reuni\u00f3n han participado por parte del ejecutivo catal\u00e1n el conseller de Presidencia, Albert Dalmau; el conseller de Agricultura, Ganader\u00eda, Pesca y Alimentaci\u00f3n, \u00d2scar Ordeig, y la consellera de Investigaci\u00f3n y Universidades, N\u00faria Montserrat.<\/p>\n<p>Los representantes del sector porcino han evitado especular sobre el origen del brote de peste porcina africana detectado en jabal\u00edes y de la <a href=\"https:\/\/www.rtve.es\/noticias\/20251205\/ministerio-agricultura-abre-nueva-investigacion-para-averiguar-origen-del-brote-peste-porcina\/16847407.shtml\" target=\"_blank\" rel=\"nofollow noopener\">posibilidad de que saliera de un laboratorio<\/a>.<\/p>\n","protected":false},"excerpt":{"rendered":"El Gobierno catal\u00e1n ha llegado a un acuerdo con representantes del sector porcino para empezar a sacrificar a&hellip;\n","protected":false},"author":2,"featured_media":273373,"comment_status":"","ping_status":"","sticky":false,"template":"","format":"standard","meta":{"footnotes":""},"categories":[8],"tags":[17,18,25,24,13,14,11,19,20,9,10,15,16,23,12,21,22],"class_list":{"0":"post-273372","1":"post","2":"type-post","3":"status-publish","4":"format-standard","5":"has-post-thumbnail","7":"category-espana","8":"tag-breaking-news","9":"tag-breakingnews","10":"tag-es","11":"tag-espana","12":"tag-featured-news","13":"tag-featurednews","14":"tag-headlines","15":"tag-latest-news","16":"tag-latestnews","17":"tag-news","18":"tag-noticias","19":"tag-noticias-destacadas","20":"tag-noticiasdestacadas","21":"tag-spain","22":"tag-titulares","23":"tag-ultimas-noticias","24":"tag-ultimasnoticias"},"share_on_mastodon":{"url":"https:\/\/pubeurope.com\/@es\/115669669377057001","error":""},"_links":{"self":[{"href":"https:\/\/www.europesays.com\/es\/wp-json\/wp\/v2\/posts\/273372","targetHints":{"allow":["GET"]}}],"collection":[{"href":"https:\/\/www.europesays.com\/es\/wp-json\/wp\/v2\/posts"}],"about":[{"href":"https:\/\/www.europesays.com\/es\/wp-json\/wp\/v2\/types\/post"}],"author":[{"embeddable":true,"href":"https:\/\/www.europesays.com\/es\/wp-json\/wp\/v2\/users\/2"}],"replies":[{"embeddable":true,"href":"https:\/\/www.europesays.com\/es\/wp-json\/wp\/v2\/comments?post=273372"}],"version-history":[{"count":0,"href":"https:\/\/www.europesays.com\/es\/wp-json\/wp\/v2\/posts\/273372\/revisions"}],"wp:featuredmedia":[{"embeddable":true,"href":"https:\/\/www.europesays.com\/es\/wp-json\/wp\/v2\/media\/273373"}],"wp:attachment":[{"href":"https:\/\/www.europesays.com\/es\/wp-json\/wp\/v2\/media?parent=273372"}],"wp:term":[{"taxonomy":"category","embeddable":true,"href":"https:\/\/www.europesays.com\/es\/wp-json\/wp\/v2\/categories?post=273372"},{"taxonomy":"post_tag","embeddable":true,"href":"https:\/\/www.europesays.com\/es\/wp-json\/wp\/v2\/tags?post=273372"}],"curies":[{"name":"wp","href":"https:\/\/api.w.org\/{rel}","templated":true}]}}