{"id":273374,"date":"2025-12-05T23:57:09","date_gmt":"2025-12-05T23:57:09","guid":{"rendered":"https:\/\/www.europesays.com\/es\/273374\/"},"modified":"2025-12-05T23:57:09","modified_gmt":"2025-12-05T23:57:09","slug":"el-sorteo-del-mundial-de-futbol-2026-en-imagenes-el-pais","status":"publish","type":"post","link":"https:\/\/www.europesays.com\/es\/273374\/","title":{"rendered":"El sorteo del Mundial de F\u00fatbol 2026, en im\u00e1genes &#8211; EL PA\u00cdS"},"content":{"rendered":"<ol>\n<li><a href=\"https:\/\/news.google.com\/rss\/articles\/CBMisAFBVV95cUxQVGpKVlFiN3ZONXU1eXh0SENNVE5iMnRzcGQzTU5sWXItOXVORDRpcUpteGZNX0ctbXdoNjFhVGRkSWY5dmp0LVItNE02dENwaEhYZGxIRWlIRWFISkk3RG9TSk40MFJZOUpEX3M3eWYzeVcxLUpvZEYtcUFQbXE5SWtfb0RDSUpCME5SbXdIVEhLdmhORW9vZ2txMzAxTGZuQUNBV3RrSm1Kdjlfd3JFNA?oc=5\" target=\"_blank\" rel=\"nofollow noopener\">El sorteo del Mundial de F\u00fatbol 2026, en im\u00e1genes<\/a>&nbsp;&nbsp;EL PA\u00cdS<\/li>\n<li><a href=\"https:\/\/news.google.com\/rss\/articles\/CBMizwFBVV95cUxPYlZ6aXJLcjkwaVRzekQtWWR5LTB1Q2xpbGQzenNMRW11WHNuWlVBT1R1anJPRjBKUnBQLTNYSHhCLURVVFhCVVRUS1VUTFB4NThFVUtFa3JRZjY1a0pwYkhNUFFoQXpZX2ZacGZMcnRyOEdVNHFjN3NFeHZxSmdHeVFlVk8zVDZwdGRWNEJQdFRUcmZXXzhMYkJTQ01ZdVhFdzlWb0ZRbnhwc09mcXJXSnREdTJ1M1NhRjhGYzBwUkhFc0lrMnVNOGlzOFp0Ulk?oc=5\" target=\"_blank\" rel=\"nofollow noopener\">As\u00ed quedan los grupos del Mundial 2026: partidos, emparejamientos y cuadro de la Copa del Mundo<\/a>&nbsp;&nbsp;Diario AS<\/li>\n<li><a href=\"https:\/\/news.google.com\/rss\/articles\/CBMi5wFBVV95cUxQeENZemx4Si1kNDEtUVZKOVRDXzdpOWg3RjA0cExwek9xSzRPZkI1WE4wUGs1OXZidmtWSnNPUER2Y05UazJacVpaMUxjcE1SeUstYWUtdWgyVDBiNjBxd3E4Mnp3ZmpuRXlQUkJUT1pJNjVNU0JjMVozWl9Kc1R4dFRaZTNmb0F0TUVrRUhMVXJhM0xsdVAyeUtuNlFkVzhvdmkzTVpYMWlVMDkybkpkZUJ5elJLNW85M2RiVmlvZ1p3aWRLVTMwY0tYSlJWXzBzV1RVWUYwSUMxcTFmcHNuanYxbkN5STTSAecBQVVfeXFMTjZ6SUs5b1RxbVRhREFveTBfaUVlSzBPYUV3WWVjQm1qWlRVRDFadkdWalhBaUItMk1pUDRqeWRPQmxaRlRMWUpvdGIzOU5lTWlXRWNPWjJvb0paMWl1VE1mLXF3TkVkLVUyMzR1NVQ3WDFJc2pqVWNXOVBOMWxDRzEzNklVUC1WVWxEODNSZnRReTlscDF2M1NWbmlaQUZkT3lnc05MQnFCZElSb3FoSm9uNG9GMVliZzFuVXBkekJqZnI5ckxjX00zM0t3ZE1ROEFERzAza200TUlxSldfUjh2SHoyTy13?oc=5\" target=\"_blank\" rel=\"nofollow noopener\">Las voces de Onda Cero analizan el grupo de Espa\u00f1a en el Mundial: \u00abEs para estar contentos\u00bb<\/a>&nbsp;&nbsp;Onda Cero<\/li>\n<li><a href=\"https:\/\/news.google.com\/rss\/articles\/CBMixwFBVV95cUxOTXNMWXJnV0FleXhSTFFmTEp5enNzZjMtTTEza29rRnZRRmxfbldDSWdtc3hZT2kzQURHLVVmVDZoQk44dHR3VkNjMXRuUjYzRzk1a0VjYm1WT19uT3dBcUJXbWk3NjNCckZqNnNEUEt4a0EtVHE3SnBhSTFMWml5eXRpcXppYlQ5S2dKb0NycTZ6cThJRXFGZkVvYkJMZ3JodHF2WERfdGxnWXc0ODhIWUloeW4zZ1JWSGVDNzBnN19VdnZ5YVE4?oc=5\" target=\"_blank\" rel=\"nofollow noopener\">Respira Espa\u00f1a: un grupo asequible para la favorita en el Mundial 2026<\/a>&nbsp;&nbsp;EL PA\u00cdS<\/li>\n<li><a href=\"https:\/\/news.google.com\/rss\/articles\/CBMiugFBVV95cUxPUTdncDdnX0N6Z191WFd3cXFpMDRJMVh3TF85dEtuUFFHVmZMRFNxa05BTDl1TVFCdngzeG94WHhCWmpnR180TlQyZUYxY19kQlplc1Q3QjZBRkllcHJ6M1Rhd05IdFBwR294TS1YbnMyNENtdlktbkh5M2ZvUGNnUXhGRTZkSVZTUDBnX3JaUEhfZ0VyeUsyYUVkUW1DY28wcmgzbjExZ2dhSGNVYTVsY1RXbWdmSkQ3cXc?oc=5\" target=\"_blank\" rel=\"nofollow noopener\">Cabo Verde, Arabia Saud\u00ed y Uruguay, primeros rivales de Espa\u00f1a en su camino hacia la segunda estrella<\/a>&nbsp;&nbsp;RFEF<\/li>\n<\/ol>\n","protected":false},"excerpt":{"rendered":"El sorteo del Mundial de F\u00fatbol 2026, en im\u00e1genes&nbsp;&nbsp;EL PA\u00cdS As\u00ed quedan los grupos del Mundial 2026: partidos,&hellip;\n","protected":false},"author":2,"featured_media":273375,"comment_status":"","ping_status":"","sticky":false,"template":"","format":"standard","meta":{"footnotes":""},"categories":[5],"tags":[17,18,25,24,13,14,11,19,20,9,10,15,16,23,12,21,22],"class_list":{"0":"post-273374","1":"post","2":"type-post","3":"status-publish","4":"format-standard","5":"has-post-thumbnail","7":"category-titulares","8":"tag-breaking-news","9":"tag-breakingnews","10":"tag-es","11":"tag-espana","12":"tag-featured-news","13":"tag-featurednews","14":"tag-headlines","15":"tag-latest-news","16":"tag-latestnews","17":"tag-news","18":"tag-noticias","19":"tag-noticias-destacadas","20":"tag-noticiasdestacadas","21":"tag-spain","22":"tag-titulares","23":"tag-ultimas-noticias","24":"tag-ultimasnoticias"},"share_on_mastodon":{"url":"https:\/\/pubeurope.com\/@es\/115669673148522835","error":""},"_links":{"self":[{"href":"https:\/\/www.europesays.com\/es\/wp-json\/wp\/v2\/posts\/273374","targetHints":{"allow":["GET"]}}],"collection":[{"href":"https:\/\/www.europesays.com\/es\/wp-json\/wp\/v2\/posts"}],"about":[{"href":"https:\/\/www.europesays.com\/es\/wp-json\/wp\/v2\/types\/post"}],"author":[{"embeddable":true,"href":"https:\/\/www.europesays.com\/es\/wp-json\/wp\/v2\/users\/2"}],"replies":[{"embeddable":true,"href":"https:\/\/www.europesays.com\/es\/wp-json\/wp\/v2\/comments?post=273374"}],"version-history":[{"count":0,"href":"https:\/\/www.europesays.com\/es\/wp-json\/wp\/v2\/posts\/273374\/revisions"}],"wp:featuredmedia":[{"embeddable":true,"href":"https:\/\/www.europesays.com\/es\/wp-json\/wp\/v2\/media\/273375"}],"wp:attachment":[{"href":"https:\/\/www.europesays.com\/es\/wp-json\/wp\/v2\/media?parent=273374"}],"wp:term":[{"taxonomy":"category","embeddable":true,"href":"https:\/\/www.europesays.com\/es\/wp-json\/wp\/v2\/categories?post=273374"},{"taxonomy":"post_tag","embeddable":true,"href":"https:\/\/www.europesays.com\/es\/wp-json\/wp\/v2\/tags?post=273374"}],"curies":[{"name":"wp","href":"https:\/\/api.w.org\/{rel}","templated":true}]}}