{"id":273381,"date":"2025-12-06T00:06:09","date_gmt":"2025-12-06T00:06:09","guid":{"rendered":"https:\/\/www.europesays.com\/es\/273381\/"},"modified":"2025-12-06T00:06:09","modified_gmt":"2025-12-06T00:06:09","slug":"manu-fajardo-en-un-betis-de-moda-despierta-interes-en-europa","status":"publish","type":"post","link":"https:\/\/www.europesays.com\/es\/273381\/","title":{"rendered":"Manu Fajardo, en un Betis de moda, despierta inter\u00e9s en Europa"},"content":{"rendered":"<p style=\"\">El <strong>Real Betis<\/strong> atraviesa uno de los momentos m\u00e1s dulces de su historia reciente, consolidado  como un equipo de referencia en el panorama futbol\u00edstico espa\u00f1ol y europeo. M\u00e1s all\u00e1 de una ambiciosa gesti\u00f3n por parte de sus dirigentes y del notable rendimiento del renovado  &#8230; <strong>Pellegrini<\/strong> y sus hombres en las \u00faltimas temporadas, con un t\u00edtulo de Copa y una final de Conference entre algunos de los logros destacados, comienza a llamar la atenci\u00f3n el buen hacer de otros profesionales del club, art\u00edfices igualmente de los \u00e9xitos verdiblancos.<\/p>\n<p class=\"voc-p\" style=\"\">En este sentido, la gesti\u00f3n deportiva del club ha despertado una creciente admiraci\u00f3n en todo el continente. A pesar de las limitaciones financieras, el Real Betis ha logrado conformar una de las plantillas con m\u00e1s talento de LaLiga y la Europa League. En la comisi\u00f3n deportiva verdiblanca resalta el nombre de <strong>Manu Fajardo<\/strong>. Con tan solo 40 a\u00f1os, el actual director deportivo del Betis, que ascendi\u00f3 al cargo tras la marcha de Ram\u00f3n Planes, se ha convertido ya en objeto de deseo de algunos clubes de Europa que no le quintan ojo. En ese departamento, brilla tambi\u00e9n el <strong>secretario t\u00e9cnico, \u00c1lvaro Ladr\u00f3n de Guevara<\/strong>.<\/p>\n<p class=\"voc-p\" style=\"\">Seg\u00fan el periodista especializado en el mercado Matteo Moretto, el <strong>Rangers<\/strong> escoc\u00e9s ya ha sondeado al joven ejecutivo b\u00e9tico para valorar un posible traslado a Glasgow. El inter\u00e9s en <strong>Fajardo<\/strong>, no obstante, no se limita al Reino Unido, ya que desde <strong>Italia<\/strong> tambi\u00e9n siguen de cerca su labor al frente de las contrataciones y la direcci\u00f3n deportiva.<\/p>\n<p class=\"voc-p\" style=\"\">Pese a los cantos de sirena, parece complicado que Fajardo abandone en el corto plazo la disciplina b\u00e9tica. Con un proyecto consolidado, una plantilla satisfecha y la reciente renovaci\u00f3n de Pellegrini, dif\u00edcilmente encontrar\u00e1 mejores alicientes deportivos que los que tiene ahora en casa, con un Betis poderoso peleando en LaLiga, la Copa y la Europa League por grandes objetivos. Fajardo est\u00e1 <strong>feliz y comprometido con el proyecto verdiblanco<\/strong>.<\/p>\n<p>\nFichajes estrat\u00e9gicos y mirada al mercado invernal\n<\/p>\n<p class=\"voc-p\" style=\"\">Desde que asumi\u00f3 el puesto de director deportivo en <strong>2024<\/strong>, Fajardo ha orquestado operaciones de gran calado. Entre sus aciertos junto a la comisi\u00f3n deportiva destacan la cesi\u00f3n con posterior compra de una estrella mundial como Antony, la gesti\u00f3n en fichajes importantes como Diego Llorente, Giovani Lo Celso, Cucho Hern\u00e1ndez, Valent\u00edn G\u00f3mez, la compra de Natan, o el propio \u00c1lvaro Valles, que regres\u00f3 como agente libre, o la exitosas ventas de Chadi Riad, Johnny Cardoso o Jes\u00fas Rodr\u00edguez, que generaron importantes plusval\u00edas sin que el equipo se resintiera deportivamente.<\/p>\n<p class=\"voc-p\" style=\"\">De cara al inminente mercado de fichajes de enero, el Betis se mueve. Pellegrini est\u00e1 contento con la plantilla, pero la inminente marcha de Ez Abde y Cedric Bakambu para disputar la Copa de \u00c1frica activa los resortes de la direcci\u00f3n deportiva en busca de soluciones para la <strong>delantera<\/strong>, una posici\u00f3n que ya se medit\u00f3 apuntalar en el mercado estival. Lleg\u00f3 el joven Gonzalo Petit, que fue cedido al Mirand\u00e9s.<\/p>\n","protected":false},"excerpt":{"rendered":"El Real Betis atraviesa uno de los momentos m\u00e1s dulces de su historia reciente, consolidado como un equipo&hellip;\n","protected":false},"author":2,"featured_media":273382,"comment_status":"","ping_status":"","sticky":false,"template":"","format":"standard","meta":{"footnotes":""},"categories":[268],"tags":[291,168,11470,25,24,700,19463,280,282,9478,7565,1023,281,23,167],"class_list":{"0":"post-273381","1":"post","2":"type-post","3":"status-publish","4":"format-standard","5":"has-post-thumbnail","7":"category-futbol","8":"tag-betis","9":"tag-deportes","10":"tag-despierta","11":"tag-es","12":"tag-espana","13":"tag-europa","14":"tag-fajardo","15":"tag-football","16":"tag-futbol","17":"tag-interes","18":"tag-manu","19":"tag-moda","20":"tag-soccer","21":"tag-spain","22":"tag-sports"},"share_on_mastodon":{"url":"https:\/\/pubeurope.com\/@es\/115669708793924917","error":""},"_links":{"self":[{"href":"https:\/\/www.europesays.com\/es\/wp-json\/wp\/v2\/posts\/273381","targetHints":{"allow":["GET"]}}],"collection":[{"href":"https:\/\/www.europesays.com\/es\/wp-json\/wp\/v2\/posts"}],"about":[{"href":"https:\/\/www.europesays.com\/es\/wp-json\/wp\/v2\/types\/post"}],"author":[{"embeddable":true,"href":"https:\/\/www.europesays.com\/es\/wp-json\/wp\/v2\/users\/2"}],"replies":[{"embeddable":true,"href":"https:\/\/www.europesays.com\/es\/wp-json\/wp\/v2\/comments?post=273381"}],"version-history":[{"count":0,"href":"https:\/\/www.europesays.com\/es\/wp-json\/wp\/v2\/posts\/273381\/revisions"}],"wp:featuredmedia":[{"embeddable":true,"href":"https:\/\/www.europesays.com\/es\/wp-json\/wp\/v2\/media\/273382"}],"wp:attachment":[{"href":"https:\/\/www.europesays.com\/es\/wp-json\/wp\/v2\/media?parent=273381"}],"wp:term":[{"taxonomy":"category","embeddable":true,"href":"https:\/\/www.europesays.com\/es\/wp-json\/wp\/v2\/categories?post=273381"},{"taxonomy":"post_tag","embeddable":true,"href":"https:\/\/www.europesays.com\/es\/wp-json\/wp\/v2\/tags?post=273381"}],"curies":[{"name":"wp","href":"https:\/\/api.w.org\/{rel}","templated":true}]}}