{"id":273395,"date":"2025-12-06T00:15:19","date_gmt":"2025-12-06T00:15:19","guid":{"rendered":"https:\/\/www.europesays.com\/es\/273395\/"},"modified":"2025-12-06T00:15:19","modified_gmt":"2025-12-06T00:15:19","slug":"de-conocerse-en-el-rodaje-de-la-pelicula-idolos-a-presumir-de-su-relacion","status":"publish","type":"post","link":"https:\/\/www.europesays.com\/es\/273395\/","title":{"rendered":"de conocerse en el rodaje de la pel\u00edcula &#8216;\u00cddolos&#8217; a presumir de su relaci\u00f3n"},"content":{"rendered":"<p style=\"\"><strong>\u00d3scar Casas<\/strong> (Barcelona, 1998) se ha convertido en uno de los actores j\u00f3venes del momento. A sus 27 a\u00f1os, el catal\u00e1n est\u00e1 siguiendo los pasos de <strong>su hermano Mario<\/strong> y conquistando corazones en la gran y la peque\u00f1a pantalla, no solo por su  &#8230; atractivo, sino tambi\u00e9n por sus <a href=\"https:\/\/www.abc.es\/play\/series\/noticias\/duro-proceso-oscar-casas-convertirse-doble-medallista-20240403175936-nt.html\" title=\"www.abc.es\" data-voc-vtm-id=\"in-text-traffic\" data-mrf-link=\"www.abc.es\" rel=\"nofollow noopener\" target=\"_blank\">dotes interpretativas<\/a>. En los \u00faltimos meses lo hemos visto en papeles tan arriesgados como el de <a href=\"https:\/\/www.abc.es\/gente\/vida-gervasio-deferr-2025-estado-trabajo-actual-infierno-drogas-20250801093219-nt.html\" title=\"www.abc.es\" data-voc-vtm-id=\"in-text-traffic\" data-mrf-link=\"www.abc.es\" rel=\"nofollow noopener\" target=\"_blank\">Gervasio Deferr<\/a> en <strong>&#8216;El gran salto&#8217;<\/strong> y tambi\u00e9n protagonizando la primera pel\u00edcula de su hermano como director, <strong>&#8216;Mi soledad tiene alas&#8217;<\/strong>.<\/p>\n<p class=\"voc-p\" style=\"\">Su \u00faltima apuesta interpretativa apunta a enamorar al gran p\u00fablico en las pr\u00f3ximas semanas. Se trata de <strong>&#8216;Me has robado el coraz\u00f3n&#8217;<\/strong>, una \u00edntima pel\u00edcula de comedia rom\u00e1ntica que Casas protagoniza junto a la actriz <strong>Ana Jara<\/strong> y que llega a los cines espa\u00f1oles este pr\u00f3ximo viernes 5 de diciembre.<\/p>\n<p class=\"voc-p\" style=\"\">Este plano m\u00e1s rom\u00e1ntico en la interpretaci\u00f3n tambi\u00e9n lo hemos visto en su vida diaria. Y es que, desde hace unos meses, el coraz\u00f3n del <a href=\"https:\/\/www.abc.es\/gente\/vida-personal-mario-casas-antiguo-trabajo-desconocido-20250220205519-nt.html\" title=\"www.abc.es\" data-voc-vtm-id=\"in-text-traffic\" data-mrf-link=\"www.abc.es\" rel=\"nofollow noopener\" target=\"_blank\">hermano menor<\/a> de Mario Casas <a href=\"https:\/\/www.abc.es\/gente\/oscar-casas-declara-ana-mena-plena-gala-20251113120732-nt.html\" title=\"www.abc.es\" data-voc-vtm-id=\"in-text-traffic\" data-mrf-link=\"www.abc.es\" rel=\"nofollow noopener\" target=\"_blank\">est\u00e1 ocupado<\/a> por una de las artistas m\u00e1s reconocidas de nuestro pa\u00eds: <strong>la cantante Ana Mena<\/strong>, con la que lleva saliendo desde finales del a\u00f1o 2024.<\/p>\n<p class=\"voc-p\" style=\"\">A pesar de que siempre han tratado de ser discretos y herm\u00e9ticos con su relaci\u00f3n, lo cierto es que son muchos los detalles que han trascendido acerca de la historia de amor que han protagonizado. Repasamos todo lo que debes saber sobre <strong>c\u00f3mo se conocieron Ana Mena y \u00d3scar Casas<\/strong> y lo que se conoce de su romance.<\/p>\n<p>\nC\u00f3mo se conocieron Ana Mena y \u00d3scar Casas\n<\/p>\n<p class=\"voc-p\" style=\"\">Hace apenas un a\u00f1o, <a href=\"https:\/\/www.abc.es\/gente\/ana-mena-exnovio-real-madrid-cambio-fisico-20251008200000-nt.html\" title=\"www.abc.es\" data-voc-vtm-id=\"in-text-traffic\" data-mrf-link=\"www.abc.es\" rel=\"nofollow noopener\" target=\"_blank\">Ana Mena<\/a> admit\u00eda en una reciente visita a &#8216;El Hormiguero&#8217; que <strong>estaba soltera<\/strong>, pero que ten\u00eda muy claras las l\u00edneas rojas que no quer\u00eda en un novio. \u00ab<strong>Que no pare de hablar de su expareja<\/strong>. Eso no pega mucho, como tampoco que no se lleve bien de su familia. Eso no me gustar\u00eda. Que su Instagram est\u00e9 lleno de mujeres a las que sigue, que trate mal al personal que le atiende. Y tampoco que est\u00e9 mirando el m\u00f3vil durante toda la cena\u00bb, le cont\u00f3 a Pablo Motos.<\/p>\n<p class=\"voc-p\" style=\"\">Unas caracter\u00edsticas que no encontr\u00f3 en el que poco despu\u00e9s de convertir\u00eda en su compa\u00f1ero, <strong>el actor \u00d3scar Casas<\/strong>. La pareja se conoci\u00f3 el pasado septiembre de 2024 durante las 10 semanas que dur\u00f3 el <strong>rodaje de la pel\u00edcula &#8216;\u00cddolos&#8217;<\/strong>, que ambos protagonizan y fue all\u00ed donde los dos se enamoraron. En la cinta, que <strong>llegar\u00e1 a los cines el pr\u00f3ximo 2026<\/strong>, el hermano de Mario Casas da vida a un joven piloto de motos muy agresivo en quien ning\u00fan equipo conf\u00eda, mientras que Mena interpreta a Luna, una joven artista que acaba de abrir un sal\u00f3n de tatuajes justo debajo de su casa. <\/p>\n<p class=\"voc-p\" style=\"\">Poco tiempo despu\u00e9s, en diciembre de 2024 la revista \u00a1HOLA! confirmaba la relaci\u00f3n de ambos con unas im\u00e1genes en las que <strong>aparec\u00edan bes\u00e1ndose y en actitud muy cari\u00f1osa<\/strong> el uno con el otro. Desde entonces, han sido vistos juntos en m\u00e1s de una ocasi\u00f3n e incluso han confirmado su relaci\u00f3n a trav\u00e9s de las redes sociales.<\/p>\n<p class=\"voc-p\" style=\"\">Casas se ha dejado ver en alguna ocasi\u00f3n en los conciertos de la malague\u00f1a, mientras que ella acudi\u00f3 hace unos d\u00edas a mostrarle su apoyo en la premiere de <strong>su \u00faltima pel\u00edcula, &#8216;Me has robado el coraz\u00f3n&#8217;<\/strong>, donde el int\u00e9rprete no dud\u00f3 en confesar que la due\u00f1a del suyo era Ana Mena. \u00ab<strong>Mi coraz\u00f3n est\u00e1 robad\u00edsimo<\/strong>\u00bb, dijo despu\u00e9s de que le preguntaran si estaba enamorado. <\/p>\n<p>\nLa bonita declaraci\u00f3n de amor de \u00d3scar Casas a Ana Mena: \u00abTe quiero\u00bb\n<\/p>\n<p class=\"voc-p\" style=\"\">Desde que se diera a conocer la noticia de su romance, la pareja no ha ocultado su amor ni la qu\u00edmica que existe entre ambos. Este verano aprovecharon unos d\u00edas libres en su apretada agenda para <strong>pasar unos d\u00edas en Marruecos<\/strong> y tambi\u00e9n junto a la familia del actor en <strong>El Salvador<\/strong>, donde publicaron tambi\u00e9n sus primeras fotograf\u00edas juntos.<\/p>\n<p class=\"voc-p\" style=\"\">Tal ha sido su conexi\u00f3n que el int\u00e9rprete no dud\u00f3 en declararle su amor a su novia hace unos d\u00edas tras recibir el galard\u00f3n a &#8216;Hombre de A\u00f1o&#8217;. \u00abSi tuviera que agradecer este premio a alguien ser\u00eda a <strong>las mujeres que me inspiran cada d\u00eda<\/strong>\u00bb, comenz\u00f3 diciendo el actor, haciendo referencia a su madre y a su pareja <strong>\u00abA esta chica tan guapa. Te quiero\u00bb<\/strong>, le dijo t\u00edmidamente cogi\u00e9ndola de la mano frente a los presentes. <\/p>\n<p class=\"voc-p\" style=\"\">Meses antes, la int\u00e9rprete de &#8216;Carita triste&#8217; ya hab\u00eda hablado de su relaci\u00f3n, dejando algunas bonitas palabras para el que es ya su novio. \u00ab<strong>Es muy lindo, es ideal, de verdad, es maravilloso \u00e9l<\/strong>\u00bb, dijo la compositora tras ser preguntada por su actual pareja.<\/p>\n<p>\nLas exparejas m\u00e1s medi\u00e1ticas de Ana Mena y \u00d3scar Casas\n<\/p>\n<p class=\"voc-p\" style=\"\">Aunque ahora mantienen una relaci\u00f3n muy consolidada, lo cierto es que, antes de conocerse, <strong>Ana Mena y \u00d3scar Casas<\/strong> tambi\u00e9n hab\u00edan estado en el punto de mira de la prensa rosa por sus <strong>anteriores relaciones<\/strong>. A la cantante, que siempre ha sido muy discreta en lo que a su vida personal respecta, se la ha relacionado en multitud de ocasiones con rostros famosos, como <a href=\"https:\/\/www.abc.es\/gente\/abraham-mateo-novia-formamos-pareja-transparente-20240322161716-nt.html\" title=\"www.abc.es\" data-voc-vtm-id=\"in-text-traffic\" data-mrf-link=\"www.abc.es\" rel=\"nofollow noopener\" target=\"_blank\">su amigo Abraham Mateo<\/a> o, m\u00e1s recientemente, <a href=\"https:\/\/www.abc.es\/gente\/verdad-sobre-encuentros-ana-mena-carlos-alcaraz-20230530175654-nt.html\" title=\"www.abc.es\" data-voc-vtm-id=\"in-text-traffic\" data-mrf-link=\"www.abc.es\" rel=\"nofollow noopener\" target=\"_blank\">el tenista murciano Carlos Alcaraz<\/a>.<\/p>\n<p class=\"voc-p\" style=\"\">A\u00f1os antes de esto, la de Estepona se hab\u00eda dejado ver con el futbolista <strong>Brahim D\u00edaz<\/strong>, actual jugador del Real Madrid, con el que se apunta a que <strong>mantuvo una relaci\u00f3n hace varios a\u00f1os<\/strong>. As\u00ed lo desvelaba en exclusiva la revista Coraz\u00f3n, en la que publicaban unas \u00edntimas im\u00e1genes de la cantante disfrutando de una tarde en el cine junto al mediocentro hispanomarroqu\u00ed. Ella siempre <strong>desminti\u00f3 este idilio<\/strong>, desmarc\u00e1ndose de las fotograf\u00edas con actitud c\u00f3mplice: \u00ab<strong>Me lo tomo a risa. Si es verdad se dice y si no es verdad, tambi\u00e9n<\/strong>. No tengo ning\u00fan problema en responder naturalmente\u00bb.<\/p>\n<p class=\"voc-p\" style=\"\">En cuanto a \u00d3scar Casas, se le hab\u00edan conocido varios amor\u00edos p\u00fablicamente antes de confirmar su romance con la cantante malague\u00f1a. El m\u00e1s medi\u00e1tico fue el que mantuvo con la tambi\u00e9n actriz <strong>Bego\u00f1a Vargas<\/strong>, conocida por &#8216;Las leyes de la frontera&#8217;, &#8216;Berl\u00edn&#8217; o &#8216;Malasa\u00f1a 32&#8217;, con la que mantuvo una relaci\u00f3n de casi tres a\u00f1os, hasta junio de 2021. Durante este tiempo, la pareja protagoniz\u00f3 un <strong>sensual baile viral al ritmo de &#8216;La Rubia&#8217;<\/strong>, el tema de Omar Montes, del que muchos se acuerdan todav\u00eda a d\u00eda de hoy.<\/p>\n<p class=\"voc-p\" style=\"\">Despu\u00e9s de esta sonada ruptura, tras la que el int\u00e9rprete no tuvo m\u00e1s que palabras de admiraci\u00f3n para la que fuera su novia, mantuvo una relaci\u00f3n con otra compa\u00f1era de profesi\u00f3n, <strong>la actriz Candela Gonz\u00e1lez<\/strong>. Ambos se conocieron durante el rodaje de <strong>&#8216;Mi soledad tiene alas&#8217;<\/strong> en septiembre de 2022 y rompieron poco antes de cumplir los dos a\u00f1os, aunque siguen siendo \u00abmuy buenos amigos\u00bb.<\/p>\n","protected":false},"excerpt":{"rendered":"\u00d3scar Casas (Barcelona, 1998) se ha convertido en uno de los actores j\u00f3venes del momento. A sus 27&hellip;\n","protected":false},"author":2,"featured_media":273396,"comment_status":"","ping_status":"","sticky":false,"template":"","format":"standard","meta":{"footnotes":""},"categories":[91],"tags":[1733,683,3738,24912,37670,146,147,25,24,448,40143,28018,2789,1257,4149,7206,23],"class_list":{"0":"post-273395","1":"post","2":"type-post","3":"status-publish","4":"format-standard","5":"has-post-thumbnail","7":"category-entretenimiento","8":"tag-amor","9":"tag-ana","10":"tag-casas","11":"tag-conocerse","12":"tag-declararse","13":"tag-entertainment","14":"tag-entretenimiento","15":"tag-es","16":"tag-espana","17":"tag-historia","18":"tag-idolos","19":"tag-mena","20":"tag-oscar","21":"tag-pelicula","22":"tag-publicamente","23":"tag-rodaje","24":"tag-spain"},"share_on_mastodon":{"url":"https:\/\/pubeurope.com\/@es\/115669743901602133","error":""},"_links":{"self":[{"href":"https:\/\/www.europesays.com\/es\/wp-json\/wp\/v2\/posts\/273395","targetHints":{"allow":["GET"]}}],"collection":[{"href":"https:\/\/www.europesays.com\/es\/wp-json\/wp\/v2\/posts"}],"about":[{"href":"https:\/\/www.europesays.com\/es\/wp-json\/wp\/v2\/types\/post"}],"author":[{"embeddable":true,"href":"https:\/\/www.europesays.com\/es\/wp-json\/wp\/v2\/users\/2"}],"replies":[{"embeddable":true,"href":"https:\/\/www.europesays.com\/es\/wp-json\/wp\/v2\/comments?post=273395"}],"version-history":[{"count":0,"href":"https:\/\/www.europesays.com\/es\/wp-json\/wp\/v2\/posts\/273395\/revisions"}],"wp:featuredmedia":[{"embeddable":true,"href":"https:\/\/www.europesays.com\/es\/wp-json\/wp\/v2\/media\/273396"}],"wp:attachment":[{"href":"https:\/\/www.europesays.com\/es\/wp-json\/wp\/v2\/media?parent=273395"}],"wp:term":[{"taxonomy":"category","embeddable":true,"href":"https:\/\/www.europesays.com\/es\/wp-json\/wp\/v2\/categories?post=273395"},{"taxonomy":"post_tag","embeddable":true,"href":"https:\/\/www.europesays.com\/es\/wp-json\/wp\/v2\/tags?post=273395"}],"curies":[{"name":"wp","href":"https:\/\/api.w.org\/{rel}","templated":true}]}}