{"id":273411,"date":"2025-12-06T00:29:09","date_gmt":"2025-12-06T00:29:09","guid":{"rendered":"https:\/\/www.europesays.com\/es\/273411\/"},"modified":"2025-12-06T00:29:09","modified_gmt":"2025-12-06T00:29:09","slug":"asi-queda-el-grupo-k-de-colombia-en-el-mundial-2026-rivales-de-la-seleccion-fechas-y-sedes-marca","status":"publish","type":"post","link":"https:\/\/www.europesays.com\/es\/273411\/","title":{"rendered":"As\u00ed queda el grupo K de Colombia en el Mundial 2026: rivales de la Selecci\u00f3n, fechas y sedes &#8211; MARCA"},"content":{"rendered":"<ol>\n<li><a href=\"https:\/\/news.google.com\/rss\/articles\/CBMic0FVX3lxTE1EZHFPTWZXQll4X3ozeFJkVVMwV0pPeXF6RWszdXJtTS00X3hsb2ljSEl1amRLb2s1MTd3WEdUZDN5bEdCMjV2blZMUjB6QVBUX3l0enhFWW9TcDJ1UmRmMUF4WUlSV2xzWlpucEhMbFhBQnfSAXNBVV95cUxNLXFQOERKQ0JFdlZ5UnZveFFPNGp4b3g5Vk8xX3pwc1dxaWVhME1ydTI4LTNUTFEySEVfUGFQajVUeUU3dGZZM1l5QXJJSTVGZmVOLTB4VGJoMG01bDYwX3h2cDNld1ZGR3QxbEVjN3duOVp3?oc=5\" target=\"_blank\" rel=\"nofollow noopener\">As\u00ed queda el grupo K de Colombia en el Mundial 2026: rivales de la Selecci\u00f3n, fechas y sedes<\/a>&nbsp;&nbsp;MARCA<\/li>\n<li><a href=\"https:\/\/news.google.com\/rss\/articles\/CBMijwFBVV95cUxPWk9wQkFESVF6eW1uSEt4Q21OaWhBcWJzbE9HbHAtMmQwRENia25BcmNWbHpNTkRQcDJBaEE4MHlrcF9HN1Bub1lGd21xellEUVVCRl9JZEs0RkFxOE1aZlNRNnk5MkZMZVBXVk9BUnNrU3lIV2xYNldzUW92N3c3dEpJQzNrNmRHbldZdFRVdw?oc=5\" target=\"_blank\" rel=\"nofollow noopener\">As\u00ed es el grupo K de Portugal en el Mundial 2026, el \u00faltimo de Cristiano<\/a>&nbsp;&nbsp;MARCA<\/li>\n<li><a href=\"https:\/\/news.google.com\/rss\/articles\/CBMi5gFBVV95cUxNcXExNU1sdHJwVHZVOFROQktoRl9yTnhBVW8xRExFaUtDVkVMZGNmMmlwM09lbDB3T1ZWUUZFZWR3b19oOUZVUXltb1Q2QXVIbXZ2R1JmTlY4WWdzM1hGbmx6TWYtMnljc2VlZHhkeDQxRV85cEMwVHFmZGgwX2dVSHIxMmNqWWhmS3luZ3RzbHFMdnd0OW9WdkxfbVg3Rnlya2hKMXp5RXpoY0FRTEpuR3NYeExaXzI2czA2dTVHZ3BqWHZZQlRuVXMxQUlwb2Z4NXJrXzJXZXJGQmJoNV9lUGxRSkJkdw?oc=5\" target=\"_blank\" rel=\"nofollow noopener\">Colombia se enfrentar\u00e1 a Portugal, Uzbekist\u00e1n y un equipo del repechaje en los grupos del Mundial 2026<\/a>&nbsp;&nbsp;EL PA\u00cdS<\/li>\n<li><a href=\"https:\/\/news.google.com\/rss\/articles\/CBMisAFBVV95cUxQejZIUG5zaHhwUWFTMTdyVUFJRVZ6NmdkbGtSR0Fwcmt5am16NExFRlRZal9WbVNzdXdvVXBtV2RlNjZIVktOMWRTWkRnXzBYLTY4UzRLZS1wUk5zZUcwT3Rld3JnXzBad3c3NUpsbkgzclY1RGdheVNUQS0tdU95MlpXTnpjS1ZqZzNyNDRPSVF2TEVTalhSaXROVm5aOFlySlAzbHdHUlpfX3JUNWJ6OdIBxAFBVV95cUxNRXNyalJmeENsbzlVNGdLeTQ3U0V3dFlpOUZySFdBYVBoMzdBem1oR29ORWx6Y2ZvTGN1SjdtWVNDOUxYbnBPWHNmQnFvVUQ2eGZvOFVmWWVlMHFqaVpwcWdSR3pZSU9wQUtwb1hpb2lYSnpzOHRfUXdCZVBaYmVjTGVsLTdMalZUUURsQzM2VnozMW5JSEQxbHVVeGlvZTNZbHlZT2otTzQ4YXRGRHFGbXFoNWJYenhWVEdsNEV1V1p4OW1G?oc=5\" target=\"_blank\" rel=\"nofollow noopener\">Roberto Mart\u00ednez destaca a Colombia: \u201cTenemos un m\u00e1ximo respeto\u201d<\/a>&nbsp;&nbsp;AS Colombia<\/li>\n<li><a href=\"https:\/\/news.google.com\/rss\/articles\/CBMi1AFBVV95cUxOTHNoWHhPc3A1Vnc3M0lIX3hjNjJ1SXdNRmtjcERaWHU4TzdfNzF2YURVV3lCa1ZLczUyS19pcjZlWjg2UWNVT3hUeTY5OUJsYmloUzhDSV9raTMtVktsSHJGN3lLNG1kdVFzYjA4TFJJR1Rab3BaOEVJOWNvRms4OTd3ak9RYmdTSV9wcEFjNUNQcDVSSmFqZ3M1REt1MS1XMnJXamh6UFAwdTBXZVFWWjVmSFpqeS00ZkMycWpIdXh6UGJJUGFNaUFrSktwaWRtMWV3R9IB4gFBVV95cUxPRWUwS1QzNmRRZGVyeEplR0Q2a3d0VXpxeWN0UW1RbHB5aTY5MExoUkVLT21IQkUtVEVWRE1BNjB2OV9xMDBlT1YxT1ZlZUU3WUJJODJLZGw0YmNuMjY0aFdXNkVUQ3o2SVNaVUxXX0JEZ2tGZVVMZ1NaQ3lyQWZNYUdOX0MteUhDSkdvelFmTmh1LUpYcXplOG81dVprWjlORldCV1QtaGxhSklsZm5SRXBncVpEWjhwTjhBNkxGOXdEdk1NWUVXSHBjRXJPVlkwSG5SUDFHOVBESWNIYVZfd2t3?oc=5\" target=\"_blank\" rel=\"nofollow noopener\">Selecci\u00f3n Colombia en el sorteo del Mundial 2026: \u00bfCu\u00e1l es el grupo ideal y el m\u00e1s dif\u00edcil que le puede tocar?<\/a>&nbsp;&nbsp;Mundo Deportivo<\/li>\n<\/ol>\n","protected":false},"excerpt":{"rendered":"As\u00ed queda el grupo K de Colombia en el Mundial 2026: rivales de la Selecci\u00f3n, fechas y sedes&nbsp;&nbsp;MARCA&hellip;\n","protected":false},"author":2,"featured_media":273412,"comment_status":"","ping_status":"","sticky":false,"template":"","format":"standard","meta":{"footnotes":""},"categories":[268],"tags":[14166,168,25,24,280,282,281,23,167],"class_list":{"0":"post-273411","1":"post","2":"type-post","3":"status-publish","4":"format-standard","5":"has-post-thumbnail","7":"category-futbol","8":"tag-co","9":"tag-deportes","10":"tag-es","11":"tag-espana","12":"tag-football","13":"tag-futbol","14":"tag-soccer","15":"tag-spain","16":"tag-sports"},"share_on_mastodon":{"url":"https:\/\/pubeurope.com\/@es\/115669799172286950","error":""},"_links":{"self":[{"href":"https:\/\/www.europesays.com\/es\/wp-json\/wp\/v2\/posts\/273411","targetHints":{"allow":["GET"]}}],"collection":[{"href":"https:\/\/www.europesays.com\/es\/wp-json\/wp\/v2\/posts"}],"about":[{"href":"https:\/\/www.europesays.com\/es\/wp-json\/wp\/v2\/types\/post"}],"author":[{"embeddable":true,"href":"https:\/\/www.europesays.com\/es\/wp-json\/wp\/v2\/users\/2"}],"replies":[{"embeddable":true,"href":"https:\/\/www.europesays.com\/es\/wp-json\/wp\/v2\/comments?post=273411"}],"version-history":[{"count":0,"href":"https:\/\/www.europesays.com\/es\/wp-json\/wp\/v2\/posts\/273411\/revisions"}],"wp:featuredmedia":[{"embeddable":true,"href":"https:\/\/www.europesays.com\/es\/wp-json\/wp\/v2\/media\/273412"}],"wp:attachment":[{"href":"https:\/\/www.europesays.com\/es\/wp-json\/wp\/v2\/media?parent=273411"}],"wp:term":[{"taxonomy":"category","embeddable":true,"href":"https:\/\/www.europesays.com\/es\/wp-json\/wp\/v2\/categories?post=273411"},{"taxonomy":"post_tag","embeddable":true,"href":"https:\/\/www.europesays.com\/es\/wp-json\/wp\/v2\/tags?post=273411"}],"curies":[{"name":"wp","href":"https:\/\/api.w.org\/{rel}","templated":true}]}}